{"id":42729,"date":"2014-02-04T09:56:27","date_gmt":"2014-02-04T12:56:27","guid":{"rendered":"http:\/\/www.eltrabajo.cl\/portal\/?p=42729"},"modified":"2014-02-04T09:56:27","modified_gmt":"2014-02-04T12:56:27","slug":"hacen-ferviente-llamado-para-defender-la-ermita-y-el-cristo-de-madera","status":"publish","type":"post","link":"https:\/\/eltrabajo.cl\/portal\/hacen-ferviente-llamado-para-defender-la-ermita-y-el-cristo-de-madera\/","title":{"rendered":"Hacen ferviente llamado para defender La Ermita y el Cristo de Madera"},"content":{"rendered":"<figure id=\"attachment_42730\" aria-describedby=\"caption-attachment-42730\" style=\"width: 317px\" class=\"wp-caption alignleft\"><a href=\"https:\/\/i0.wp.com\/www.eltrabajo.cl\/portal\/wp-content\/uploads\/2014\/02\/Padre-Gomez.jpg\"><img data-recalc-dims=\"1\" loading=\"lazy\" decoding=\"async\" class=\" wp-image-42730 \" title=\"Cura Ricardo G\u00f3mez, p\u00e1rroco de la Iglesia Nuestra Se\u00f1ora del Carmen de Rinconada de Silva.\" alt=\"Cura Ricardo G\u00f3mez, p\u00e1rroco de la Iglesia Nuestra Se\u00f1ora del Carmen de Rinconada de Silva.\" src=\"https:\/\/i0.wp.com\/www.eltrabajo.cl\/portal\/wp-content\/uploads\/2014\/02\/Padre-Gomez.jpg?resize=317%2C211\" width=\"317\" height=\"211\" srcset=\"https:\/\/i0.wp.com\/eltrabajo.cl\/portal\/wp-content\/uploads\/2014\/02\/Padre-Gomez.jpg?w=528&amp;ssl=1 528w, https:\/\/i0.wp.com\/eltrabajo.cl\/portal\/wp-content\/uploads\/2014\/02\/Padre-Gomez.jpg?resize=200%2C133&amp;ssl=1 200w, https:\/\/i0.wp.com\/eltrabajo.cl\/portal\/wp-content\/uploads\/2014\/02\/Padre-Gomez.jpg?resize=300%2C200&amp;ssl=1 300w, https:\/\/i0.wp.com\/eltrabajo.cl\/portal\/wp-content\/uploads\/2014\/02\/Padre-Gomez.jpg?resize=150%2C100&amp;ssl=1 150w, https:\/\/i0.wp.com\/eltrabajo.cl\/portal\/wp-content\/uploads\/2014\/02\/Padre-Gomez.jpg?resize=400%2C266&amp;ssl=1 400w\" sizes=\"auto, (max-width: 317px) 100vw, 317px\" \/><\/a><figcaption id=\"caption-attachment-42730\" class=\"wp-caption-text\">Cura Ricardo G\u00f3mez, p\u00e1rroco de la Iglesia Nuestra Se\u00f1ora del Carmen de Rinconada de Silva.<\/figcaption><\/figure>\n<p><strong>PUTAENDO.<\/strong>&#8211; El Cura Ricardo G\u00f3mez, p\u00e1rroco de la Iglesia Nuestra Se\u00f1ora del Carmen de Rinconada de Silva, hizo un ferviente y emotivo llamado a los fieles y a la comunidad cat\u00f3lica en general para luchar y defender los terrenos de la Ermita de los Ba\u00f1os del Parr\u00f3n y del Cristo de Madera de Rinconada de Silva.<\/p>\n<p>En la Procesi\u00f3n de Los Arcos, efectuada la semana pasada y donde la imagen de la Virgen del Carmen lleg\u00f3 desde los Ba\u00f1os del Parr\u00f3n hasta la plaza de Rinconada de Silva, el sacerdote ante una multitud que replet\u00f3 la plaza y con mucha emoci\u00f3n dijo que \u00abdespierten rinconadinos si quieren que esta inmensa bendici\u00f3n de asegurar por los siglos de los siglos que la Ermita de los Ba\u00f1os del Parr\u00f3n y el Cristo de Madera sean por siempre de esta comunidad rinconadina y cat\u00f3lica, entender\u00e1n que esta iniciativa tiene mucho sentido. Pretender esos terrenos para la iglesia \u00bfes una necesidad real o es una locura?, \u00bfqu\u00e9 dice la Historia de Rinconada de Silva?<\/p>\n<p>En 1988 y en plena dictadura, se estuvo a punto de perder no tan s\u00f3lo el Santo Cristo y los terrenos de La Ermita, sino toda la serran\u00eda y gracias a la acci\u00f3n de valientes personas que se la jugaron incluso arriesgando su vida para que estos terrenos no cayeran en manos negras\u00bb.<\/p>\n<p>El Cura Ricardo continu\u00f3 con sus palabras e indic\u00f3 que \u00abno sabemos qu\u00e9 nos depara el futuro, el dinero puede abrir muchas puertas y muchos corazones y por eso que esto es una real necesidad. Proteger la Ermita y el Santo Cristo, para que siempre sean de los rinconadinos y por eso hemos bajado la imagen de la Virgen del Carmen que se venera en la Ermita Carmelitana de los Ba\u00f1os del Parr\u00f3n para que recorra las 17 comunidades de nuestra parroquia y con la oraci\u00f3n de todos los rinconadinos y los cat\u00f3licos logremos que la serran\u00eda entregue definitivamente ambos terrenos a la administraci\u00f3n de la Parroquia de Rinconada de Silva\u00bb.<\/p>\n<p>El religioso pidi\u00f3 a sus fieles orar y los inst\u00f3 a entender que esto no es una lucha entre un grupo y otro, que no se trata de enemistarse entre familiares y vecinos, adem\u00e1s pidi\u00f3 que la comunidad no se confunda pues asegur\u00f3 que desde la parroquia siempre ha habido respeto, di\u00e1logo y mucha esperanza, aunque reconoci\u00f3 que a pesar que el propio Obispo Cristian Contreras pidi\u00f3 una reuni\u00f3n de acercamiento con la Serran\u00eda de Rinconada de Silva, lamentablemente hasta la fecha la entidad no ha respondido a esta petici\u00f3n y tampoco se ha vuelto a referir al tema de fondo que es la petici\u00f3n de la parroquia para poder regularizar los terrenos del Cristo de Madera y de la Ermita de los Ba\u00f1os del Parr\u00f3n.<\/p>\n<p>Patricio Gallardo M.<\/p>\n","protected":false},"excerpt":{"rendered":"<p>PUTAENDO.&#8211; El Cura Ricardo G\u00f3mez, p\u00e1rroco de la Iglesia Nuestra Se\u00f1ora del Carmen de Rinconada de Silva, hizo un ferviente y emotivo llamado a los fieles y a la comunidad cat\u00f3lica en&#8230;<\/p>\n","protected":false},"author":482,"featured_media":42730,"comment_status":"open","ping_status":"closed","sticky":false,"template":"","format":"standard","meta":{"advanced_seo_description":"","jetpack_seo_html_title":"","jetpack_seo_noindex":false,"_jetpack_memberships_contains_paid_content":false,"footnotes":""},"categories":[15],"tags":[],"class_list":["post-42729","post","type-post","status-publish","format-standard","has-post-thumbnail","hentry","category-comunidad"],"jetpack_featured_media_url":"https:\/\/i0.wp.com\/eltrabajo.cl\/portal\/wp-content\/uploads\/2014\/02\/Padre-Gomez.jpg?fit=528%2C352&ssl=1","jetpack_sharing_enabled":true,"jetpack_likes_enabled":true,"jetpack-related-posts":[],"_links":{"self":[{"href":"https:\/\/eltrabajo.cl\/portal\/wp-json\/wp\/v2\/posts\/42729","targetHints":{"allow":["GET"]}}],"collection":[{"href":"https:\/\/eltrabajo.cl\/portal\/wp-json\/wp\/v2\/posts"}],"about":[{"href":"https:\/\/eltrabajo.cl\/portal\/wp-json\/wp\/v2\/types\/post"}],"author":[{"embeddable":true,"href":"https:\/\/eltrabajo.cl\/portal\/wp-json\/wp\/v2\/users\/482"}],"replies":[{"embeddable":true,"href":"https:\/\/eltrabajo.cl\/portal\/wp-json\/wp\/v2\/comments?post=42729"}],"version-history":[{"count":0,"href":"https:\/\/eltrabajo.cl\/portal\/wp-json\/wp\/v2\/posts\/42729\/revisions"}],"wp:featuredmedia":[{"embeddable":true,"href":"https:\/\/eltrabajo.cl\/portal\/wp-json\/wp\/v2\/media\/42730"}],"wp:attachment":[{"href":"https:\/\/eltrabajo.cl\/portal\/wp-json\/wp\/v2\/media?parent=42729"}],"wp:term":[{"taxonomy":"category","embeddable":true,"href":"https:\/\/eltrabajo.cl\/portal\/wp-json\/wp\/v2\/categories?post=42729"},{"taxonomy":"post_tag","embeddable":true,"href":"https:\/\/eltrabajo.cl\/portal\/wp-json\/wp\/v2\/tags?post=42729"}],"curies":[{"name":"wp","href":"https:\/\/api.w.org\/{rel}","templated":true}]}}