{"id":42732,"date":"2014-02-04T09:58:07","date_gmt":"2014-02-04T12:58:07","guid":{"rendered":"http:\/\/www.eltrabajo.cl\/portal\/?p=42732"},"modified":"2014-02-04T09:58:07","modified_gmt":"2014-02-04T12:58:07","slug":"entregan-moderno-furgon-de-transporte-al-club-de-ninos-con-capacidades-diferentes","status":"publish","type":"post","link":"https:\/\/eltrabajo.cl\/portal\/entregan-moderno-furgon-de-transporte-al-club-de-ninos-con-capacidades-diferentes\/","title":{"rendered":"Entregan moderno furg\u00f3n de transporte al Club de ni\u00f1os con capacidades diferentes"},"content":{"rendered":"<figure id=\"attachment_42733\" aria-describedby=\"caption-attachment-42733\" style=\"width: 529px\" class=\"wp-caption alignnone\"><a href=\"https:\/\/i0.wp.com\/www.eltrabajo.cl\/portal\/wp-content\/uploads\/2014\/02\/Furgon1.jpg\"><img data-recalc-dims=\"1\" loading=\"lazy\" decoding=\"async\" class=\"size-full wp-image-42733\" title=\"Este veh\u00edculo permitir\u00e1 trasladar de forma diaria a los miembros del club desde sus casas a las dependencias del centro de rehabilitaci\u00f3n ubicado en el sector de Pocuro. \" alt=\"Este veh\u00edculo permitir\u00e1 trasladar de forma diaria a los miembros del club desde sus casas a las dependencias del centro de rehabilitaci\u00f3n ubicado en el sector de Pocuro. \" src=\"https:\/\/i0.wp.com\/www.eltrabajo.cl\/portal\/wp-content\/uploads\/2014\/02\/Furgon1.jpg?resize=529%2C297\" width=\"529\" height=\"297\" srcset=\"https:\/\/i0.wp.com\/eltrabajo.cl\/portal\/wp-content\/uploads\/2014\/02\/Furgon1.jpg?w=529&amp;ssl=1 529w, https:\/\/i0.wp.com\/eltrabajo.cl\/portal\/wp-content\/uploads\/2014\/02\/Furgon1.jpg?resize=200%2C112&amp;ssl=1 200w, https:\/\/i0.wp.com\/eltrabajo.cl\/portal\/wp-content\/uploads\/2014\/02\/Furgon1.jpg?resize=300%2C168&amp;ssl=1 300w, https:\/\/i0.wp.com\/eltrabajo.cl\/portal\/wp-content\/uploads\/2014\/02\/Furgon1.jpg?resize=150%2C84&amp;ssl=1 150w, https:\/\/i0.wp.com\/eltrabajo.cl\/portal\/wp-content\/uploads\/2014\/02\/Furgon1.jpg?resize=400%2C224&amp;ssl=1 400w\" sizes=\"auto, (max-width: 529px) 100vw, 529px\" \/><\/a><figcaption id=\"caption-attachment-42733\" class=\"wp-caption-text\">Este veh\u00edculo permitir\u00e1 trasladar de forma diaria a los miembros del club desde sus casas a las dependencias del centro de rehabilitaci\u00f3n ubicado en el sector de Pocuro.<\/figcaption><\/figure>\n<p><strong>CALLE LARGA<\/strong>.- Con un nuevo bus de transporte cuenta el Club de Amigos de los ni\u00f1os, ni\u00f1as y j\u00f3venes con Capacidades Diferentes de Calle Larga, veh\u00edculo obtenido gracias a la postulaci\u00f3n de un proyecto elaborado por la Municipalidad de Calle Larga y que fue financiado por el Gobierno Regional. Este veh\u00edculo que cuenta con todas las comodidades para trasladar a trece personas m\u00e1s una silla de ruedas, fue adquirido con el objetivo de facilitar el desplazamiento de los miembros de la agrupaci\u00f3n desde sus casas hasta las dependencias de su centro ubicado en el sector de Pocuro y desde este lugar a sus viviendas.<\/p>\n<figure id=\"attachment_42734\" aria-describedby=\"caption-attachment-42734\" style=\"width: 422px\" class=\"wp-caption alignright\"><a href=\"https:\/\/i0.wp.com\/www.eltrabajo.cl\/portal\/wp-content\/uploads\/2014\/02\/Furgon2.jpg\"><img data-recalc-dims=\"1\" loading=\"lazy\" decoding=\"async\" class=\" wp-image-42734 \" title=\"Este veh\u00edculo que cuenta con todas las comodidades para trasladar a trece personas m\u00e1s una silla de ruedas.\" alt=\"Este veh\u00edculo que cuenta con todas las comodidades para trasladar a trece personas m\u00e1s una silla de ruedas.\" src=\"https:\/\/i0.wp.com\/www.eltrabajo.cl\/portal\/wp-content\/uploads\/2014\/02\/Furgon2.jpg?resize=422%2C282\" width=\"422\" height=\"282\" srcset=\"https:\/\/i0.wp.com\/eltrabajo.cl\/portal\/wp-content\/uploads\/2014\/02\/Furgon2.jpg?w=528&amp;ssl=1 528w, https:\/\/i0.wp.com\/eltrabajo.cl\/portal\/wp-content\/uploads\/2014\/02\/Furgon2.jpg?resize=200%2C133&amp;ssl=1 200w, https:\/\/i0.wp.com\/eltrabajo.cl\/portal\/wp-content\/uploads\/2014\/02\/Furgon2.jpg?resize=300%2C200&amp;ssl=1 300w, https:\/\/i0.wp.com\/eltrabajo.cl\/portal\/wp-content\/uploads\/2014\/02\/Furgon2.jpg?resize=150%2C100&amp;ssl=1 150w, https:\/\/i0.wp.com\/eltrabajo.cl\/portal\/wp-content\/uploads\/2014\/02\/Furgon2.jpg?resize=400%2C266&amp;ssl=1 400w\" sizes=\"auto, (max-width: 422px) 100vw, 422px\" \/><\/a><figcaption id=\"caption-attachment-42734\" class=\"wp-caption-text\">Este veh\u00edculo que cuenta con todas las comodidades para trasladar a trece personas m\u00e1s una silla de ruedas.<\/figcaption><\/figure>\n<p>\u00abRecibimos con mucha alegr\u00eda este aporte entregado por el Gobierno Regional y que se trabaj\u00f3 en conjunto con la Municipalidad que nos permitir\u00e1 tener un veh\u00edculo que cuenta con todas las condiciones y que permitir\u00e1 que nuestros ni\u00f1os y ni\u00f1as sean trasladados con mayor facilidad. Esta es una gran inversi\u00f3n cercana a los 20 millones de pesos y que cuenta con un elevador hidr\u00e1ulico que permite trasladar con gran comodidad una silla de ruedas\u00bb, sostuvo el Alcalde Nelson Venegas.<\/p>\n<p>Por su parte, Clara Alfaro Rodr\u00edguez, presidente del club, destac\u00f3 los beneficios que traer\u00e1 para la agrupaci\u00f3n que representa este moderno veh\u00edculo.<\/p>\n<p>\u00abEstamos felices con este furg\u00f3n que es un logro que no nos esper\u00e1bamos. Este veh\u00edculo ser\u00e1 sumamente \u00fatil para nosotros ya que trasladaremos a los miembros del club desde sus casas al centro de forma diaria para que puedan realizar sus terapias y realizar sus talleres. Esto mejora la calidad de vida de nuestros chiquillos por esto es una alegr\u00eda enorme contar con este transporte\u00bb, dijo Alfaro.<\/p>\n<p>&nbsp;<\/p>\n","protected":false},"excerpt":{"rendered":"<p>CALLE LARGA.- Con un nuevo bus de transporte cuenta el Club de Amigos de los ni\u00f1os, ni\u00f1as y j\u00f3venes con Capacidades Diferentes de Calle Larga, veh\u00edculo obtenido gracias a la postulaci\u00f3n de&#8230;<\/p>\n","protected":false},"author":482,"featured_media":42733,"comment_status":"open","ping_status":"closed","sticky":false,"template":"","format":"standard","meta":{"advanced_seo_description":"","jetpack_seo_html_title":"","jetpack_seo_noindex":false,"_jetpack_memberships_contains_paid_content":false,"footnotes":""},"categories":[15],"tags":[],"class_list":["post-42732","post","type-post","status-publish","format-standard","has-post-thumbnail","hentry","category-comunidad"],"jetpack_featured_media_url":"https:\/\/i0.wp.com\/eltrabajo.cl\/portal\/wp-content\/uploads\/2014\/02\/Furgon1.jpg?fit=529%2C297&ssl=1","jetpack_sharing_enabled":true,"jetpack_likes_enabled":true,"jetpack-related-posts":[],"_links":{"self":[{"href":"https:\/\/eltrabajo.cl\/portal\/wp-json\/wp\/v2\/posts\/42732","targetHints":{"allow":["GET"]}}],"collection":[{"href":"https:\/\/eltrabajo.cl\/portal\/wp-json\/wp\/v2\/posts"}],"about":[{"href":"https:\/\/eltrabajo.cl\/portal\/wp-json\/wp\/v2\/types\/post"}],"author":[{"embeddable":true,"href":"https:\/\/eltrabajo.cl\/portal\/wp-json\/wp\/v2\/users\/482"}],"replies":[{"embeddable":true,"href":"https:\/\/eltrabajo.cl\/portal\/wp-json\/wp\/v2\/comments?post=42732"}],"version-history":[{"count":0,"href":"https:\/\/eltrabajo.cl\/portal\/wp-json\/wp\/v2\/posts\/42732\/revisions"}],"wp:featuredmedia":[{"embeddable":true,"href":"https:\/\/eltrabajo.cl\/portal\/wp-json\/wp\/v2\/media\/42733"}],"wp:attachment":[{"href":"https:\/\/eltrabajo.cl\/portal\/wp-json\/wp\/v2\/media?parent=42732"}],"wp:term":[{"taxonomy":"category","embeddable":true,"href":"https:\/\/eltrabajo.cl\/portal\/wp-json\/wp\/v2\/categories?post=42732"},{"taxonomy":"post_tag","embeddable":true,"href":"https:\/\/eltrabajo.cl\/portal\/wp-json\/wp\/v2\/tags?post=42732"}],"curies":[{"name":"wp","href":"https:\/\/api.w.org\/{rel}","templated":true}]}}