{"id":42737,"date":"2014-02-04T10:00:14","date_gmt":"2014-02-04T13:00:14","guid":{"rendered":"http:\/\/www.eltrabajo.cl\/portal\/?p=42737"},"modified":"2014-02-04T10:00:14","modified_gmt":"2014-02-04T13:00:14","slug":"se-dent-firma-convenio-con-gendarmeria-para-brindar-atencion-dental-a-funcionarios","status":"publish","type":"post","link":"https:\/\/eltrabajo.cl\/portal\/se-dent-firma-convenio-con-gendarmeria-para-brindar-atencion-dental-a-funcionarios\/","title":{"rendered":"Se-Dent firma convenio con Gendarmer\u00eda para brindar atenci\u00f3n dental a funcionarios"},"content":{"rendered":"<figure id=\"attachment_42738\" aria-describedby=\"caption-attachment-42738\" style=\"width: 529px\" class=\"wp-caption alignnone\"><a href=\"https:\/\/i0.wp.com\/www.eltrabajo.cl\/portal\/wp-content\/uploads\/2014\/02\/Convenio1PORTA.jpg\"><img data-recalc-dims=\"1\" loading=\"lazy\" decoding=\"async\" class=\"size-full wp-image-42738\" title=\"El Director Regional de Gendarmer\u00eda, Coronel Carlos Mu\u00f1oz y el Director del Centro M\u00e9dico y Odontol\u00f3gico, Doctor Mauricio Sep\u00falveda, firman el convenio en dependencias del CCP San Felipe.\" alt=\"El Director Regional de Gendarmer\u00eda, Coronel Carlos Mu\u00f1oz y el Director del Centro M\u00e9dico y Odontol\u00f3gico, Doctor Mauricio Sep\u00falveda, firman el convenio en dependencias del CCP San Felipe.\" src=\"https:\/\/i0.wp.com\/www.eltrabajo.cl\/portal\/wp-content\/uploads\/2014\/02\/Convenio1PORTA.jpg?resize=529%2C367\" width=\"529\" height=\"367\" srcset=\"https:\/\/i0.wp.com\/eltrabajo.cl\/portal\/wp-content\/uploads\/2014\/02\/Convenio1PORTA.jpg?w=529&amp;ssl=1 529w, https:\/\/i0.wp.com\/eltrabajo.cl\/portal\/wp-content\/uploads\/2014\/02\/Convenio1PORTA.jpg?resize=200%2C138&amp;ssl=1 200w, https:\/\/i0.wp.com\/eltrabajo.cl\/portal\/wp-content\/uploads\/2014\/02\/Convenio1PORTA.jpg?resize=300%2C208&amp;ssl=1 300w, https:\/\/i0.wp.com\/eltrabajo.cl\/portal\/wp-content\/uploads\/2014\/02\/Convenio1PORTA.jpg?resize=150%2C104&amp;ssl=1 150w, https:\/\/i0.wp.com\/eltrabajo.cl\/portal\/wp-content\/uploads\/2014\/02\/Convenio1PORTA.jpg?resize=400%2C277&amp;ssl=1 400w\" sizes=\"auto, (max-width: 529px) 100vw, 529px\" \/><\/a><figcaption id=\"caption-attachment-42738\" class=\"wp-caption-text\">El Director Regional de Gendarmer\u00eda, Coronel Carlos Mu\u00f1oz y el Director del Centro M\u00e9dico y Odontol\u00f3gico, Doctor Mauricio Sep\u00falveda, firman el convenio en dependencias del CCP San Felipe.<\/figcaption><\/figure>\n<p>La ma\u00f1ana de ayer se realiz\u00f3 la ceremonia de firma de un convenio entre la Direcci\u00f3n Regional de Gendarmer\u00eda y el Centro M\u00e9dico y Odontol\u00f3gico Se-Dent, por medio del cual esta \u00faltima brindar\u00e1 atenci\u00f3n dental a los funcionarios de la instituci\u00f3n, pertenecientes a las unidades penales de San Felipe y Los Andes. El Director Regional de Gendarmer\u00eda, Coronel Carlos Mu\u00f1oz Saavedra, expres\u00f3 su satisfacci\u00f3n por esta iniciativa, surgida del alcaide del penal de San Felipe, el Mayor Andr\u00e9s Romero, que permite aumentar la gama de beneficios a los funcionarios.<\/p>\n<p>\u00abEste convenio beneficiar\u00e1 a los funcionarios de toda la regi\u00f3n, pero dada la ubicaci\u00f3n de este instituto, quienes sacar\u00e1n mayor provecho, ser\u00e1n los gendarmes de Los Andes y San Felipe\u00bb, se\u00f1al\u00f3 el director regional. En tanto, el Director del Centro M\u00e9dico y Odontol\u00f3gico Se-Dent, Doctor Mauricio Sep\u00falveda, explic\u00f3 que tanto los funcionarios de Gendarmer\u00eda como sus cargas, es decir, sus familias, no tienen acceso a atenci\u00f3n dental en la zona, por lo que deb\u00edan incurrir en importantes gastos para acudir a otros establecimientos de Valpara\u00edso o Santiago.<\/p>\n<p>\u00abPor lo tanto, la idea es unirnos y entregar un servicio m\u00e9dico \u2013 odontol\u00f3gico, pero adem\u00e1s de eso, realizar alguna campa\u00f1a, alguna actividad social, para ir en ayuda de los internos. No obstante, la idea puntual es brindar atenci\u00f3n a los funcionarios de Gendarmer\u00eda y sus cargas familiares\u00bb, indic\u00f3 el Doctor Sep\u00falveda.<\/p>\n<p>El profesional y director de Se-Dent , dijo estar esperanzado de que este convenio se ejecute de buena manera, ya que se ha planificado de buena manera, ya que cuentan con una cobertura odontol\u00f3gica importante, en las \u00e1reas m\u00e1xilo-facial, cirug\u00eda, odontolog\u00eda general y tambi\u00e9n \u00e1reas m\u00e9dicas, con algunos especialistas.<\/p>\n<p>&nbsp;<\/p>\n","protected":false},"excerpt":{"rendered":"<p>La ma\u00f1ana de ayer se realiz\u00f3 la ceremonia de firma de un convenio entre la Direcci\u00f3n Regional de Gendarmer\u00eda y el Centro M\u00e9dico y Odontol\u00f3gico Se-Dent, por medio del cual esta \u00faltima&#8230;<\/p>\n","protected":false},"author":482,"featured_media":42738,"comment_status":"open","ping_status":"closed","sticky":false,"template":"","format":"standard","meta":{"advanced_seo_description":"","jetpack_seo_html_title":"","jetpack_seo_noindex":false,"_jetpack_memberships_contains_paid_content":false,"footnotes":""},"categories":[15],"tags":[],"class_list":["post-42737","post","type-post","status-publish","format-standard","has-post-thumbnail","hentry","category-comunidad"],"jetpack_featured_media_url":"https:\/\/i0.wp.com\/eltrabajo.cl\/portal\/wp-content\/uploads\/2014\/02\/Convenio1PORTA.jpg?fit=529%2C367&ssl=1","jetpack_sharing_enabled":true,"jetpack_likes_enabled":true,"jetpack-related-posts":[],"_links":{"self":[{"href":"https:\/\/eltrabajo.cl\/portal\/wp-json\/wp\/v2\/posts\/42737","targetHints":{"allow":["GET"]}}],"collection":[{"href":"https:\/\/eltrabajo.cl\/portal\/wp-json\/wp\/v2\/posts"}],"about":[{"href":"https:\/\/eltrabajo.cl\/portal\/wp-json\/wp\/v2\/types\/post"}],"author":[{"embeddable":true,"href":"https:\/\/eltrabajo.cl\/portal\/wp-json\/wp\/v2\/users\/482"}],"replies":[{"embeddable":true,"href":"https:\/\/eltrabajo.cl\/portal\/wp-json\/wp\/v2\/comments?post=42737"}],"version-history":[{"count":0,"href":"https:\/\/eltrabajo.cl\/portal\/wp-json\/wp\/v2\/posts\/42737\/revisions"}],"wp:featuredmedia":[{"embeddable":true,"href":"https:\/\/eltrabajo.cl\/portal\/wp-json\/wp\/v2\/media\/42738"}],"wp:attachment":[{"href":"https:\/\/eltrabajo.cl\/portal\/wp-json\/wp\/v2\/media?parent=42737"}],"wp:term":[{"taxonomy":"category","embeddable":true,"href":"https:\/\/eltrabajo.cl\/portal\/wp-json\/wp\/v2\/categories?post=42737"},{"taxonomy":"post_tag","embeddable":true,"href":"https:\/\/eltrabajo.cl\/portal\/wp-json\/wp\/v2\/tags?post=42737"}],"curies":[{"name":"wp","href":"https:\/\/api.w.org\/{rel}","templated":true}]}}