{"id":42740,"date":"2014-02-04T10:14:33","date_gmt":"2014-02-04T13:14:33","guid":{"rendered":"http:\/\/www.eltrabajo.cl\/portal\/?p=42740"},"modified":"2014-02-04T10:14:38","modified_gmt":"2014-02-04T13:14:38","slug":"gobernadora-boffa-prepara-entrega-del-mando-provincial-a-su-sucesor-o-sucesora","status":"publish","type":"post","link":"https:\/\/eltrabajo.cl\/portal\/gobernadora-boffa-prepara-entrega-del-mando-provincial-a-su-sucesor-o-sucesora\/","title":{"rendered":"Gobernadora Boffa prepara entrega del mando provincial a su sucesor o sucesora"},"content":{"rendered":"<figure id=\"attachment_42741\" aria-describedby=\"caption-attachment-42741\" style=\"width: 317px\" class=\"wp-caption alignleft\"><a href=\"https:\/\/i0.wp.com\/www.eltrabajo.cl\/portal\/wp-content\/uploads\/2014\/02\/Gobernadora.jpg\"><img data-recalc-dims=\"1\" loading=\"lazy\" decoding=\"async\" class=\" wp-image-42741 \" title=\"La Gobernadora Patricia Boffa manifest\u00f3 que ya se est\u00e1 trabajando en la entrega administrativa de la Gobernaci\u00f3n Provincial de San Felipe, a su sucesor.\" alt=\"La Gobernadora Patricia Boffa manifest\u00f3 que ya se est\u00e1 trabajando en la entrega administrativa de la Gobernaci\u00f3n Provincial de San Felipe, a su sucesor.\" src=\"https:\/\/i0.wp.com\/www.eltrabajo.cl\/portal\/wp-content\/uploads\/2014\/02\/Gobernadora.jpg?resize=317%2C238\" width=\"317\" height=\"238\" srcset=\"https:\/\/i0.wp.com\/eltrabajo.cl\/portal\/wp-content\/uploads\/2014\/02\/Gobernadora.jpg?w=528&amp;ssl=1 528w, https:\/\/i0.wp.com\/eltrabajo.cl\/portal\/wp-content\/uploads\/2014\/02\/Gobernadora.jpg?resize=200%2C150&amp;ssl=1 200w, https:\/\/i0.wp.com\/eltrabajo.cl\/portal\/wp-content\/uploads\/2014\/02\/Gobernadora.jpg?resize=300%2C225&amp;ssl=1 300w, https:\/\/i0.wp.com\/eltrabajo.cl\/portal\/wp-content\/uploads\/2014\/02\/Gobernadora.jpg?resize=150%2C112&amp;ssl=1 150w, https:\/\/i0.wp.com\/eltrabajo.cl\/portal\/wp-content\/uploads\/2014\/02\/Gobernadora.jpg?resize=400%2C300&amp;ssl=1 400w\" sizes=\"auto, (max-width: 317px) 100vw, 317px\" \/><\/a><figcaption id=\"caption-attachment-42741\" class=\"wp-caption-text\">La Gobernadora Patricia Boffa manifest\u00f3 que ya se est\u00e1 trabajando en la entrega administrativa de la Gobernaci\u00f3n Provincial de San Felipe, a su sucesor.<\/figcaption><\/figure>\n<p>Por encargo del Nivel Central, espec\u00edficamente del Ministerio del Interior, la Gobernadora Patricia Boffa se encuentra ya preparando lo que es la entrega del mando a quien ser\u00e1 su sucesor o sucesora en el mando provincial, como representante de la futura Presidente Michelle Bachelet, quien asume el pr\u00f3ximo 11 de marzo. Se espera que esta semana se d\u00e9 a conocer la n\u00f3mina de gobernadores y gobernadoras, por lo que de concretarse ello, se podr\u00eda incluso trabajar de manera conjunta los preparativos de la ceremonia de traspaso del mando.<\/p>\n<p>La Gobernadora Boffa manifest\u00f3 que por lo pronto, se est\u00e1 elaborando una cuenta completa acerca de los temas administrativos, como es la dotaci\u00f3n de personal de planta, contrata y honorarios; as\u00ed como tambi\u00e9n de las acciones que se est\u00e1n desarrollando, donde destaca la entrega de agua a los vecinos de Casablanca y Los Patos, la limpieza del Estero Pocuro en Tierras Blancas, adem\u00e1s de las querellas criminales interpuestas por la autoridad provincial en nombre del gobierno y cuyos procesos deber\u00e1n ser monitoreados. A\u00f1adi\u00f3 su esperanza de que quien la suceda en el cargo, pueda continuar con proyectos que est\u00e1n en carpeta y que corresponden al mejoramiento del edificio de la Gobernaci\u00f3n, que incluye la pintura de esta estructura de ocho pisos, el cambio de techumbre de la Plaza C\u00edvica y la recuperaci\u00f3n del octavo piso, que se encuentra en muy malas condiciones, luego del terremoto de 2010.<\/p>\n<p>\u00abEn lo que respecta a la parte administrativa, la entrega se realizar\u00e1 como corresponde, a la nueva administraci\u00f3n, confiados en que realizar\u00e1n una buena labor, siempre mirando por el bienestar de la comunidad de la provincia de San Felipe\u00bb, se\u00f1al\u00f3 la Gobernadora Boffa.<\/p>\n<p><strong>POSIBLES NOMBRES<\/strong><\/p>\n<p>El viernes pasado en tanto, se dio a conocer el nombre del sucesor de Ra\u00fal Celis en el cargo de Intendente Regional, quedando este puesto en manos del PS Ricardo Bravo, quien fuera Gobernador de Valpara\u00edso y candidato a diputado. En cuanto a las cartas que se barajan en el contexto del pr\u00f3ximo nombramiento de gobernadores, en San Felipe se menciona a varias figuras con trayectoria pol\u00edtica y buen desempe\u00f1o profesional. Es el caso de Eduardo Le\u00f3n, quien es actual Consejero Regional, pero que cesa en su cargo el 11 de marzo, ya que no se present\u00f3 a la elecci\u00f3n de 2013. Se trata de una de las figuras que habr\u00eda planteado el Diputado Marco Antonio N\u00fa\u00f1ez, quien estar\u00eda solicitando esta gobernaci\u00f3n para su partido.<\/p>\n<p>Como contraparte, se ha mencionado que el Senador Ignacio Walker estar\u00eda solicitando este cupo para la DC, de la cual es el Presidente Nacional y donde se ha hablado como carta la ex-directora de Prodemu y actual representante en la zona del parlamentario, Carolina Gallardo. Otros nombres que se mencionan, corresponden a los de Eduardo Cerda (DC), Nelson Contador (PS) y Carmen Castillo (IND).<\/p>\n<p>&nbsp;<\/p>\n","protected":false},"excerpt":{"rendered":"<p>Por encargo del Nivel Central, espec\u00edficamente del Ministerio del Interior, la Gobernadora Patricia Boffa se encuentra ya preparando lo que es la entrega del mando a quien ser\u00e1 su sucesor o sucesora&#8230;<\/p>\n","protected":false},"author":482,"featured_media":42741,"comment_status":"open","ping_status":"closed","sticky":false,"template":"","format":"standard","meta":{"advanced_seo_description":"","jetpack_seo_html_title":"","jetpack_seo_noindex":false,"_jetpack_memberships_contains_paid_content":false,"footnotes":""},"categories":[1],"tags":[],"class_list":["post-42740","post","type-post","status-publish","format-standard","has-post-thumbnail","hentry","category-cronica"],"jetpack_featured_media_url":"https:\/\/i0.wp.com\/eltrabajo.cl\/portal\/wp-content\/uploads\/2014\/02\/Gobernadora.jpg?fit=528%2C396&ssl=1","jetpack_sharing_enabled":true,"jetpack_likes_enabled":true,"jetpack-related-posts":[],"_links":{"self":[{"href":"https:\/\/eltrabajo.cl\/portal\/wp-json\/wp\/v2\/posts\/42740","targetHints":{"allow":["GET"]}}],"collection":[{"href":"https:\/\/eltrabajo.cl\/portal\/wp-json\/wp\/v2\/posts"}],"about":[{"href":"https:\/\/eltrabajo.cl\/portal\/wp-json\/wp\/v2\/types\/post"}],"author":[{"embeddable":true,"href":"https:\/\/eltrabajo.cl\/portal\/wp-json\/wp\/v2\/users\/482"}],"replies":[{"embeddable":true,"href":"https:\/\/eltrabajo.cl\/portal\/wp-json\/wp\/v2\/comments?post=42740"}],"version-history":[{"count":0,"href":"https:\/\/eltrabajo.cl\/portal\/wp-json\/wp\/v2\/posts\/42740\/revisions"}],"wp:featuredmedia":[{"embeddable":true,"href":"https:\/\/eltrabajo.cl\/portal\/wp-json\/wp\/v2\/media\/42741"}],"wp:attachment":[{"href":"https:\/\/eltrabajo.cl\/portal\/wp-json\/wp\/v2\/media?parent=42740"}],"wp:term":[{"taxonomy":"category","embeddable":true,"href":"https:\/\/eltrabajo.cl\/portal\/wp-json\/wp\/v2\/categories?post=42740"},{"taxonomy":"post_tag","embeddable":true,"href":"https:\/\/eltrabajo.cl\/portal\/wp-json\/wp\/v2\/tags?post=42740"}],"curies":[{"name":"wp","href":"https:\/\/api.w.org\/{rel}","templated":true}]}}