{"id":42748,"date":"2014-02-04T10:09:29","date_gmt":"2014-02-04T13:09:29","guid":{"rendered":"http:\/\/www.eltrabajo.cl\/portal\/?p=42748"},"modified":"2014-02-04T10:09:29","modified_gmt":"2014-02-04T13:09:29","slug":"este-lunes-comenzaron-trabajos-de-construccion-del-pozo-de-la-plaza-de-armas","status":"publish","type":"post","link":"https:\/\/eltrabajo.cl\/portal\/este-lunes-comenzaron-trabajos-de-construccion-del-pozo-de-la-plaza-de-armas\/","title":{"rendered":"Este lunes comenzaron trabajos de construcci\u00f3n del pozo de la Plaza de Armas"},"content":{"rendered":"<figure id=\"attachment_42749\" aria-describedby=\"caption-attachment-42749\" style=\"width: 370px\" class=\"wp-caption alignleft\"><a href=\"https:\/\/i0.wp.com\/www.eltrabajo.cl\/portal\/wp-content\/uploads\/2014\/02\/inicio-obras.jpg\"><img data-recalc-dims=\"1\" loading=\"lazy\" decoding=\"async\" class=\" wp-image-42749 \" title=\"En horas de la ma\u00f1ana el Alcalde Patricio Freire se traslad\u00f3 hasta la Plaza de Armas para ver en terreno la instalaci\u00f3n de la maquinaria, que deb\u00eda comenzar con las obras de construcci\u00f3n del nuevo pozo.\" alt=\"En horas de la ma\u00f1ana el Alcalde Patricio Freire se traslad\u00f3 hasta la Plaza de Armas para ver en terreno la instalaci\u00f3n de la maquinaria, que deb\u00eda comenzar con las obras de construcci\u00f3n del nuevo pozo.\" src=\"https:\/\/i0.wp.com\/www.eltrabajo.cl\/portal\/wp-content\/uploads\/2014\/02\/inicio-obras.jpg?resize=370%2C552\" width=\"370\" height=\"552\" srcset=\"https:\/\/i0.wp.com\/eltrabajo.cl\/portal\/wp-content\/uploads\/2014\/02\/inicio-obras.jpg?w=529&amp;ssl=1 529w, https:\/\/i0.wp.com\/eltrabajo.cl\/portal\/wp-content\/uploads\/2014\/02\/inicio-obras.jpg?resize=100%2C150&amp;ssl=1 100w, https:\/\/i0.wp.com\/eltrabajo.cl\/portal\/wp-content\/uploads\/2014\/02\/inicio-obras.jpg?resize=201%2C300&amp;ssl=1 201w, https:\/\/i0.wp.com\/eltrabajo.cl\/portal\/wp-content\/uploads\/2014\/02\/inicio-obras.jpg?resize=400%2C596&amp;ssl=1 400w\" sizes=\"auto, (max-width: 370px) 100vw, 370px\" \/><\/a><figcaption id=\"caption-attachment-42749\" class=\"wp-caption-text\">En horas de la ma\u00f1ana el Alcalde Patricio Freire se traslad\u00f3 hasta la Plaza de Armas para ver en terreno la instalaci\u00f3n de la maquinaria, que deb\u00eda comenzar con las obras de construcci\u00f3n del nuevo pozo.<\/figcaption><\/figure>\n<p>Este lunes comenzaron los trabajos en la Plaza de Armas de San Felipe, que significan la construcci\u00f3n de un nuevo pozo que entregar\u00e1 agua a este sector de la comuna. Las m\u00e1quinas a cargo de las obras fueron instaladas al mediod\u00eda y los trabajos comenzaron por la tarde, luego que la empresa y funcionarios municipales dejaran el lugar debidamente se\u00f1alizado.<\/p>\n<p>El Alcalde Patricio Freire se traslad\u00f3 hasta el sector para ver los trabajos y se\u00f1al\u00f3 que con esto, se cumple el compromiso del Ministerio de Obras P\u00fablicas con la Municipalidad de San Felipe y que contemplaba la construcci\u00f3n de estos tres pozos, en los Estadio Fiscal, el Municipal y la Plaza de Armas.<\/p>\n<p>\u00abLos pozos todav\u00eda no est\u00e1n entregados, faltan las pruebas de bombeo del Estadio Municipal y ac\u00e1 se est\u00e1 empezando en la Plaza de Armas. Este pozo lo vamos a recepcionar en unas 24 horas m\u00e1s, ya que los trabajos son muy r\u00e1pidos y lo importante es que la empresa Quinta Ingenier\u00eda ha hecho un trabajo definitivo, lo que nos tiene contentos\u00bb, dijo el jefe comunal.<\/p>\n<p>Junto con destacar estos trabajos, el Alcalde Freire manifest\u00f3 su inter\u00e9s por avanzar en la regularizaci\u00f3n de otros pozos que se ubican en distintos sectores de la comuna, como son las alamedas y que son utilizados por la Municipalidad, por ello manifest\u00f3 su compromiso de seguir trabajando en ese sentido. Adem\u00e1s, el Alcalde Freire llam\u00f3 a la comprensi\u00f3n de la comunidad, ya que la esquina de la plaza donde se ejecutan las obras y que corresponde a la intersecci\u00f3n de las calles Merced y Coimas se mantendr\u00e1 cerrada durante estos d\u00edas, para ejecutar los trabajos con todas las condiciones de seguridad necesarias.<\/p>\n<p>&nbsp;<\/p>\n","protected":false},"excerpt":{"rendered":"<p>Este lunes comenzaron los trabajos en la Plaza de Armas de San Felipe, que significan la construcci\u00f3n de un nuevo pozo que entregar\u00e1 agua a este sector de la comuna. Las m\u00e1quinas&#8230;<\/p>\n","protected":false},"author":482,"featured_media":42749,"comment_status":"open","ping_status":"closed","sticky":false,"template":"","format":"standard","meta":{"advanced_seo_description":"","jetpack_seo_html_title":"","jetpack_seo_noindex":false,"_jetpack_memberships_contains_paid_content":false,"footnotes":""},"categories":[1],"tags":[],"class_list":["post-42748","post","type-post","status-publish","format-standard","has-post-thumbnail","hentry","category-cronica"],"jetpack_featured_media_url":"https:\/\/i0.wp.com\/eltrabajo.cl\/portal\/wp-content\/uploads\/2014\/02\/inicio-obras.jpg?fit=529%2C789&ssl=1","jetpack_sharing_enabled":true,"jetpack_likes_enabled":true,"jetpack-related-posts":[],"_links":{"self":[{"href":"https:\/\/eltrabajo.cl\/portal\/wp-json\/wp\/v2\/posts\/42748","targetHints":{"allow":["GET"]}}],"collection":[{"href":"https:\/\/eltrabajo.cl\/portal\/wp-json\/wp\/v2\/posts"}],"about":[{"href":"https:\/\/eltrabajo.cl\/portal\/wp-json\/wp\/v2\/types\/post"}],"author":[{"embeddable":true,"href":"https:\/\/eltrabajo.cl\/portal\/wp-json\/wp\/v2\/users\/482"}],"replies":[{"embeddable":true,"href":"https:\/\/eltrabajo.cl\/portal\/wp-json\/wp\/v2\/comments?post=42748"}],"version-history":[{"count":0,"href":"https:\/\/eltrabajo.cl\/portal\/wp-json\/wp\/v2\/posts\/42748\/revisions"}],"wp:featuredmedia":[{"embeddable":true,"href":"https:\/\/eltrabajo.cl\/portal\/wp-json\/wp\/v2\/media\/42749"}],"wp:attachment":[{"href":"https:\/\/eltrabajo.cl\/portal\/wp-json\/wp\/v2\/media?parent=42748"}],"wp:term":[{"taxonomy":"category","embeddable":true,"href":"https:\/\/eltrabajo.cl\/portal\/wp-json\/wp\/v2\/categories?post=42748"},{"taxonomy":"post_tag","embeddable":true,"href":"https:\/\/eltrabajo.cl\/portal\/wp-json\/wp\/v2\/tags?post=42748"}],"curies":[{"name":"wp","href":"https:\/\/api.w.org\/{rel}","templated":true}]}}