{"id":42761,"date":"2014-02-04T10:15:47","date_gmt":"2014-02-04T13:15:47","guid":{"rendered":"http:\/\/www.eltrabajo.cl\/portal\/?p=42761"},"modified":"2014-02-04T10:15:47","modified_gmt":"2014-02-04T13:15:47","slug":"diputado-nunez-alcalde-freire-sera-recordado-por-la-construccion-del-estadio-de-san-felipe","status":"publish","type":"post","link":"https:\/\/eltrabajo.cl\/portal\/diputado-nunez-alcalde-freire-sera-recordado-por-la-construccion-del-estadio-de-san-felipe\/","title":{"rendered":"Diputado N\u00fa\u00f1ez: \u00abAlcalde Freire ser\u00e1 recordado por la construcci\u00f3n del estadio de San Felipe\u00bb"},"content":{"rendered":"<figure id=\"attachment_42762\" aria-describedby=\"caption-attachment-42762\" style=\"width: 528px\" class=\"wp-caption alignnone\"><a href=\"https:\/\/i0.wp.com\/www.eltrabajo.cl\/portal\/wp-content\/uploads\/2014\/02\/Autoridades1.jpg\"><img data-recalc-dims=\"1\" loading=\"lazy\" decoding=\"async\" class=\"size-full wp-image-42762\" title=\"El Diputado Marco Antonio N\u00fa\u00f1ez entreg\u00f3 un fuerte respaldo al Alcalde Patricio Freire, quien asegur\u00f3 que el municipio ha presentado todos los antecedentes donde se ubicar\u00e1 el nuevo estadio de San Felipe.\" alt=\"El Diputado Marco Antonio N\u00fa\u00f1ez entreg\u00f3 un fuerte respaldo al Alcalde Patricio Freire, quien asegur\u00f3 que el municipio ha presentado todos los antecedentes donde se ubicar\u00e1 el nuevo estadio de San Felipe.\" src=\"https:\/\/i0.wp.com\/www.eltrabajo.cl\/portal\/wp-content\/uploads\/2014\/02\/Autoridades1.jpg?resize=528%2C396\" width=\"528\" height=\"396\" srcset=\"https:\/\/i0.wp.com\/eltrabajo.cl\/portal\/wp-content\/uploads\/2014\/02\/Autoridades1.jpg?w=528&amp;ssl=1 528w, https:\/\/i0.wp.com\/eltrabajo.cl\/portal\/wp-content\/uploads\/2014\/02\/Autoridades1.jpg?resize=200%2C150&amp;ssl=1 200w, https:\/\/i0.wp.com\/eltrabajo.cl\/portal\/wp-content\/uploads\/2014\/02\/Autoridades1.jpg?resize=300%2C225&amp;ssl=1 300w, https:\/\/i0.wp.com\/eltrabajo.cl\/portal\/wp-content\/uploads\/2014\/02\/Autoridades1.jpg?resize=150%2C112&amp;ssl=1 150w, https:\/\/i0.wp.com\/eltrabajo.cl\/portal\/wp-content\/uploads\/2014\/02\/Autoridades1.jpg?resize=400%2C300&amp;ssl=1 400w\" sizes=\"auto, (max-width: 528px) 100vw, 528px\" \/><\/a><figcaption id=\"caption-attachment-42762\" class=\"wp-caption-text\">El Diputado Marco Antonio N\u00fa\u00f1ez entreg\u00f3 un fuerte respaldo al Alcalde Patricio Freire, quien asegur\u00f3 que el municipio ha presentado todos los antecedentes donde se ubicar\u00e1 el nuevo estadio de San Felipe.<\/figcaption><\/figure>\n<p>El Diputado Marco Antonio N\u00fa\u00f1ez entreg\u00f3 un fuerte respaldo al Alcalde Patricio Freire, quien asegur\u00f3 que el municipio ha presentado todos los antecedentes donde se ubicar\u00e1 el nuevo estadio de San Felipe. El parlamentario record\u00f3 que este fue uno de los compromisos que la propia Presidente Bachelet apoy\u00f3 en su visita a Aconcagua y que el edil tiene todas las capacidades para liderar en los pr\u00f3ximos a\u00f1os la construcci\u00f3n del nuevo recinto deportivo.<\/p>\n<p>\u00abEl Alcalde Patricio Freire har\u00e1 realidad el compromiso de la Presidente Michelle Bachelet de construir un nuevo estadio en San Felipe. En los pr\u00f3ximos a\u00f1os va a liderar este proyecto y tendr\u00e1 todo mi respaldo para seguir trabajando y concretar una de las aspiraciones que tiene la gente de Aconcagua, es extra\u00f1o que a pocos d\u00edas de dejar sus funciones el Director Regional del IND haga declaraciones que confunden a la comunidad. El municipio ha cumplido sus compromisos en los plazos que corresponde. Se envi\u00f3 la ubicaci\u00f3n del nuevo recinto deportivo y se est\u00e1n realizando los estudios topogr\u00e1ficos de acuerdo a las indicaciones entregadas por ese organismo\u00bb.<\/p>\n<p>\u00abEl alcalde ha trabajado para sacar adelante un proyecto que a todos nos importa. Ha demostrado su inter\u00e9s para avanzar con este nuevo recinto deportivo y hoy d\u00eda est\u00e1n las condiciones para que se construya. Tengo la certeza que el alcalde Patricio Freire ser\u00e1 recordado por la construcci\u00f3n del nuevo estadio de San Felipe\u00bb, concluy\u00f3 el Diputado Marco Antonio N\u00fa\u00f1ez.<\/p>\n<p>&nbsp;<\/p>\n","protected":false},"excerpt":{"rendered":"<p>El Diputado Marco Antonio N\u00fa\u00f1ez entreg\u00f3 un fuerte respaldo al Alcalde Patricio Freire, quien asegur\u00f3 que el municipio ha presentado todos los antecedentes donde se ubicar\u00e1 el nuevo estadio de San Felipe&#8230;.<\/p>\n","protected":false},"author":482,"featured_media":42762,"comment_status":"open","ping_status":"closed","sticky":false,"template":"","format":"standard","meta":{"advanced_seo_description":"","jetpack_seo_html_title":"","jetpack_seo_noindex":false,"_jetpack_memberships_contains_paid_content":false,"footnotes":""},"categories":[1],"tags":[],"class_list":["post-42761","post","type-post","status-publish","format-standard","has-post-thumbnail","hentry","category-cronica"],"jetpack_featured_media_url":"https:\/\/i0.wp.com\/eltrabajo.cl\/portal\/wp-content\/uploads\/2014\/02\/Autoridades1.jpg?fit=528%2C396&ssl=1","jetpack_sharing_enabled":true,"jetpack_likes_enabled":true,"jetpack-related-posts":[],"_links":{"self":[{"href":"https:\/\/eltrabajo.cl\/portal\/wp-json\/wp\/v2\/posts\/42761","targetHints":{"allow":["GET"]}}],"collection":[{"href":"https:\/\/eltrabajo.cl\/portal\/wp-json\/wp\/v2\/posts"}],"about":[{"href":"https:\/\/eltrabajo.cl\/portal\/wp-json\/wp\/v2\/types\/post"}],"author":[{"embeddable":true,"href":"https:\/\/eltrabajo.cl\/portal\/wp-json\/wp\/v2\/users\/482"}],"replies":[{"embeddable":true,"href":"https:\/\/eltrabajo.cl\/portal\/wp-json\/wp\/v2\/comments?post=42761"}],"version-history":[{"count":0,"href":"https:\/\/eltrabajo.cl\/portal\/wp-json\/wp\/v2\/posts\/42761\/revisions"}],"wp:featuredmedia":[{"embeddable":true,"href":"https:\/\/eltrabajo.cl\/portal\/wp-json\/wp\/v2\/media\/42762"}],"wp:attachment":[{"href":"https:\/\/eltrabajo.cl\/portal\/wp-json\/wp\/v2\/media?parent=42761"}],"wp:term":[{"taxonomy":"category","embeddable":true,"href":"https:\/\/eltrabajo.cl\/portal\/wp-json\/wp\/v2\/categories?post=42761"},{"taxonomy":"post_tag","embeddable":true,"href":"https:\/\/eltrabajo.cl\/portal\/wp-json\/wp\/v2\/tags?post=42761"}],"curies":[{"name":"wp","href":"https:\/\/api.w.org\/{rel}","templated":true}]}}