{"id":42769,"date":"2014-02-05T09:31:04","date_gmt":"2014-02-05T12:31:04","guid":{"rendered":"http:\/\/www.eltrabajo.cl\/portal\/?p=42769"},"modified":"2014-02-05T09:31:04","modified_gmt":"2014-02-05T12:31:04","slug":"administrador-municipal-asumiria-como-jefe-de-gabinete-de-nuevo-intendente-bravo","status":"publish","type":"post","link":"https:\/\/eltrabajo.cl\/portal\/administrador-municipal-asumiria-como-jefe-de-gabinete-de-nuevo-intendente-bravo\/","title":{"rendered":"Administrador Municipal asumir\u00eda como Jefe de Gabinete de nuevo Intendente Bravo"},"content":{"rendered":"<figure id=\"attachment_42770\" aria-describedby=\"caption-attachment-42770\" style=\"width: 317px\" class=\"wp-caption alignleft\"><a href=\"https:\/\/i0.wp.com\/www.eltrabajo.cl\/portal\/wp-content\/uploads\/2014\/02\/Mauricio-Quiroz.jpg\"><img data-recalc-dims=\"1\" loading=\"lazy\" decoding=\"async\" class=\" wp-image-42770 \" title=\"Mauricio Quiroz Chamorro, actual Administrador Municipal.\" alt=\"Mauricio Quiroz Chamorro, actual Administrador Municipal.\" src=\"https:\/\/i0.wp.com\/www.eltrabajo.cl\/portal\/wp-content\/uploads\/2014\/02\/Mauricio-Quiroz.jpg?resize=317%2C232\" width=\"317\" height=\"232\" srcset=\"https:\/\/i0.wp.com\/eltrabajo.cl\/portal\/wp-content\/uploads\/2014\/02\/Mauricio-Quiroz.jpg?w=529&amp;ssl=1 529w, https:\/\/i0.wp.com\/eltrabajo.cl\/portal\/wp-content\/uploads\/2014\/02\/Mauricio-Quiroz.jpg?resize=200%2C145&amp;ssl=1 200w, https:\/\/i0.wp.com\/eltrabajo.cl\/portal\/wp-content\/uploads\/2014\/02\/Mauricio-Quiroz.jpg?resize=150%2C109&amp;ssl=1 150w, https:\/\/i0.wp.com\/eltrabajo.cl\/portal\/wp-content\/uploads\/2014\/02\/Mauricio-Quiroz.jpg?resize=400%2C291&amp;ssl=1 400w\" sizes=\"auto, (max-width: 317px) 100vw, 317px\" \/><\/a><figcaption id=\"caption-attachment-42770\" class=\"wp-caption-text\">Mauricio Quiroz Chamorro, actual Administrador Municipal.<\/figcaption><\/figure>\n<p><strong>PUTAENDO<\/strong>.- Mauricio Quiroz Chamorro, actual Administrador Municipal, inform\u00f3 que \u00e9l se integrar\u00e1 al equipo de trabajo del pr\u00f3ximo Intendente Ricardo Bravo, donde eventualmente ocupar\u00eda el cargo de jefe de gabinete. Quiroz se\u00f1al\u00f3 que efectivamente el futuro Intendente Ricardo Bravo lo llam\u00f3 para que se integre a su equipo de trabajo a partir del pr\u00f3ximo 11 de marzo, agregando que con la pr\u00f3xima autoridad regional lo une un v\u00ednculo de trabajo y amistad que se ha plasmado en proyectos que han desarrollado juntos, como por ejemplo en la Gobernaci\u00f3n de Valpara\u00edso.<\/p>\n<p>Quiroz dijo que el nuevo intendente le ha solicitado como primera prioridad plasmar el proyecto de la Presidente Bachelet para la Regi\u00f3n de Valpara\u00edso e indic\u00f3 que no le cabe duda que la capacidad de trabajo, acercamiento y profesionalismo del nuevo intendente ser\u00e1 muy beneficiosa para la regi\u00f3n que a su juicio crecer\u00e1 en el pr\u00f3ximo gobierno de la Presidente Bachelet.<\/p>\n<p>Mauricio Quiroz indic\u00f3 adem\u00e1s que incorporarse al equipo del Intendente Bravo no es una compensaci\u00f3n para la regi\u00f3n interior, pues eso no existe en ese momento, ya que trabajar\u00e1 como un equipo y por supuesto le permitir\u00e1 hacer ver en la intendencia las necesidades de nuestra zona, pero de modo alguno es una compensaci\u00f3n poder ocupar un cargo tan importante en la intendencia.<\/p>\n<p>El eventual futuro jefe de gabinete dijo que a\u00fan no deciden qu\u00e9 cargo va a ocupar, pero se\u00f1al\u00f3 que el que sea lo desarrollar\u00e1 con mucha pasi\u00f3n y profesionalismo, adem\u00e1s confirm\u00f3 que esto ya lo convers\u00f3 con el Alcalde Guillermo Reyes y que trabajar\u00e1 en la Municipalidad de Putaendo hasta el pr\u00f3ximo 10 de marzo. En la ocasi\u00f3n agradeci\u00f3 el apoyo de los funcionarios municipales, adem\u00e1s de la confianza y responsabilidad que le entreg\u00f3 el Alcalde Reyes e indic\u00f3 que su nombramiento tambi\u00e9n se lo ofrece como una manera de gratitud al actual alcalde de Putaendo, pues asegur\u00f3 que este a\u00f1o se cumplen 20 a\u00f1os desde que Reyes fuera nombrado gobernador de la Provincia de San Felipe de Aconcagua, con quien tambi\u00e9n tuvo la suerte de trabajar y ser parte de su equipo.<\/p>\n<p>Patricio Gallardo M.<\/p>\n<p>&nbsp;<\/p>\n","protected":false},"excerpt":{"rendered":"<p>PUTAENDO.- Mauricio Quiroz Chamorro, actual Administrador Municipal, inform\u00f3 que \u00e9l se integrar\u00e1 al equipo de trabajo del pr\u00f3ximo Intendente Ricardo Bravo, donde eventualmente ocupar\u00eda el cargo de jefe de gabinete. Quiroz se\u00f1al\u00f3&#8230;<\/p>\n","protected":false},"author":482,"featured_media":42770,"comment_status":"open","ping_status":"closed","sticky":false,"template":"","format":"standard","meta":{"advanced_seo_description":"","jetpack_seo_html_title":"","jetpack_seo_noindex":false,"_jetpack_memberships_contains_paid_content":false,"footnotes":""},"categories":[1],"tags":[],"class_list":["post-42769","post","type-post","status-publish","format-standard","has-post-thumbnail","hentry","category-cronica"],"jetpack_featured_media_url":"https:\/\/i0.wp.com\/eltrabajo.cl\/portal\/wp-content\/uploads\/2014\/02\/Mauricio-Quiroz.jpg?fit=529%2C386&ssl=1","jetpack_sharing_enabled":true,"jetpack_likes_enabled":true,"jetpack-related-posts":[],"_links":{"self":[{"href":"https:\/\/eltrabajo.cl\/portal\/wp-json\/wp\/v2\/posts\/42769","targetHints":{"allow":["GET"]}}],"collection":[{"href":"https:\/\/eltrabajo.cl\/portal\/wp-json\/wp\/v2\/posts"}],"about":[{"href":"https:\/\/eltrabajo.cl\/portal\/wp-json\/wp\/v2\/types\/post"}],"author":[{"embeddable":true,"href":"https:\/\/eltrabajo.cl\/portal\/wp-json\/wp\/v2\/users\/482"}],"replies":[{"embeddable":true,"href":"https:\/\/eltrabajo.cl\/portal\/wp-json\/wp\/v2\/comments?post=42769"}],"version-history":[{"count":0,"href":"https:\/\/eltrabajo.cl\/portal\/wp-json\/wp\/v2\/posts\/42769\/revisions"}],"wp:featuredmedia":[{"embeddable":true,"href":"https:\/\/eltrabajo.cl\/portal\/wp-json\/wp\/v2\/media\/42770"}],"wp:attachment":[{"href":"https:\/\/eltrabajo.cl\/portal\/wp-json\/wp\/v2\/media?parent=42769"}],"wp:term":[{"taxonomy":"category","embeddable":true,"href":"https:\/\/eltrabajo.cl\/portal\/wp-json\/wp\/v2\/categories?post=42769"},{"taxonomy":"post_tag","embeddable":true,"href":"https:\/\/eltrabajo.cl\/portal\/wp-json\/wp\/v2\/tags?post=42769"}],"curies":[{"name":"wp","href":"https:\/\/api.w.org\/{rel}","templated":true}]}}