{"id":42772,"date":"2014-02-05T09:32:22","date_gmt":"2014-02-05T12:32:22","guid":{"rendered":"http:\/\/www.eltrabajo.cl\/portal\/?p=42772"},"modified":"2014-02-05T09:32:22","modified_gmt":"2014-02-05T12:32:22","slug":"vecinos-presentan-recurso-de-proteccion-para-impedir-instalacion-de-antena-de-telefonia","status":"publish","type":"post","link":"https:\/\/eltrabajo.cl\/portal\/vecinos-presentan-recurso-de-proteccion-para-impedir-instalacion-de-antena-de-telefonia\/","title":{"rendered":"Vecinos presentan Recurso de Protecci\u00f3n para impedir instalaci\u00f3n de antena de telefon\u00eda"},"content":{"rendered":"<figure id=\"attachment_42773\" aria-describedby=\"caption-attachment-42773\" style=\"width: 528px\" class=\"wp-caption alignnone\"><a href=\"https:\/\/i0.wp.com\/www.eltrabajo.cl\/portal\/wp-content\/uploads\/2014\/02\/Antena1.jpg\"><img data-recalc-dims=\"1\" loading=\"lazy\" decoding=\"async\" class=\"size-full wp-image-42773\" title=\"MOLESTOS.- Vecinos de Barrio Centenario, representados presentaron un Recurso de Protecci\u00f3n ante la Corte de Apelaciones de Valpara\u00edso, a fin de impedir la instalaci\u00f3n de una antena de telefon\u00eda m\u00f3vil en Calle Paraguay.\" alt=\"MOLESTOS.- Vecinos de Barrio Centenario, representados presentaron un Recurso de Protecci\u00f3n ante la Corte de Apelaciones de Valpara\u00edso, a fin de impedir la instalaci\u00f3n de una antena de telefon\u00eda m\u00f3vil en Calle Paraguay.\" src=\"https:\/\/i0.wp.com\/www.eltrabajo.cl\/portal\/wp-content\/uploads\/2014\/02\/Antena1.jpg?resize=528%2C260\" width=\"528\" height=\"260\" srcset=\"https:\/\/i0.wp.com\/eltrabajo.cl\/portal\/wp-content\/uploads\/2014\/02\/Antena1.jpg?w=528&amp;ssl=1 528w, https:\/\/i0.wp.com\/eltrabajo.cl\/portal\/wp-content\/uploads\/2014\/02\/Antena1.jpg?resize=200%2C98&amp;ssl=1 200w, https:\/\/i0.wp.com\/eltrabajo.cl\/portal\/wp-content\/uploads\/2014\/02\/Antena1.jpg?resize=300%2C147&amp;ssl=1 300w, https:\/\/i0.wp.com\/eltrabajo.cl\/portal\/wp-content\/uploads\/2014\/02\/Antena1.jpg?resize=150%2C73&amp;ssl=1 150w, https:\/\/i0.wp.com\/eltrabajo.cl\/portal\/wp-content\/uploads\/2014\/02\/Antena1.jpg?resize=400%2C196&amp;ssl=1 400w\" sizes=\"auto, (max-width: 528px) 100vw, 528px\" \/><\/a><figcaption id=\"caption-attachment-42773\" class=\"wp-caption-text\">MOLESTOS.- Vecinos de Barrio Centenario, representados presentaron un Recurso de Protecci\u00f3n ante la Corte de Apelaciones de Valpara\u00edso, a fin de impedir la instalaci\u00f3n de una antena de telefon\u00eda m\u00f3vil en Calle Paraguay.<\/figcaption><\/figure>\n<p><strong>LOS ANDES<\/strong>.- Vecinos de Barrio Centenario, representados por una Comisi\u00f3n de la Asamblea Popular de Los Andes presentaron un Recurso de Protecci\u00f3n ante la Corte de Apelaciones de Valpara\u00edso, a fin de impedir la instalaci\u00f3n de una antena de telefon\u00eda m\u00f3vil en Calle Paraguay. LAM presentaci\u00f3n de este recurso estuvo acompa\u00f1ada de un listado con m\u00e1s de 800 firmas de los vecinos, quienes se oponen tajantemente a que se levante una estructura de esas caracter\u00edsticas en el sector, afectando la calidad de vida y salud de los vecinos, muchos de los cuales son personas de la tercera edad.<\/p>\n<p>Esta medida forma parte de una f\u00e9rrea desde hace m\u00e1s de ocho meses, donde los vecinos han buscado el apoyo de pol\u00edticos locales sin \u00e9xito alguno. Hasta ahora se han llevado a cabo campa\u00f1as informativas, realizado cacerolazos e incluso, esta problem\u00e1tica forma parte de las tem\u00e1ticas locales reflejadas en el mural que se pint\u00f3 a principios de este a\u00f1o en dicho en el mismo sector.<\/p>\n<p>La Junta de Vecinos de Centenario en conjunto con la Asamblea Popular, est\u00e1n llevando a cabo todas las gestiones tendientes a que se respete el derecho de los vecinos a vivir en un ambiente sano y libre de contaminaci\u00f3n.<\/p>\n<p>La idea es que siente un precedente para que no se pase a llevar el derecho de los vecinos a pesar que la mala ley aprobada en el congreso entrega pocas facultades para poder impedir la instalaci\u00f3n de este tipo de antenas, aun cuando se propongan medidas de mitigaci\u00f3n.<\/p>\n<p>&nbsp;<\/p>\n","protected":false},"excerpt":{"rendered":"<p>LOS ANDES.- Vecinos de Barrio Centenario, representados por una Comisi\u00f3n de la Asamblea Popular de Los Andes presentaron un Recurso de Protecci\u00f3n ante la Corte de Apelaciones de Valpara\u00edso, a fin de&#8230;<\/p>\n","protected":false},"author":482,"featured_media":42773,"comment_status":"open","ping_status":"closed","sticky":false,"template":"","format":"standard","meta":{"advanced_seo_description":"","jetpack_seo_html_title":"","jetpack_seo_noindex":false,"_jetpack_memberships_contains_paid_content":false,"footnotes":""},"categories":[1],"tags":[],"class_list":["post-42772","post","type-post","status-publish","format-standard","has-post-thumbnail","hentry","category-cronica"],"jetpack_featured_media_url":"https:\/\/i0.wp.com\/eltrabajo.cl\/portal\/wp-content\/uploads\/2014\/02\/Antena1.jpg?fit=528%2C260&ssl=1","jetpack_sharing_enabled":true,"jetpack_likes_enabled":true,"jetpack-related-posts":[],"_links":{"self":[{"href":"https:\/\/eltrabajo.cl\/portal\/wp-json\/wp\/v2\/posts\/42772","targetHints":{"allow":["GET"]}}],"collection":[{"href":"https:\/\/eltrabajo.cl\/portal\/wp-json\/wp\/v2\/posts"}],"about":[{"href":"https:\/\/eltrabajo.cl\/portal\/wp-json\/wp\/v2\/types\/post"}],"author":[{"embeddable":true,"href":"https:\/\/eltrabajo.cl\/portal\/wp-json\/wp\/v2\/users\/482"}],"replies":[{"embeddable":true,"href":"https:\/\/eltrabajo.cl\/portal\/wp-json\/wp\/v2\/comments?post=42772"}],"version-history":[{"count":0,"href":"https:\/\/eltrabajo.cl\/portal\/wp-json\/wp\/v2\/posts\/42772\/revisions"}],"wp:featuredmedia":[{"embeddable":true,"href":"https:\/\/eltrabajo.cl\/portal\/wp-json\/wp\/v2\/media\/42773"}],"wp:attachment":[{"href":"https:\/\/eltrabajo.cl\/portal\/wp-json\/wp\/v2\/media?parent=42772"}],"wp:term":[{"taxonomy":"category","embeddable":true,"href":"https:\/\/eltrabajo.cl\/portal\/wp-json\/wp\/v2\/categories?post=42772"},{"taxonomy":"post_tag","embeddable":true,"href":"https:\/\/eltrabajo.cl\/portal\/wp-json\/wp\/v2\/tags?post=42772"}],"curies":[{"name":"wp","href":"https:\/\/api.w.org\/{rel}","templated":true}]}}