{"id":42775,"date":"2014-02-05T09:33:30","date_gmt":"2014-02-05T12:33:30","guid":{"rendered":"http:\/\/www.eltrabajo.cl\/portal\/?p=42775"},"modified":"2014-02-05T09:33:30","modified_gmt":"2014-02-05T12:33:30","slug":"camara-de-comercio-plantea-inquietudes-de-seguridad-a-carabineros","status":"publish","type":"post","link":"https:\/\/eltrabajo.cl\/portal\/camara-de-comercio-plantea-inquietudes-de-seguridad-a-carabineros\/","title":{"rendered":"C\u00e1mara de Comercio plantea inquietudes de seguridad a Carabineros"},"content":{"rendered":"<figure id=\"attachment_42776\" aria-describedby=\"caption-attachment-42776\" style=\"width: 528px\" class=\"wp-caption alignnone\"><a href=\"https:\/\/i0.wp.com\/www.eltrabajo.cl\/portal\/wp-content\/uploads\/2014\/02\/Reunion-Camara-Carabineros.jpg\"><img data-recalc-dims=\"1\" loading=\"lazy\" decoding=\"async\" class=\"size-full wp-image-42776\" title=\"El Comisario de Carabineros Mayor V\u00edctor Del Valle, se reuni\u00f3 con los dirigentes Omar Juri y Alan Guerrero.\" alt=\"El Comisario de Carabineros Mayor V\u00edctor Del Valle, se reuni\u00f3 con los dirigentes Omar Juri y Alan Guerrero.\" src=\"https:\/\/i0.wp.com\/www.eltrabajo.cl\/portal\/wp-content\/uploads\/2014\/02\/Reunion-Camara-Carabineros.jpg?resize=528%2C282\" width=\"528\" height=\"282\" srcset=\"https:\/\/i0.wp.com\/eltrabajo.cl\/portal\/wp-content\/uploads\/2014\/02\/Reunion-Camara-Carabineros.jpg?w=528&amp;ssl=1 528w, https:\/\/i0.wp.com\/eltrabajo.cl\/portal\/wp-content\/uploads\/2014\/02\/Reunion-Camara-Carabineros.jpg?resize=200%2C106&amp;ssl=1 200w, https:\/\/i0.wp.com\/eltrabajo.cl\/portal\/wp-content\/uploads\/2014\/02\/Reunion-Camara-Carabineros.jpg?resize=300%2C160&amp;ssl=1 300w, https:\/\/i0.wp.com\/eltrabajo.cl\/portal\/wp-content\/uploads\/2014\/02\/Reunion-Camara-Carabineros.jpg?resize=150%2C80&amp;ssl=1 150w, https:\/\/i0.wp.com\/eltrabajo.cl\/portal\/wp-content\/uploads\/2014\/02\/Reunion-Camara-Carabineros.jpg?resize=400%2C213&amp;ssl=1 400w\" sizes=\"auto, (max-width: 528px) 100vw, 528px\" \/><\/a><figcaption id=\"caption-attachment-42776\" class=\"wp-caption-text\">El Comisario de Carabineros Mayor V\u00edctor Del Valle, se reuni\u00f3 con los dirigentes Omar Juri y Alan Guerrero.<\/figcaption><\/figure>\n<p>Una productiva reuni\u00f3n con el Jefe de la Segunda Comisar\u00eda de Carabineros de San Felipe, Mayor V\u00edctor Manuel Del Valle, sostuvieron dirigentes de la C\u00e1mara de Comercio, a fin de presentarse ante la nueva autoridad, darle a conocer las inquietudes de este sector y coordinar un trabajo conjunto con la Polic\u00eda. La cita se realiz\u00f3 en dependencias de Carabineros, oportunidad en la que el Presidente de la C\u00e1mara de Comercio de San Felipe, Omar Juri, le plante\u00f3 las problem\u00e1ticas en materia de seguridad que presentan los comerciantes de la comuna, lo que sumado a la audacia y muchas veces, la violencia de los ladrones, genera que se conviertan en v\u00edctimas de la delincuencia.<\/p>\n<p>\u00abEntendemos que la seguridad de los comerciantes y del comercio no depende cien por ciento de Carabineros, como C\u00e1mara le ofrecimos al comisario nuestro apoyo, as\u00ed como a todo el equipo que define y materializa la seguridad de los comerciantes y de la comunidad en general\u00bb, manifest\u00f3 Juri.<\/p>\n<p>Explic\u00f3 Omar, que a partir de los an\u00e1lisis que tiene Carabineros, se ha solicitado a la entidad que \u00e9l encabeza ser un canal de comunicaci\u00f3n entre Carabineros y los comerciantes, en tanto que a nivel de difusi\u00f3n, la entidad se siente llamada a generar instancias de inducci\u00f3n para incrementar las denuncias por delitos.<\/p>\n<p>\u00abLa idea es que la gente debe comunicar a Carabineros no s\u00f3lo de los hechos consumados, sino tambi\u00e9n de situaciones que puedan generar peligro. El Mayor nos plantea derechamente, que nos convirtamos en los representantes o canalizadores de estos reclamos, entendiendo que muchas veces, lo que frena a los comerciantes a denunciar, es el temor a represalias\u00bb, indic\u00f3 el dirigente.<\/p>\n<p>Precis\u00f3 que una de las preocupaciones de la C\u00e1mara, corresponde al hecho que la mayor cantidad de delitos se est\u00e1n registrando en jornada diurna, por lo mismo, Juri formul\u00f3 un llamado a los comerciantes a tener una actitud mucho m\u00e1s proactiva que reactiva, frente al tema de la prevenci\u00f3n y a delincuencia.<\/p>\n<p><strong>CARABINEROS<\/strong><\/p>\n<p>Durante la reuni\u00f3n adem\u00e1s,Carabineros dio a conocer a la dirigencia los lineamientos del trabajo para el a\u00f1o 2014, como asimismo, se acordaron en la oportunidad, varias acciones tendientes a mejorar la sensaci\u00f3n de seguridad, para que la comunidad pueda asistir tranquilamente a efectuar compras, sobre todo en la zona correspondiente al Barrio Comercial.<\/p>\n<p>El Mayor Del Valle se\u00f1al\u00f3 que \u00aben la oportunidad, me plantearon los dirigentes su preocupaci\u00f3n por temas tales como el comercio ambulante, donde muchas personas que lo ejercen no cuentan con la autorizaci\u00f3n correspondiente\u00bb. A\u00f1adi\u00f3 que \u00abme he comprometido con la dirigencia a reunirme con la C\u00e1mara de Comercio en pleno, para dar a conocer nuestra opini\u00f3n y planteamientos, as\u00ed como para conocer de parte de cada comerciante, sus inquietudes, que permita en definitiva ir complementando lo ya existente\u00bb.<\/p>\n<p>El oficial policial recalc\u00f3 la necesidad de que los comerciantes se comprometan con su seguridad y con el trabajo de Carabineros, partiendo por la oportuna realizaci\u00f3n de la denuncia ante un delito, ya que de esa manera se puede georreferenciar adecuadamente los servicios policiales.<\/p>\n","protected":false},"excerpt":{"rendered":"<p>Una productiva reuni\u00f3n con el Jefe de la Segunda Comisar\u00eda de Carabineros de San Felipe, Mayor V\u00edctor Manuel Del Valle, sostuvieron dirigentes de la C\u00e1mara de Comercio, a fin de presentarse ante&#8230;<\/p>\n","protected":false},"author":482,"featured_media":42776,"comment_status":"open","ping_status":"closed","sticky":false,"template":"","format":"standard","meta":{"advanced_seo_description":"","jetpack_seo_html_title":"","jetpack_seo_noindex":false,"_jetpack_memberships_contains_paid_content":false,"footnotes":""},"categories":[1],"tags":[],"class_list":["post-42775","post","type-post","status-publish","format-standard","has-post-thumbnail","hentry","category-cronica"],"jetpack_featured_media_url":"https:\/\/i0.wp.com\/eltrabajo.cl\/portal\/wp-content\/uploads\/2014\/02\/Reunion-Camara-Carabineros.jpg?fit=528%2C282&ssl=1","jetpack_sharing_enabled":true,"jetpack_likes_enabled":true,"jetpack-related-posts":[],"_links":{"self":[{"href":"https:\/\/eltrabajo.cl\/portal\/wp-json\/wp\/v2\/posts\/42775","targetHints":{"allow":["GET"]}}],"collection":[{"href":"https:\/\/eltrabajo.cl\/portal\/wp-json\/wp\/v2\/posts"}],"about":[{"href":"https:\/\/eltrabajo.cl\/portal\/wp-json\/wp\/v2\/types\/post"}],"author":[{"embeddable":true,"href":"https:\/\/eltrabajo.cl\/portal\/wp-json\/wp\/v2\/users\/482"}],"replies":[{"embeddable":true,"href":"https:\/\/eltrabajo.cl\/portal\/wp-json\/wp\/v2\/comments?post=42775"}],"version-history":[{"count":0,"href":"https:\/\/eltrabajo.cl\/portal\/wp-json\/wp\/v2\/posts\/42775\/revisions"}],"wp:featuredmedia":[{"embeddable":true,"href":"https:\/\/eltrabajo.cl\/portal\/wp-json\/wp\/v2\/media\/42776"}],"wp:attachment":[{"href":"https:\/\/eltrabajo.cl\/portal\/wp-json\/wp\/v2\/media?parent=42775"}],"wp:term":[{"taxonomy":"category","embeddable":true,"href":"https:\/\/eltrabajo.cl\/portal\/wp-json\/wp\/v2\/categories?post=42775"},{"taxonomy":"post_tag","embeddable":true,"href":"https:\/\/eltrabajo.cl\/portal\/wp-json\/wp\/v2\/tags?post=42775"}],"curies":[{"name":"wp","href":"https:\/\/api.w.org\/{rel}","templated":true}]}}