{"id":42778,"date":"2014-02-05T09:39:44","date_gmt":"2014-02-05T12:39:44","guid":{"rendered":"http:\/\/www.eltrabajo.cl\/portal\/?p=42778"},"modified":"2014-02-05T09:39:44","modified_gmt":"2014-02-05T12:39:44","slug":"instalaran-malla-de-alta-seguridad-en-villa-250-anos","status":"publish","type":"post","link":"https:\/\/eltrabajo.cl\/portal\/instalaran-malla-de-alta-seguridad-en-villa-250-anos\/","title":{"rendered":"Instalar\u00e1n malla de alta seguridad en Villa 250 A\u00f1os"},"content":{"rendered":"<figure id=\"attachment_42779\" aria-describedby=\"caption-attachment-42779\" style=\"width: 423px\" class=\"wp-caption alignleft\"><a href=\"https:\/\/i0.wp.com\/www.eltrabajo.cl\/portal\/wp-content\/uploads\/2014\/02\/Malla1.jpg\"><img data-recalc-dims=\"1\" loading=\"lazy\" decoding=\"async\" class=\" wp-image-42779 \" title=\"La DOH ha mandatado a Quinta Empresa para que ejecute los trabajos de instalaci\u00f3n de una reja de seguridad, sobre la cubierta del canal que pasa por un costado de Villa 250 a\u00f1os\" alt=\"La DOH ha mandatado a Quinta Empresa para que ejecute los trabajos de instalaci\u00f3n de una reja de seguridad, sobre la cubierta del canal que pasa por un costado de Villa 250 a\u00f1os\" src=\"https:\/\/i0.wp.com\/www.eltrabajo.cl\/portal\/wp-content\/uploads\/2014\/02\/Malla1.jpg?resize=423%2C282\" width=\"423\" height=\"282\" srcset=\"https:\/\/i0.wp.com\/eltrabajo.cl\/portal\/wp-content\/uploads\/2014\/02\/Malla1.jpg?w=529&amp;ssl=1 529w, https:\/\/i0.wp.com\/eltrabajo.cl\/portal\/wp-content\/uploads\/2014\/02\/Malla1.jpg?resize=200%2C133&amp;ssl=1 200w, https:\/\/i0.wp.com\/eltrabajo.cl\/portal\/wp-content\/uploads\/2014\/02\/Malla1.jpg?resize=300%2C200&amp;ssl=1 300w, https:\/\/i0.wp.com\/eltrabajo.cl\/portal\/wp-content\/uploads\/2014\/02\/Malla1.jpg?resize=150%2C100&amp;ssl=1 150w, https:\/\/i0.wp.com\/eltrabajo.cl\/portal\/wp-content\/uploads\/2014\/02\/Malla1.jpg?resize=400%2C266&amp;ssl=1 400w\" sizes=\"auto, (max-width: 423px) 100vw, 423px\" \/><\/a><figcaption id=\"caption-attachment-42779\" class=\"wp-caption-text\">La DOH ha mandatado a Quinta Empresa para que ejecute los trabajos de instalaci\u00f3n de una reja de seguridad, sobre la cubierta del canal que pasa por un costado de Villa 250 a\u00f1os<\/figcaption><\/figure>\n<p>La Direcci\u00f3n de Obras Hidr\u00e1ulicas ha mandatado a Quinta Empresa, para que ejecute los trabajos de instalaci\u00f3n de una reja de seguridad, sobre la cubierta del canal que pasa por un costado de Villa 250 a\u00f1os de la comuna de San Felipe. La Gobernadora Patricia Boffa se reuni\u00f3 con vecinos del lugar, encabezadas por la se\u00f1ora Pamela Palma, quien act\u00faa como vocera, con el fin de poder informar los trabajos que se van a ejecutar en el sector.<\/p>\n<p>La autoridad provincial les inform\u00f3 que tras un compromiso adquirido con la DOH, se proceder\u00e1 a la instalaci\u00f3n de una malla de alta densidad, que act\u00faa como una protecci\u00f3n de seguridad sobre el canal en una longitud de 200 metros.<\/p>\n<p>\u00abComo Gobernadora adquir\u00ed un compromiso con los vecinos de Villa 250 a\u00f1os, entiendo la preocupaci\u00f3n de cada uno de ellos por la seguridad de sus hijos, al momento que el canal comience a transporta agua. Por lo tanto junto a la DOH, se les inform\u00f3 en su momento de la instalaci\u00f3n de una malla de seguridad, trabajos que se van a iniciar en los pr\u00f3ximos d\u00edas por parte de Quinta Empresa. Nos reunimos con los vecinos y sus dirigentes y se les explico en que van a consistir los trabajos, como asimismo dar la tranquilidad, que el canal va a funcionar cuando est\u00e9n implementadas las medidas de seguridad\u00bb, dijo Boffa.<\/p>\n<p>En tanto, Pamela Palma al referirse al tema se\u00f1alo que lo informado por la Gobernadora les da a los vecinos una mayor tranquilidad, por la seguridad de sus hijos.<\/p>\n<p>\u00abEstamos muy agradecidas de la Gobernadora, pues se va a instalar una buena protecci\u00f3n para nuestros ni\u00f1os y ya no vamos a estar con esa preocupaci\u00f3n que un ni\u00f1o nuestro se caiga a las aguas del canal\u00f3n. Ahora espero que la gente de la villa nos ayude y cuiden esta obra, porque es una seguridad para nuestros ni\u00f1os\u00bb, detall\u00f3 Palma a Diario El Trabajo.<\/p>\n<p>&nbsp;<\/p>\n","protected":false},"excerpt":{"rendered":"<p>La Direcci\u00f3n de Obras Hidr\u00e1ulicas ha mandatado a Quinta Empresa, para que ejecute los trabajos de instalaci\u00f3n de una reja de seguridad, sobre la cubierta del canal que pasa por un costado&#8230;<\/p>\n","protected":false},"author":482,"featured_media":42779,"comment_status":"open","ping_status":"closed","sticky":false,"template":"","format":"standard","meta":{"advanced_seo_description":"","jetpack_seo_html_title":"","jetpack_seo_noindex":false,"_jetpack_memberships_contains_paid_content":false,"footnotes":""},"categories":[1],"tags":[],"class_list":["post-42778","post","type-post","status-publish","format-standard","has-post-thumbnail","hentry","category-cronica"],"jetpack_featured_media_url":"https:\/\/i0.wp.com\/eltrabajo.cl\/portal\/wp-content\/uploads\/2014\/02\/Malla1.jpg?fit=529%2C353&ssl=1","jetpack_sharing_enabled":true,"jetpack_likes_enabled":true,"jetpack-related-posts":[],"_links":{"self":[{"href":"https:\/\/eltrabajo.cl\/portal\/wp-json\/wp\/v2\/posts\/42778","targetHints":{"allow":["GET"]}}],"collection":[{"href":"https:\/\/eltrabajo.cl\/portal\/wp-json\/wp\/v2\/posts"}],"about":[{"href":"https:\/\/eltrabajo.cl\/portal\/wp-json\/wp\/v2\/types\/post"}],"author":[{"embeddable":true,"href":"https:\/\/eltrabajo.cl\/portal\/wp-json\/wp\/v2\/users\/482"}],"replies":[{"embeddable":true,"href":"https:\/\/eltrabajo.cl\/portal\/wp-json\/wp\/v2\/comments?post=42778"}],"version-history":[{"count":0,"href":"https:\/\/eltrabajo.cl\/portal\/wp-json\/wp\/v2\/posts\/42778\/revisions"}],"wp:featuredmedia":[{"embeddable":true,"href":"https:\/\/eltrabajo.cl\/portal\/wp-json\/wp\/v2\/media\/42779"}],"wp:attachment":[{"href":"https:\/\/eltrabajo.cl\/portal\/wp-json\/wp\/v2\/media?parent=42778"}],"wp:term":[{"taxonomy":"category","embeddable":true,"href":"https:\/\/eltrabajo.cl\/portal\/wp-json\/wp\/v2\/categories?post=42778"},{"taxonomy":"post_tag","embeddable":true,"href":"https:\/\/eltrabajo.cl\/portal\/wp-json\/wp\/v2\/tags?post=42778"}],"curies":[{"name":"wp","href":"https:\/\/api.w.org\/{rel}","templated":true}]}}