{"id":42782,"date":"2014-02-05T09:41:03","date_gmt":"2014-02-05T12:41:03","guid":{"rendered":"http:\/\/www.eltrabajo.cl\/portal\/?p=42782"},"modified":"2014-02-05T09:41:03","modified_gmt":"2014-02-05T12:41:03","slug":"muchas-actividades-culturales-tiene-organizadas-el-municipio-para-febrero","status":"publish","type":"post","link":"https:\/\/eltrabajo.cl\/portal\/muchas-actividades-culturales-tiene-organizadas-el-municipio-para-febrero\/","title":{"rendered":"Muchas actividades culturales tiene organizadas el municipio para febrero"},"content":{"rendered":"<figure id=\"attachment_42783\" aria-describedby=\"caption-attachment-42783\" style=\"width: 529px\" class=\"wp-caption alignnone\"><a href=\"https:\/\/i0.wp.com\/www.eltrabajo.cl\/portal\/wp-content\/uploads\/2014\/02\/bicitour.jpg\"><img data-recalc-dims=\"1\" loading=\"lazy\" decoding=\"async\" class=\"size-full wp-image-42783\" title=\"Un nuevo bicitour patrimonial est\u00e1 organizando el departamento de Cultura, aunque esta vez ser\u00e1 nocturno, como una manera de apreciar desde otra mirada, nuestra comuna.\" alt=\"Un nuevo bicitour patrimonial est\u00e1 organizando el departamento de Cultura, aunque esta vez ser\u00e1 nocturno, como una manera de apreciar desde otra mirada, nuestra comuna.\" src=\"https:\/\/i0.wp.com\/www.eltrabajo.cl\/portal\/wp-content\/uploads\/2014\/02\/bicitour.jpg?resize=529%2C355\" width=\"529\" height=\"355\" srcset=\"https:\/\/i0.wp.com\/eltrabajo.cl\/portal\/wp-content\/uploads\/2014\/02\/bicitour.jpg?w=529&amp;ssl=1 529w, https:\/\/i0.wp.com\/eltrabajo.cl\/portal\/wp-content\/uploads\/2014\/02\/bicitour.jpg?resize=200%2C134&amp;ssl=1 200w, https:\/\/i0.wp.com\/eltrabajo.cl\/portal\/wp-content\/uploads\/2014\/02\/bicitour.jpg?resize=300%2C201&amp;ssl=1 300w, https:\/\/i0.wp.com\/eltrabajo.cl\/portal\/wp-content\/uploads\/2014\/02\/bicitour.jpg?resize=150%2C100&amp;ssl=1 150w, https:\/\/i0.wp.com\/eltrabajo.cl\/portal\/wp-content\/uploads\/2014\/02\/bicitour.jpg?resize=400%2C268&amp;ssl=1 400w\" sizes=\"auto, (max-width: 529px) 100vw, 529px\" \/><\/a><figcaption id=\"caption-attachment-42783\" class=\"wp-caption-text\">Un nuevo bicitour patrimonial est\u00e1 organizando el departamento de Cultura, aunque esta vez ser\u00e1 nocturno, como una manera de apreciar desde otra mirada, nuestra comuna.<\/figcaption><\/figure>\n<p>Un completo programa de actividades ha organizado el Departamento de Cultura de la Municipalidad de San Felipe para el mes de febrero y la invitaci\u00f3n es a toda la comunidad para disfrutar de la m\u00e1s variada y entretenida cartelera en este verano 2014. El programa cultural para este mes contempla todos los mi\u00e9rcoles cine en Alameda Chacabuco, frente al N\u00b0 178, donde se presentar\u00e1n los \u00e9xitos del cine a nivel mundial, es as\u00ed que este mi\u00e9rcoles 5 se exhibir\u00e1 \u2018Gloria\u2019, de Sebasti\u00e1n Lelio, el mi\u00e9rcoles 12 \u2018Capit\u00e1n Philips\u2019, de Tom Hanks, el mi\u00e9rcoles 19 \u2018Mayordomo de la Casa Blanca\u2019 y el mi\u00e9rcoles 26 \u2018Diana\u2019, de Oliver Hirschbiegel.<\/p>\n<p>Los jueves 6 y 13 de este mes, entre las 21:00 y las 23:00 horas se volver\u00e1n a realizar visitas nocturnas al Cementerio Almendral, y quienes quieran participar se deber\u00e1n inscribir previamente en el mail cultura@sanfe.cl o llamar al 2509082.<\/p>\n<p>\u00abEsta actividad es con inscripci\u00f3n previa, porque la vez pasada llegaron muchos vecinos y ahora tomamos la precauci\u00f3n de inscribir a 30 personas por tour, deben inscribirse en el correo cultura@sanfe.cl hasta ma\u00f1ana mi\u00e9rcoles, porque esta actividad es el jueves desde las nueve de la noche\u00bb, dijo Patricia Lolas, Coordinadora de Cultura y Recreaci\u00f3n.<\/p>\n<p>Las actividades contin\u00faan el viernes 7, entre las 18:00 y las 20:00 horas, cuando \u2018Los payasos se tomen la Plaza de Armas de San Felipe\u2019, mientras que el domingo 16 y el s\u00e1bado 22 el Departamento de Cultura ha organizado un paseo ecol\u00f3gico-patrimonial con una visita a los T\u00famulos de Bellavista.<\/p>\n<p>Ese mismo d\u00eda, a las 19:30 horas en el Teatro del Liceo Roberto Humeres, Talento San Felipe presentar\u00e1 un \u2018Tributo a la m\u00fasica Anglo\u2019.<\/p>\n<p>Las actividades contin\u00faan el viernes 28, a mediod\u00eda con teatro infantil al aire libre. Ese d\u00eda se presentar\u00e1 la obra \u2018En busca de la llama eterna\u2019, a cargo de la compa\u00f1\u00eda Nok-Nok, iniciativa que se realizar\u00e1 en el bandej\u00f3n central de Yungay, en el sector de los juegos de los dinosaurios. Ese mismo d\u00eda, a las 20:30 horas el departamento de Cultura ha organizado el primer bicitour nocturno, que tiene como objetivo \u2018Redescubrir nuestro patrimonio industrial\u2019.<\/p>\n<p>\u00abEste febrero va a tener un especial \u00e9nfasis en materia patrimonial, hemos organizado un paseo ecol\u00f3gico patrimonial a un sector de Bellavista a descubrir los t\u00famulos funerarios que es un sector de entierro de la cultura Aconcagua, es un sector de mucha historia y la idea es que en familia visitemos ese lugar. Y para el viernes 28 reiterar la invitaci\u00f3n a los bicitour nocturno, hay que inscribirse y la idea es visitar distintos lugares de San Felipe descubriendo nuestro patrimonio industrial, por ejemplo Laf\u00f3n con su curtiembre o la estaci\u00f3n de ferrocarriles\u00bb, dijo Manuel Z\u00fa\u00f1iga, Coordinador de Cultura y Patrimonio.<\/p>\n<p>La actividad se realizar\u00e1 con inscripciones previas, que deben hacerse en el mail cultura@sanfe.cl o solicitar informaci\u00f3n al 250 9082.<\/p>\n<p>&nbsp;<\/p>\n","protected":false},"excerpt":{"rendered":"<p>Un completo programa de actividades ha organizado el Departamento de Cultura de la Municipalidad de San Felipe para el mes de febrero y la invitaci\u00f3n es a toda la comunidad para disfrutar&#8230;<\/p>\n","protected":false},"author":482,"featured_media":42783,"comment_status":"open","ping_status":"closed","sticky":false,"template":"","format":"standard","meta":{"advanced_seo_description":"","jetpack_seo_html_title":"","jetpack_seo_noindex":false,"_jetpack_memberships_contains_paid_content":false,"footnotes":""},"categories":[1],"tags":[],"class_list":["post-42782","post","type-post","status-publish","format-standard","has-post-thumbnail","hentry","category-cronica"],"jetpack_featured_media_url":"https:\/\/i0.wp.com\/eltrabajo.cl\/portal\/wp-content\/uploads\/2014\/02\/bicitour.jpg?fit=529%2C355&ssl=1","jetpack_sharing_enabled":true,"jetpack_likes_enabled":true,"jetpack-related-posts":[],"_links":{"self":[{"href":"https:\/\/eltrabajo.cl\/portal\/wp-json\/wp\/v2\/posts\/42782","targetHints":{"allow":["GET"]}}],"collection":[{"href":"https:\/\/eltrabajo.cl\/portal\/wp-json\/wp\/v2\/posts"}],"about":[{"href":"https:\/\/eltrabajo.cl\/portal\/wp-json\/wp\/v2\/types\/post"}],"author":[{"embeddable":true,"href":"https:\/\/eltrabajo.cl\/portal\/wp-json\/wp\/v2\/users\/482"}],"replies":[{"embeddable":true,"href":"https:\/\/eltrabajo.cl\/portal\/wp-json\/wp\/v2\/comments?post=42782"}],"version-history":[{"count":0,"href":"https:\/\/eltrabajo.cl\/portal\/wp-json\/wp\/v2\/posts\/42782\/revisions"}],"wp:featuredmedia":[{"embeddable":true,"href":"https:\/\/eltrabajo.cl\/portal\/wp-json\/wp\/v2\/media\/42783"}],"wp:attachment":[{"href":"https:\/\/eltrabajo.cl\/portal\/wp-json\/wp\/v2\/media?parent=42782"}],"wp:term":[{"taxonomy":"category","embeddable":true,"href":"https:\/\/eltrabajo.cl\/portal\/wp-json\/wp\/v2\/categories?post=42782"},{"taxonomy":"post_tag","embeddable":true,"href":"https:\/\/eltrabajo.cl\/portal\/wp-json\/wp\/v2\/tags?post=42782"}],"curies":[{"name":"wp","href":"https:\/\/api.w.org\/{rel}","templated":true}]}}