{"id":42785,"date":"2014-02-05T09:42:22","date_gmt":"2014-02-05T12:42:22","guid":{"rendered":"http:\/\/www.eltrabajo.cl\/portal\/?p=42785"},"modified":"2014-02-05T09:42:22","modified_gmt":"2014-02-05T12:42:22","slug":"seleccion-de-basquet-u-13-celebra-con-el-alcalde-freire-su-triunfo-nacional","status":"publish","type":"post","link":"https:\/\/eltrabajo.cl\/portal\/seleccion-de-basquet-u-13-celebra-con-el-alcalde-freire-su-triunfo-nacional\/","title":{"rendered":"Selecci\u00f3n de B\u00e1squet U-13 celebra con el Alcalde Freire su triunfo nacional"},"content":{"rendered":"<figure id=\"attachment_42786\" aria-describedby=\"caption-attachment-42786\" style=\"width: 529px\" class=\"wp-caption alignnone\"><a href=\"https:\/\/i0.wp.com\/www.eltrabajo.cl\/portal\/wp-content\/uploads\/2014\/02\/campeones-nacionales.jpg\"><img data-recalc-dims=\"1\" loading=\"lazy\" decoding=\"async\" class=\"size-full wp-image-42786\" title=\"Durante este mes de febrero el equipo descansar\u00e1 y en marzo volver\u00e1n los  entrenamientos, ya que est\u00e1n invitados a participar en una liga en Santiago.  \" alt=\"Durante este mes de febrero el equipo descansar\u00e1 y en marzo volver\u00e1n los  entrenamientos, ya que est\u00e1n invitados a participar en una liga en Santiago.  \" src=\"https:\/\/i0.wp.com\/www.eltrabajo.cl\/portal\/wp-content\/uploads\/2014\/02\/campeones-nacionales.jpg?resize=529%2C310\" width=\"529\" height=\"310\" srcset=\"https:\/\/i0.wp.com\/eltrabajo.cl\/portal\/wp-content\/uploads\/2014\/02\/campeones-nacionales.jpg?w=529&amp;ssl=1 529w, https:\/\/i0.wp.com\/eltrabajo.cl\/portal\/wp-content\/uploads\/2014\/02\/campeones-nacionales.jpg?resize=200%2C117&amp;ssl=1 200w, https:\/\/i0.wp.com\/eltrabajo.cl\/portal\/wp-content\/uploads\/2014\/02\/campeones-nacionales.jpg?resize=300%2C175&amp;ssl=1 300w, https:\/\/i0.wp.com\/eltrabajo.cl\/portal\/wp-content\/uploads\/2014\/02\/campeones-nacionales.jpg?resize=150%2C87&amp;ssl=1 150w, https:\/\/i0.wp.com\/eltrabajo.cl\/portal\/wp-content\/uploads\/2014\/02\/campeones-nacionales.jpg?resize=400%2C234&amp;ssl=1 400w\" sizes=\"auto, (max-width: 529px) 100vw, 529px\" \/><\/a><figcaption id=\"caption-attachment-42786\" class=\"wp-caption-text\">Durante este mes de febrero el equipo descansar\u00e1 y en marzo volver\u00e1n los entrenamientos, ya que est\u00e1n invitados a participar en una liga en Santiago.<\/figcaption><\/figure>\n<p>Con un desayuno en que particip\u00f3 la Selecci\u00f3n de B\u00e1squetbol U-13 de San Felipe, el Alcalde Patricio Freire quiso destacar a estos deportistas que lograron el primer lugar en el Campeonato Nacional, disputado hace una semana en nuestra comuna. Acompa\u00f1ados del cuerpo t\u00e9cnico y algunos acompa\u00f1ados de sus padres, los deportistas llegaron hasta la Municipalidad para compartir un desayuno con el jefe comunal y su equipo de trabajo, instancia donde los adolescentes fueron felicitados por el logro obtenido.<\/p>\n<p>\u00abQueremos celebrar un t\u00edtulo a nivel nacional de la U-13, estamos muy contentos de estar junto a estos campeones nacional, sus pap\u00e1s y su profesor, quienes tambi\u00e9n son los art\u00edfices de estos triunfos. Estamos apoyando todas las disciplinas deportivas y estos j\u00f3venes es un ejemplo para el resto de la comunidad y est\u00e1 dejando el nombre de San Felipe bien puesto, en un sitial a nivel nacional\u00bb, dijo Freire.<\/p>\n<p>Los jugadores vienen practicando desde hace varios a\u00f1os tanto en sus respectivos establecimientos educacionales as\u00ed como tambi\u00e9n en los talleres municipales, que son apoyados por la corporaci\u00f3n edilicia.<\/p>\n<p>\u00abEllos han tenido una carga mayor de entrenamiento, logrando el objetivo de salir campeones nacionales a lo que se suma un grupo de apoderados muy bueno, que es fundamental para que se desarrolle un deportista y la Asociaci\u00f3n de B\u00e1squetbol de San Felipe que nos ha apoyado en todo momento. Es una alegr\u00eda inmensa lograr este t\u00edtulo nacional y que fuera en San Felipe donde pudimos celebrar con toda la gentex\u00bb, dijo el entrenador del equipo, Felipe Rodr\u00edguez.<\/p>\n<p>Adem\u00e1s de ser buenos deportistas, estos j\u00f3venes tienen un muy buen rendimiento acad\u00e9mico en sus establecimientos, lo que demuestra que ambas actividades pueden realizarse en paralelo, lo que les ha permitido adem\u00e1s obtener valores como la responsabilidad, la tenacidad y la perseverancia.<\/p>\n<p>Y todo el sacrificio que pusieron estos deportistas dio sus frutos la lograr el campeonato nacional en su categor\u00eda.<\/p>\n<p>\u00abNosotros est\u00e1bamos muy contentos por todo el sacrificio y el entrenamiento, levantarnos temprano vali\u00f3 la pena, gracias al profesor que nos ayud\u00f3 mucho y los pap\u00e1s que nos apoyaron, a la Municipalidad que nos ayud\u00f3. Todo empez\u00f3 en el colegio, con un equipo en que nos llevamos muy bien y en enero a principio de a\u00f1o empezamos con el entrenamiento para el nacional y salimos campeones, estamos muy orgullosos, este es el deporte que amamos y vamos a seguir entrenando siempre\u00bb, dijo Sim\u00f3n Salgado, que con doce a\u00f1os es el Capit\u00e1n del equipo.<\/p>\n<p>Durante este mes de febrero el equipo descansar\u00e1 y en marzo volver\u00e1n los entrenamientos, ya que est\u00e1n invitados a participar en una liga en Santiago y tienen como objetivo formar un club deportivo, que cuente con el apoyo de la Municipalidad como una forma de fomentar el b\u00e1squetbol en la comuna.<\/p>\n","protected":false},"excerpt":{"rendered":"<p>Con un desayuno en que particip\u00f3 la Selecci\u00f3n de B\u00e1squetbol U-13 de San Felipe, el Alcalde Patricio Freire quiso destacar a estos deportistas que lograron el primer lugar en el Campeonato Nacional,&#8230;<\/p>\n","protected":false},"author":482,"featured_media":42786,"comment_status":"open","ping_status":"closed","sticky":false,"template":"","format":"standard","meta":{"advanced_seo_description":"","jetpack_seo_html_title":"","jetpack_seo_noindex":false,"_jetpack_memberships_contains_paid_content":false,"footnotes":""},"categories":[15],"tags":[],"class_list":["post-42785","post","type-post","status-publish","format-standard","has-post-thumbnail","hentry","category-comunidad"],"jetpack_featured_media_url":"https:\/\/i0.wp.com\/eltrabajo.cl\/portal\/wp-content\/uploads\/2014\/02\/campeones-nacionales.jpg?fit=529%2C310&ssl=1","jetpack_sharing_enabled":true,"jetpack_likes_enabled":true,"jetpack-related-posts":[],"_links":{"self":[{"href":"https:\/\/eltrabajo.cl\/portal\/wp-json\/wp\/v2\/posts\/42785","targetHints":{"allow":["GET"]}}],"collection":[{"href":"https:\/\/eltrabajo.cl\/portal\/wp-json\/wp\/v2\/posts"}],"about":[{"href":"https:\/\/eltrabajo.cl\/portal\/wp-json\/wp\/v2\/types\/post"}],"author":[{"embeddable":true,"href":"https:\/\/eltrabajo.cl\/portal\/wp-json\/wp\/v2\/users\/482"}],"replies":[{"embeddable":true,"href":"https:\/\/eltrabajo.cl\/portal\/wp-json\/wp\/v2\/comments?post=42785"}],"version-history":[{"count":0,"href":"https:\/\/eltrabajo.cl\/portal\/wp-json\/wp\/v2\/posts\/42785\/revisions"}],"wp:featuredmedia":[{"embeddable":true,"href":"https:\/\/eltrabajo.cl\/portal\/wp-json\/wp\/v2\/media\/42786"}],"wp:attachment":[{"href":"https:\/\/eltrabajo.cl\/portal\/wp-json\/wp\/v2\/media?parent=42785"}],"wp:term":[{"taxonomy":"category","embeddable":true,"href":"https:\/\/eltrabajo.cl\/portal\/wp-json\/wp\/v2\/categories?post=42785"},{"taxonomy":"post_tag","embeddable":true,"href":"https:\/\/eltrabajo.cl\/portal\/wp-json\/wp\/v2\/tags?post=42785"}],"curies":[{"name":"wp","href":"https:\/\/api.w.org\/{rel}","templated":true}]}}