{"id":42788,"date":"2014-02-05T09:43:50","date_gmt":"2014-02-05T12:43:50","guid":{"rendered":"http:\/\/www.eltrabajo.cl\/portal\/?p=42788"},"modified":"2014-02-05T09:43:50","modified_gmt":"2014-02-05T12:43:50","slug":"arranca-postulacion-al-programa-mujer-trabajadora-y-jefa-de-hogar-de-sernam","status":"publish","type":"post","link":"https:\/\/eltrabajo.cl\/portal\/arranca-postulacion-al-programa-mujer-trabajadora-y-jefa-de-hogar-de-sernam\/","title":{"rendered":"Arranca postulaci\u00f3n al Programa Mujer Trabajadora y Jefa de Hogar de Sernam"},"content":{"rendered":"<figure id=\"attachment_42789\" aria-describedby=\"caption-attachment-42789\" style=\"width: 529px\" class=\"wp-caption alignnone\"><a href=\"https:\/\/i0.wp.com\/www.eltrabajo.cl\/portal\/wp-content\/uploads\/2014\/02\/Mujeres1.jpg\"><img data-recalc-dims=\"1\" loading=\"lazy\" decoding=\"async\" class=\"size-full wp-image-42789\" title=\"Las sanfelipe\u00f1as tambi\u00e9n podr\u00e1n postular a este programa regional en las oficinas de la ciudad.\" alt=\"Las sanfelipe\u00f1as tambi\u00e9n podr\u00e1n postular a este programa regional en las oficinas de la ciudad.\" src=\"https:\/\/i0.wp.com\/www.eltrabajo.cl\/portal\/wp-content\/uploads\/2014\/02\/Mujeres1.jpg?resize=529%2C388\" width=\"529\" height=\"388\" srcset=\"https:\/\/i0.wp.com\/eltrabajo.cl\/portal\/wp-content\/uploads\/2014\/02\/Mujeres1.jpg?w=529&amp;ssl=1 529w, https:\/\/i0.wp.com\/eltrabajo.cl\/portal\/wp-content\/uploads\/2014\/02\/Mujeres1.jpg?resize=200%2C146&amp;ssl=1 200w, https:\/\/i0.wp.com\/eltrabajo.cl\/portal\/wp-content\/uploads\/2014\/02\/Mujeres1.jpg?resize=300%2C220&amp;ssl=1 300w, https:\/\/i0.wp.com\/eltrabajo.cl\/portal\/wp-content\/uploads\/2014\/02\/Mujeres1.jpg?resize=150%2C110&amp;ssl=1 150w, https:\/\/i0.wp.com\/eltrabajo.cl\/portal\/wp-content\/uploads\/2014\/02\/Mujeres1.jpg?resize=400%2C293&amp;ssl=1 400w\" sizes=\"auto, (max-width: 529px) 100vw, 529px\" \/><\/a><figcaption id=\"caption-attachment-42789\" class=\"wp-caption-text\">Las sanfelipe\u00f1as tambi\u00e9n podr\u00e1n postular a este programa regional en las oficinas de la ciudad.<\/figcaption><\/figure>\n<p>Con el objetivo de contribuir a la inserci\u00f3n laboral de calidad de las mujeres, la Direcci\u00f3n Regional del Servicio Nacional de la Mujer inici\u00f3 el proceso de postulaci\u00f3n al Programa Mujer Trabajadora y Jefa de Hogar, que tiene como fin entregar herramientas para enfrentar las principales barreras de acceso que enfrentan las mujeres en el mercado del trabajo.<\/p>\n<p>La Directora Regional Subrogante, Isidora Vergara, realiz\u00f3 el llamado a las mujeres de la regi\u00f3n para postular al programa y capacitarse para poder mejorar la calidad de vida de sus familias. \u00abHago un llamado a todas las jefas de hogar o mujeres trabajadoras de la regi\u00f3n, para que postulen al programa y tengan mejores competencias para enfrentarse al mundo del trabajo\u00bb. Junto con lo anterior, se\u00f1al\u00f3 que el programa se enfoca tanto en las mujeres trabajadoras dependientes como independientes o emprendedoras, entreg\u00e1ndoles capacitaciones, charlas y fondos concursables para que logren consolidar sus trabajos o emprendimientos. Junto con lo anterior, el programa contempla una serie de apoyos para las participantes, orientadas a lograr que se incorporen en mejores condiciones al mercado laboral, entre ellos destacan:<\/p>\n<p>Talleres de Habilitaci\u00f3n Laboral; Capacitaci\u00f3n e Intermediaci\u00f3n laboral; Apoyo al emprendimiento; Nivelaci\u00f3n de estudios; Alfabetizaci\u00f3n digital; Atenci\u00f3n en salud odontol\u00f3gica y Educaci\u00f3n parvularia.<\/p>\n<p>El programa est\u00e1 destinado en mujeres trabajadoras jefas de hogar, correspondiente a aquellas mujeres econ\u00f3micamente activas que tienen responsabilidades familiares y es el principal sustento econ\u00f3mico del hogar y adem\u00e1s a mujeres trabajadoras jefas de n\u00facleo secundario, referido a mujeres econ\u00f3micamente activas que vive al interior de un hogar que tiene un jefe o jefa distinto a ella, pero con su aporte econ\u00f3mico mantiene cargas familiares de su n\u00facleo.<\/p>\n<p><strong>REQUISITOS PARA POSTULAR<\/strong><\/p>\n<p>Tener entre 18 y 65 a\u00f1os de edad.<\/p>\n<p>Tener responsabilidades familiares a su cargo (hijos\/as, nietos\/as, padres, etc.).<\/p>\n<p>Ser econ\u00f3micamente activa: estar trabajando de manera dependiente o independiente, cesante o buscando trabajo por primera vez (dependiente o independiente).<\/p>\n<p>Tener Ficha de Protecci\u00f3n Social con puntaje no superior a 13.484 puntos.<\/p>\n<p>Que no se encuentren participando o inscritas en la L\u00ednea Formativa de la Fundaci\u00f3n Prodemu.<\/p>\n<p>Vivir o trabajar en la comuna donde se implemente el programa.<\/p>\n<p>\u00bfQu\u00e9 documentaci\u00f3n se exige?: Fotocopia carnet de Identidad \/ Fotocopia credencial de salud (Fonasa o Isapre) \/ Fotocopia cuenta de agua, luz, tv cable, etc., que acredite direcci\u00f3n \/ Certificado puntaje Ficha Protecci\u00f3n Social.<\/p>\n<p>Las interesadas tienen hasta la segunda semana de marzo para postular y deben dirigirse a los municipios de Valpara\u00edso, Vi\u00f1a del Mar, Olmu\u00e9, Putaendo, La Ligua, Nogales, Llay Lay, San Antonio, Quillota, Los Andes, Hijuelas, Calle Larga, San Felipe, Quintero, Puchuncav\u00ed, Cartagena, El Quisco, La Calera, Petorca, Catemu, Cabildo, Panquehue, Conc\u00f3n, Rinconada de los Andes y Quilpu\u00e9, comunas donde se ejecuta el programa.<\/p>\n<p>&nbsp;<\/p>\n<p>&nbsp;<\/p>\n","protected":false},"excerpt":{"rendered":"<p>Con el objetivo de contribuir a la inserci\u00f3n laboral de calidad de las mujeres, la Direcci\u00f3n Regional del Servicio Nacional de la Mujer inici\u00f3 el proceso de postulaci\u00f3n al Programa Mujer Trabajadora&#8230;<\/p>\n","protected":false},"author":482,"featured_media":42789,"comment_status":"open","ping_status":"closed","sticky":false,"template":"","format":"standard","meta":{"advanced_seo_description":"","jetpack_seo_html_title":"","jetpack_seo_noindex":false,"_jetpack_memberships_contains_paid_content":false,"footnotes":""},"categories":[15],"tags":[],"class_list":["post-42788","post","type-post","status-publish","format-standard","has-post-thumbnail","hentry","category-comunidad"],"jetpack_featured_media_url":"https:\/\/i0.wp.com\/eltrabajo.cl\/portal\/wp-content\/uploads\/2014\/02\/Mujeres1.jpg?fit=529%2C388&ssl=1","jetpack_sharing_enabled":true,"jetpack_likes_enabled":true,"jetpack-related-posts":[],"_links":{"self":[{"href":"https:\/\/eltrabajo.cl\/portal\/wp-json\/wp\/v2\/posts\/42788","targetHints":{"allow":["GET"]}}],"collection":[{"href":"https:\/\/eltrabajo.cl\/portal\/wp-json\/wp\/v2\/posts"}],"about":[{"href":"https:\/\/eltrabajo.cl\/portal\/wp-json\/wp\/v2\/types\/post"}],"author":[{"embeddable":true,"href":"https:\/\/eltrabajo.cl\/portal\/wp-json\/wp\/v2\/users\/482"}],"replies":[{"embeddable":true,"href":"https:\/\/eltrabajo.cl\/portal\/wp-json\/wp\/v2\/comments?post=42788"}],"version-history":[{"count":0,"href":"https:\/\/eltrabajo.cl\/portal\/wp-json\/wp\/v2\/posts\/42788\/revisions"}],"wp:featuredmedia":[{"embeddable":true,"href":"https:\/\/eltrabajo.cl\/portal\/wp-json\/wp\/v2\/media\/42789"}],"wp:attachment":[{"href":"https:\/\/eltrabajo.cl\/portal\/wp-json\/wp\/v2\/media?parent=42788"}],"wp:term":[{"taxonomy":"category","embeddable":true,"href":"https:\/\/eltrabajo.cl\/portal\/wp-json\/wp\/v2\/categories?post=42788"},{"taxonomy":"post_tag","embeddable":true,"href":"https:\/\/eltrabajo.cl\/portal\/wp-json\/wp\/v2\/tags?post=42788"}],"curies":[{"name":"wp","href":"https:\/\/api.w.org\/{rel}","templated":true}]}}