{"id":42792,"date":"2014-02-05T09:46:51","date_gmt":"2014-02-05T12:46:51","guid":{"rendered":"http:\/\/www.eltrabajo.cl\/portal\/?p=42792"},"modified":"2014-02-05T09:46:51","modified_gmt":"2014-02-05T12:46:51","slug":"vecinos-de-el-senorial-felices-con-fondo-presidente-de-la-republica","status":"publish","type":"post","link":"https:\/\/eltrabajo.cl\/portal\/vecinos-de-el-senorial-felices-con-fondo-presidente-de-la-republica\/","title":{"rendered":"Vecinos de El Se\u00f1orial felices con Fondo Presidente de la Rep\u00fablica"},"content":{"rendered":"<figure id=\"attachment_42793\" aria-describedby=\"caption-attachment-42793\" style=\"width: 529px\" class=\"wp-caption alignnone\"><a href=\"https:\/\/i0.wp.com\/www.eltrabajo.cl\/portal\/wp-content\/uploads\/2014\/02\/Senorial6.jpg\"><img data-recalc-dims=\"1\" loading=\"lazy\" decoding=\"async\" class=\"size-full wp-image-42793\" title=\"Este proyecto demand\u00f3 una inversi\u00f3n de 29 millones de pesos y fue financiado a trav\u00e9s del Fondo Social Presidente de la Rep\u00fablica. \" alt=\"Este proyecto demand\u00f3 una inversi\u00f3n de 29 millones de pesos y fue financiado a trav\u00e9s del Fondo Social Presidente de la Rep\u00fablica. \" src=\"https:\/\/i0.wp.com\/www.eltrabajo.cl\/portal\/wp-content\/uploads\/2014\/02\/Senorial6.jpg?resize=529%2C286\" width=\"529\" height=\"286\" srcset=\"https:\/\/i0.wp.com\/eltrabajo.cl\/portal\/wp-content\/uploads\/2014\/02\/Senorial6.jpg?w=529&amp;ssl=1 529w, https:\/\/i0.wp.com\/eltrabajo.cl\/portal\/wp-content\/uploads\/2014\/02\/Senorial6.jpg?resize=200%2C108&amp;ssl=1 200w, https:\/\/i0.wp.com\/eltrabajo.cl\/portal\/wp-content\/uploads\/2014\/02\/Senorial6.jpg?resize=300%2C162&amp;ssl=1 300w, https:\/\/i0.wp.com\/eltrabajo.cl\/portal\/wp-content\/uploads\/2014\/02\/Senorial6.jpg?resize=150%2C81&amp;ssl=1 150w, https:\/\/i0.wp.com\/eltrabajo.cl\/portal\/wp-content\/uploads\/2014\/02\/Senorial6.jpg?resize=400%2C216&amp;ssl=1 400w\" sizes=\"auto, (max-width: 529px) 100vw, 529px\" \/><\/a><figcaption id=\"caption-attachment-42793\" class=\"wp-caption-text\">Este proyecto demand\u00f3 una inversi\u00f3n de 29 millones de pesos y fue financiado a trav\u00e9s del Fondo Social Presidente de la Rep\u00fablica.<\/figcaption><\/figure>\n<p>Una visita a la sede comunitaria de Villa El Se\u00f1orial VI etapa de la comuna de San Felipe, realiz\u00f3 la Gobernadora Patricia Boffa. Se trata de un proyecto que demand\u00f3 una inversi\u00f3n de 29 millones de pesos, y que fue \u00edntegramente financiado a trav\u00e9s del Fondo Social Presidente de la Rep\u00fablica. La Gobernadora sostuvo una reuni\u00f3n con los vecinos de la villa, con el fin de conocer las obras y poder apoyar con las etapas siguientes del proyecto y que se relacionan espec\u00edficamente con el equipamiento del lugar.<\/p>\n<p>El proyecto fue apoyado en su postulaci\u00f3n por Boffa y fue ella, precisamente quien hizo entrega de los recursos el a\u00f1o 2012 a la directiva de la junta de vecinos, siendo este proyecto el m\u00e1s alto entregado a nivel regional. El fondo permiti\u00f3 que la junta de vecinos de Villa El Se\u00f1orial VI etapa, cuente con una amplia, c\u00f3moda y s\u00f3lida estructura, la que considera una amplia sala de reuniones, cocina, ba\u00f1o. Adem\u00e1s, el espacio f\u00edsico considera un terreno para la habilitaci\u00f3n de \u00e1reas verdes y otros implementos.<\/p>\n<p>\u00abEstoy muy contenta con los vecinos de Villa El Se\u00f1orial, pues lograron sacar adelante un proyecto que es muy importante cada uno de ellos. Para m\u00ed como autoridad, esto tiene un doble sentido, pues fui yo misma quien hizo entrega de los recursos el 2012, y ahora vemos un proyecto terminado. Del mismo modo hay algunas necesidades vigentes a\u00fan, por lo mismo voy ayudar en lo que sea necesario, en apoyar un proyecto que permita implementar una inversi\u00f3n en equipamiento\u00bb, explico la Gobernadora Boffa.<\/p>\n<p>El tanto la Presidente de la Junta de Vecinos, Sara Moreno, manifest\u00f3 su agradecimiento a las autoridades.<\/p>\n<p>\u00abPara nosotros este es un lugar de mucha utilidad, nos va a permitir reunirnos como vecinos y poder planificar nuestras acciones que van en directo beneficio de nuestra comunidad. Del mismo modo quiero agradecer a la Gobernadora Patricia Boffa, por todo el apoyo prestado hacia nuestra junta de vecinos\u00bb.<\/p>\n<p>&nbsp;<\/p>\n","protected":false},"excerpt":{"rendered":"<p>Una visita a la sede comunitaria de Villa El Se\u00f1orial VI etapa de la comuna de San Felipe, realiz\u00f3 la Gobernadora Patricia Boffa. Se trata de un proyecto que demand\u00f3 una inversi\u00f3n&#8230;<\/p>\n","protected":false},"author":482,"featured_media":42793,"comment_status":"open","ping_status":"closed","sticky":false,"template":"","format":"standard","meta":{"advanced_seo_description":"","jetpack_seo_html_title":"","jetpack_seo_noindex":false,"_jetpack_memberships_contains_paid_content":false,"footnotes":""},"categories":[1],"tags":[],"class_list":["post-42792","post","type-post","status-publish","format-standard","has-post-thumbnail","hentry","category-cronica"],"jetpack_featured_media_url":"https:\/\/i0.wp.com\/eltrabajo.cl\/portal\/wp-content\/uploads\/2014\/02\/Senorial6.jpg?fit=529%2C286&ssl=1","jetpack_sharing_enabled":true,"jetpack_likes_enabled":true,"jetpack-related-posts":[],"_links":{"self":[{"href":"https:\/\/eltrabajo.cl\/portal\/wp-json\/wp\/v2\/posts\/42792","targetHints":{"allow":["GET"]}}],"collection":[{"href":"https:\/\/eltrabajo.cl\/portal\/wp-json\/wp\/v2\/posts"}],"about":[{"href":"https:\/\/eltrabajo.cl\/portal\/wp-json\/wp\/v2\/types\/post"}],"author":[{"embeddable":true,"href":"https:\/\/eltrabajo.cl\/portal\/wp-json\/wp\/v2\/users\/482"}],"replies":[{"embeddable":true,"href":"https:\/\/eltrabajo.cl\/portal\/wp-json\/wp\/v2\/comments?post=42792"}],"version-history":[{"count":0,"href":"https:\/\/eltrabajo.cl\/portal\/wp-json\/wp\/v2\/posts\/42792\/revisions"}],"wp:featuredmedia":[{"embeddable":true,"href":"https:\/\/eltrabajo.cl\/portal\/wp-json\/wp\/v2\/media\/42793"}],"wp:attachment":[{"href":"https:\/\/eltrabajo.cl\/portal\/wp-json\/wp\/v2\/media?parent=42792"}],"wp:term":[{"taxonomy":"category","embeddable":true,"href":"https:\/\/eltrabajo.cl\/portal\/wp-json\/wp\/v2\/categories?post=42792"},{"taxonomy":"post_tag","embeddable":true,"href":"https:\/\/eltrabajo.cl\/portal\/wp-json\/wp\/v2\/tags?post=42792"}],"curies":[{"name":"wp","href":"https:\/\/api.w.org\/{rel}","templated":true}]}}