{"id":42812,"date":"2014-02-06T09:15:28","date_gmt":"2014-02-06T12:15:28","guid":{"rendered":"http:\/\/www.eltrabajo.cl\/portal\/?p=42812"},"modified":"2014-02-06T09:15:28","modified_gmt":"2014-02-06T12:15:28","slug":"peques-eligieron-pasar-el-verano-aprendiendo-computacion-en-la-biblioteca","status":"publish","type":"post","link":"https:\/\/eltrabajo.cl\/portal\/peques-eligieron-pasar-el-verano-aprendiendo-computacion-en-la-biblioteca\/","title":{"rendered":"Peques eligieron pasar el verano aprendiendo computaci\u00f3n en la biblioteca"},"content":{"rendered":"<figure id=\"attachment_42813\" aria-describedby=\"caption-attachment-42813\" style=\"width: 529px\" class=\"wp-caption alignnone\"><a href=\"https:\/\/i0.wp.com\/www.eltrabajo.cl\/portal\/wp-content\/uploads\/2014\/02\/curso-computacion.jpg\"><img data-recalc-dims=\"1\" loading=\"lazy\" decoding=\"async\" class=\"size-full wp-image-42813\" title=\"Estos cursos se han desarrollado en per\u00edodos de vacaciones a los ni\u00f1os que no tienen tiempo durante el a\u00f1o de alfabetizarse digitalmente.\" alt=\"Estos cursos se han desarrollado en per\u00edodos de vacaciones a los ni\u00f1os que no tienen tiempo durante el a\u00f1o de alfabetizarse digitalmente.\" src=\"https:\/\/i0.wp.com\/www.eltrabajo.cl\/portal\/wp-content\/uploads\/2014\/02\/curso-computacion.jpg?resize=529%2C385\" width=\"529\" height=\"385\" srcset=\"https:\/\/i0.wp.com\/eltrabajo.cl\/portal\/wp-content\/uploads\/2014\/02\/curso-computacion.jpg?w=529&amp;ssl=1 529w, https:\/\/i0.wp.com\/eltrabajo.cl\/portal\/wp-content\/uploads\/2014\/02\/curso-computacion.jpg?resize=200%2C145&amp;ssl=1 200w, https:\/\/i0.wp.com\/eltrabajo.cl\/portal\/wp-content\/uploads\/2014\/02\/curso-computacion.jpg?resize=300%2C218&amp;ssl=1 300w, https:\/\/i0.wp.com\/eltrabajo.cl\/portal\/wp-content\/uploads\/2014\/02\/curso-computacion.jpg?resize=150%2C109&amp;ssl=1 150w, https:\/\/i0.wp.com\/eltrabajo.cl\/portal\/wp-content\/uploads\/2014\/02\/curso-computacion.jpg?resize=400%2C291&amp;ssl=1 400w\" sizes=\"auto, (max-width: 529px) 100vw, 529px\" \/><\/a><figcaption id=\"caption-attachment-42813\" class=\"wp-caption-text\">Estos cursos se han desarrollado en per\u00edodos de vacaciones a los ni\u00f1os que no tienen tiempo durante el a\u00f1o de alfabetizarse digitalmente.<\/figcaption><\/figure>\n<p>Una entretenida iniciativa desarroll\u00f3 durante estas dos \u00faltimas semanas, la Biblioteca P\u00fablica de San Felipe, ya que en este tiempo dict\u00f3 cursos de computaci\u00f3n para los ni\u00f1os y ni\u00f1as de la comuna. La idea era generar una instancia para que los ni\u00f1os que no tienen tiempo durante el a\u00f1o de asistir a clases de computaci\u00f3n lo hicieran en esta fecha, especialmente aquellos que no salen de la comuna.<\/p>\n<p>Seg\u00fan explic\u00f3 Macarena Blanca, encargada de la biblioteca, \u00abestos cursos se han desarrollado en per\u00edodos de vacaciones a los ni\u00f1os que no tienen tiempo durante el a\u00f1o de alfabetizarse digitalmente y es una opci\u00f3n para los pap\u00e1s para llevarlos a un lugar entretenido donde puedan interactuar, aprender y pasarlo bien\u00bb.<\/p>\n<p>Los ni\u00f1os han tenido clases diarias, con cinco d\u00edas de duraci\u00f3n para cada curso, tiempo durante el cual han podido aprender distintos varios temas, desde encender el computador, su equipamiento, hardware, el sistema operativo de Windows e internet, entre otros aspectos. Las clases comenzaron el 27 de enero y culminan este viernes 7 de febrero con una muy positiva evaluaci\u00f3n, ya que particip\u00f3 una importante cantidad de ni\u00f1os y ni\u00f1as, quienes disfrutaron con las clases e hicieron amigos.<\/p>\n<p>\u00abMe ha parecido s\u00faper bueno porque he aprendido cosas que no sab\u00eda y me han reforzado lo que ya sab\u00eda. Cuando llegu\u00e9 me hice amiga de todas ac\u00e1 y en los recreos andamos juntas y tambi\u00e9n hemos aprendido hartas cosas. Yo vine a entregar unos libros y ah\u00ed supe de los cursos, as\u00ed que me inscrib\u00ed y comenc\u00e9 a venir\u00bb, coment\u00f3 Andy Montecinos.<\/p>\n<p>Catalina Colarte, tambi\u00e9n est\u00e1 feliz participando de los cursos, los que le han permitido aprender sobre distintos temas, \u00abhemos aprendido cosas que no sab\u00edamos de los computadores, ahora estamos en el correo electr\u00f3nicos, la hemos pasado muy bien porque en los recreos podemos ir a leer, entonces podemos hacer varias actividades\u00bb.<\/p>\n<p>Karen Zamora, apoderada de una de las alumnas, destac\u00f3 esta iniciativa, que permite a los ni\u00f1os aprender, hacer amigos y pasar unas vacaciones diferentes. \u00abMe parece excelente porque los sacas un rato de la casa y aprenden algo, porque ella sabe computaci\u00f3n pero lo b\u00e1sico y ahora han aprendido harto, est\u00e1 bien entusiasmada\u00bb, dijo la mam\u00e1.<\/p>\n<p>&nbsp;<\/p>\n","protected":false},"excerpt":{"rendered":"<p>Una entretenida iniciativa desarroll\u00f3 durante estas dos \u00faltimas semanas, la Biblioteca P\u00fablica de San Felipe, ya que en este tiempo dict\u00f3 cursos de computaci\u00f3n para los ni\u00f1os y ni\u00f1as de la comuna&#8230;.<\/p>\n","protected":false},"author":482,"featured_media":42813,"comment_status":"open","ping_status":"closed","sticky":false,"template":"","format":"standard","meta":{"advanced_seo_description":"","jetpack_seo_html_title":"","jetpack_seo_noindex":false,"_jetpack_memberships_contains_paid_content":false,"footnotes":""},"categories":[15],"tags":[],"class_list":["post-42812","post","type-post","status-publish","format-standard","has-post-thumbnail","hentry","category-comunidad"],"jetpack_featured_media_url":"https:\/\/i0.wp.com\/eltrabajo.cl\/portal\/wp-content\/uploads\/2014\/02\/curso-computacion.jpg?fit=529%2C385&ssl=1","jetpack_sharing_enabled":true,"jetpack_likes_enabled":true,"jetpack-related-posts":[],"_links":{"self":[{"href":"https:\/\/eltrabajo.cl\/portal\/wp-json\/wp\/v2\/posts\/42812","targetHints":{"allow":["GET"]}}],"collection":[{"href":"https:\/\/eltrabajo.cl\/portal\/wp-json\/wp\/v2\/posts"}],"about":[{"href":"https:\/\/eltrabajo.cl\/portal\/wp-json\/wp\/v2\/types\/post"}],"author":[{"embeddable":true,"href":"https:\/\/eltrabajo.cl\/portal\/wp-json\/wp\/v2\/users\/482"}],"replies":[{"embeddable":true,"href":"https:\/\/eltrabajo.cl\/portal\/wp-json\/wp\/v2\/comments?post=42812"}],"version-history":[{"count":0,"href":"https:\/\/eltrabajo.cl\/portal\/wp-json\/wp\/v2\/posts\/42812\/revisions"}],"wp:featuredmedia":[{"embeddable":true,"href":"https:\/\/eltrabajo.cl\/portal\/wp-json\/wp\/v2\/media\/42813"}],"wp:attachment":[{"href":"https:\/\/eltrabajo.cl\/portal\/wp-json\/wp\/v2\/media?parent=42812"}],"wp:term":[{"taxonomy":"category","embeddable":true,"href":"https:\/\/eltrabajo.cl\/portal\/wp-json\/wp\/v2\/categories?post=42812"},{"taxonomy":"post_tag","embeddable":true,"href":"https:\/\/eltrabajo.cl\/portal\/wp-json\/wp\/v2\/tags?post=42812"}],"curies":[{"name":"wp","href":"https:\/\/api.w.org\/{rel}","templated":true}]}}