{"id":42815,"date":"2014-02-06T09:17:00","date_gmt":"2014-02-06T12:17:00","guid":{"rendered":"http:\/\/www.eltrabajo.cl\/portal\/?p=42815"},"modified":"2014-02-06T09:17:00","modified_gmt":"2014-02-06T12:17:00","slug":"mas-de-330-familias-favorecidas-con-subsidios-para-mejorar-y-ampliar-de-sus-casas","status":"publish","type":"post","link":"https:\/\/eltrabajo.cl\/portal\/mas-de-330-familias-favorecidas-con-subsidios-para-mejorar-y-ampliar-de-sus-casas\/","title":{"rendered":"M\u00e1s de 330 familias favorecidas con subsidios para mejorar y ampliar de sus casas"},"content":{"rendered":"<figure id=\"attachment_42816\" aria-describedby=\"caption-attachment-42816\" style=\"width: 528px\" class=\"wp-caption alignnone\"><a href=\"https:\/\/i0.wp.com\/www.eltrabajo.cl\/portal\/wp-content\/uploads\/2014\/02\/comites1.jpg\"><img data-recalc-dims=\"1\" loading=\"lazy\" decoding=\"async\" class=\"size-full wp-image-42816\" title=\"La inversi\u00f3n supera los 500 millones de pesos que ser\u00e1n entregados a los 16 comit\u00e9s ganadores.\" alt=\"La inversi\u00f3n supera los 500 millones de pesos que ser\u00e1n entregados a los 16 comit\u00e9s ganadores.\" src=\"https:\/\/i0.wp.com\/www.eltrabajo.cl\/portal\/wp-content\/uploads\/2014\/02\/comites1.jpg?resize=528%2C329\" width=\"528\" height=\"329\" srcset=\"https:\/\/i0.wp.com\/eltrabajo.cl\/portal\/wp-content\/uploads\/2014\/02\/comites1.jpg?w=528&amp;ssl=1 528w, https:\/\/i0.wp.com\/eltrabajo.cl\/portal\/wp-content\/uploads\/2014\/02\/comites1.jpg?resize=200%2C124&amp;ssl=1 200w, https:\/\/i0.wp.com\/eltrabajo.cl\/portal\/wp-content\/uploads\/2014\/02\/comites1.jpg?resize=300%2C186&amp;ssl=1 300w, https:\/\/i0.wp.com\/eltrabajo.cl\/portal\/wp-content\/uploads\/2014\/02\/comites1.jpg?resize=150%2C93&amp;ssl=1 150w, https:\/\/i0.wp.com\/eltrabajo.cl\/portal\/wp-content\/uploads\/2014\/02\/comites1.jpg?resize=400%2C249&amp;ssl=1 400w\" sizes=\"auto, (max-width: 528px) 100vw, 528px\" \/><\/a><figcaption id=\"caption-attachment-42816\" class=\"wp-caption-text\">La inversi\u00f3n supera los 500 millones de pesos que ser\u00e1n entregados a los 16 comit\u00e9s ganadores.<\/figcaption><\/figure>\n<p><strong>LOS ANDES.<\/strong>&#8211; Un total de 334 familias pertenecientes a 16 comit\u00e9s de la comuna de Los Andes, se vieron favorecidas con la adjudicaci\u00f3n de subsidios para Ampliaci\u00f3n y Mejoramiento de sus viviendas, a trav\u00e9s del Programa de Protecci\u00f3n al Patrimonio Familiar que desarrolla el Ministerio de la Vivienda. La Encargada de la Oficina Comunal de la Vivienda, Francisca Torres, destac\u00f3 que la comuna de Los Andes fue la que obtuvo mayor cantidad de comit\u00e9s beneficiados con este subsidio a nivel de toda la Quinta Regi\u00f3n, lo que representar\u00e1 un beneficio indirecto para cerca de 1.400 personas.<\/p>\n<p>Manifest\u00f3 que la oficina act\u00faa como Egis, prestando un servicio completamente gratuito para que las familias puedan optar a este subsidio, que en el caso del mejoramiento de los inmuebles va de entre las 50 y 80 Unidades de Fomento, mientras que para las ampliaciones de hasta doce metros cuadrados se puede optar a un subsidio de 90 Unidades de Fomento.<\/p>\n<p>\u00abEste es un tremendo logro que refleja el trabajo que se realiza en la oficina comunal de la vivienda a trav\u00e9s de sus profesionales para poder asesorar a las familias y as\u00ed puedan mejorar su calidad y condiciones de vida\u00bb, expres\u00f3 la profesional. Torres dijo la ejecuci\u00f3n de los proyectos se iniciar\u00e1 a contar del mes de abril de este a\u00f1o.<\/p>\n<p>Asimismo, inform\u00f3 que ahora en febrero se abren las postulaciones a este subsidio para el a\u00f1o 2014, \u00abpor lo que invitamos a toda la comunidad a que se acerque a nuestra oficina ubicada en Maip\u00fa N\u00ba 531 para que pueda postular\u00bb.<\/p>\n<p>Por su parte, el alcalde Mauricio Navarro, destac\u00f3 la importancia que tiene esta Egis Municipal, \u00abpues esta es por lejos la que mayor cantidad de subsidios y comit\u00e9s adjudicados dentro de la Quinta Regi\u00f3n y ratifica la importancia de esta decisi\u00f3n que se tom\u00f3 el a\u00f1o 2009 de constituirla, no s\u00f3lo como oficina municipal, sino que como Egis a trav\u00e9s de la cual se pudiesen gestionar proyectos y los comit\u00e9s pudieran postular a las distintas l\u00ednea de subsidio y financiamiento por parte del estado\u00bb\u00bb<\/p>\n<p>Navarro sostuvo que ha existido un esfuerzo muy importante de la Egis municipal en poder gestionar estos proyectos para unir las voluntades de los vecinos que se unen en estos comit\u00e9s. El alcalde dijo que esperan que los trabajos que se ejecuten en las viviendas sean de la mejor calidad t\u00e9cnica posible y para ello los beneficiarios tienen que ser los primeros fiscalizadores de que este trabajo quede bien hecho.<\/p>\n<p>&nbsp;<\/p>\n","protected":false},"excerpt":{"rendered":"<p>LOS ANDES.&#8211; Un total de 334 familias pertenecientes a 16 comit\u00e9s de la comuna de Los Andes, se vieron favorecidas con la adjudicaci\u00f3n de subsidios para Ampliaci\u00f3n y Mejoramiento de sus viviendas,&#8230;<\/p>\n","protected":false},"author":482,"featured_media":42816,"comment_status":"open","ping_status":"closed","sticky":false,"template":"","format":"standard","meta":{"advanced_seo_description":"","jetpack_seo_html_title":"","jetpack_seo_noindex":false,"_jetpack_memberships_contains_paid_content":false,"footnotes":""},"categories":[1],"tags":[],"class_list":["post-42815","post","type-post","status-publish","format-standard","has-post-thumbnail","hentry","category-cronica"],"jetpack_featured_media_url":"https:\/\/i0.wp.com\/eltrabajo.cl\/portal\/wp-content\/uploads\/2014\/02\/comites1.jpg?fit=528%2C329&ssl=1","jetpack_sharing_enabled":true,"jetpack_likes_enabled":true,"jetpack-related-posts":[],"_links":{"self":[{"href":"https:\/\/eltrabajo.cl\/portal\/wp-json\/wp\/v2\/posts\/42815","targetHints":{"allow":["GET"]}}],"collection":[{"href":"https:\/\/eltrabajo.cl\/portal\/wp-json\/wp\/v2\/posts"}],"about":[{"href":"https:\/\/eltrabajo.cl\/portal\/wp-json\/wp\/v2\/types\/post"}],"author":[{"embeddable":true,"href":"https:\/\/eltrabajo.cl\/portal\/wp-json\/wp\/v2\/users\/482"}],"replies":[{"embeddable":true,"href":"https:\/\/eltrabajo.cl\/portal\/wp-json\/wp\/v2\/comments?post=42815"}],"version-history":[{"count":0,"href":"https:\/\/eltrabajo.cl\/portal\/wp-json\/wp\/v2\/posts\/42815\/revisions"}],"wp:featuredmedia":[{"embeddable":true,"href":"https:\/\/eltrabajo.cl\/portal\/wp-json\/wp\/v2\/media\/42816"}],"wp:attachment":[{"href":"https:\/\/eltrabajo.cl\/portal\/wp-json\/wp\/v2\/media?parent=42815"}],"wp:term":[{"taxonomy":"category","embeddable":true,"href":"https:\/\/eltrabajo.cl\/portal\/wp-json\/wp\/v2\/categories?post=42815"},{"taxonomy":"post_tag","embeddable":true,"href":"https:\/\/eltrabajo.cl\/portal\/wp-json\/wp\/v2\/tags?post=42815"}],"curies":[{"name":"wp","href":"https:\/\/api.w.org\/{rel}","templated":true}]}}