{"id":42820,"date":"2014-02-06T09:19:33","date_gmt":"2014-02-06T12:19:33","guid":{"rendered":"http:\/\/www.eltrabajo.cl\/portal\/?p=42820"},"modified":"2014-02-06T09:19:33","modified_gmt":"2014-02-06T12:19:33","slug":"carabineros-y-municipio-coordinan-seguridad-para-el-carnaval-de-la-chaya","status":"publish","type":"post","link":"https:\/\/eltrabajo.cl\/portal\/carabineros-y-municipio-coordinan-seguridad-para-el-carnaval-de-la-chaya\/","title":{"rendered":"Carabineros y municipio coordinan seguridad para el Carnaval de la Chaya"},"content":{"rendered":"<figure id=\"attachment_42821\" aria-describedby=\"caption-attachment-42821\" style=\"width: 528px\" class=\"wp-caption alignnone\"><a href=\"https:\/\/i0.wp.com\/www.eltrabajo.cl\/portal\/wp-content\/uploads\/2014\/02\/Reunion1.jpg\"><img data-recalc-dims=\"1\" loading=\"lazy\" decoding=\"async\" class=\"size-full wp-image-42821\" title=\"Una importante jornada de an\u00e1lisis en el sal\u00f3n del Concejo Municipal, es la que se desarroll\u00f3 la tarde de este martes en Putaendo.\" alt=\"Una importante jornada de an\u00e1lisis en el sal\u00f3n del Concejo Municipal, es la que se desarroll\u00f3 la tarde de este martes en Putaendo.\" src=\"https:\/\/i0.wp.com\/www.eltrabajo.cl\/portal\/wp-content\/uploads\/2014\/02\/Reunion1.jpg?resize=528%2C278\" width=\"528\" height=\"278\" srcset=\"https:\/\/i0.wp.com\/eltrabajo.cl\/portal\/wp-content\/uploads\/2014\/02\/Reunion1.jpg?w=528&amp;ssl=1 528w, https:\/\/i0.wp.com\/eltrabajo.cl\/portal\/wp-content\/uploads\/2014\/02\/Reunion1.jpg?resize=200%2C105&amp;ssl=1 200w, https:\/\/i0.wp.com\/eltrabajo.cl\/portal\/wp-content\/uploads\/2014\/02\/Reunion1.jpg?resize=300%2C157&amp;ssl=1 300w, https:\/\/i0.wp.com\/eltrabajo.cl\/portal\/wp-content\/uploads\/2014\/02\/Reunion1.jpg?resize=150%2C78&amp;ssl=1 150w, https:\/\/i0.wp.com\/eltrabajo.cl\/portal\/wp-content\/uploads\/2014\/02\/Reunion1.jpg?resize=400%2C210&amp;ssl=1 400w\" sizes=\"auto, (max-width: 528px) 100vw, 528px\" \/><\/a><figcaption id=\"caption-attachment-42821\" class=\"wp-caption-text\">Una importante jornada de an\u00e1lisis en el sal\u00f3n del Concejo Municipal, es la que se desarroll\u00f3 la tarde de este martes en Putaendo.<\/figcaption><\/figure>\n<p><strong>PUTAENDO<\/strong>.- Una importante reuni\u00f3n de coordinaci\u00f3n se efectu\u00f3 entre la Municipalidad de Putaendo, Carabineros de la Prefectura Aconcagua y la Tenencia de Putaendo con miras a garantizar la seguridad durante la realizaci\u00f3n del pr\u00f3ximo Carnaval de la Chaya en la comuna. En horas de la tarde del martes, el Alcalde (S) Mauricio Quiroz; el Encargado de Eventos Ram\u00f3n Tobar y el Encargado de Comunicaciones Cristopher Mercado, se reunieron con el Mayor y Comisario de la Segunda Comisar\u00eda de Carabineros de San Felipe, V\u00edctor Del Valle, el Suboficial Mayor de Carabineros y Jefe (S) de la Tenencia de Putaendo, Rub\u00e9n Sandoval junto a un coronel en retiro experto en seguridad.<\/p>\n<p>Primeramente tuvieron una importante jornada de an\u00e1lisis en el sal\u00f3n del Concejo Municipal y luego recorrieron parte de la plaza, espec\u00edficamente donde ser\u00e1 instalado el escenario central, ocasi\u00f3n donde el alcalde (S) Mauricio Quiroz destac\u00f3 el valor de esta reuni\u00f3n e hizo un llamado a la comunidad para que asistan con mucha tranquilidad a esta gran fiesta e indic\u00f3 que la municipalidad ha acogido y est\u00e1 trabajando en todas las exigencias y sugerencias que Carabineros ha planteado y que lo m\u00e1s importante es que la comunidad, como todos los a\u00f1os ha mostrado un compromiso con este evento donde no se han registrado hechos que lamentar.<\/p>\n<p>En tanto el Mayor y Comisario Del Valle, se\u00f1al\u00f3 que esta reuni\u00f3n fue importante, m\u00e1s a\u00fan cuando ya se tiene conocimiento de la calidad de los artistas que estar\u00e1n presentes, que en algunos casos como la presentaci\u00f3n de Los Jaivas y Manuel Garc\u00eda atraer\u00e1n una gran cantidad de p\u00fablico, para lo cual se elaborar\u00e1 un plan especial por parte de Carabineros con una importante dotaci\u00f3n de San Felipe que vendr\u00e1 en apoyo de la Tenencia de Putaendo, sumado al importante rol que cumplir\u00e1 personal de civil de las unidades especializadas SIP y OS7, que tambi\u00e9n permitir\u00e1 pesquisar y detectar il\u00edcitos ante la gran aglomeraci\u00f3n de p\u00fablico.<\/p>\n<p>El oficial indic\u00f3 adem\u00e1s que est\u00e1n trabajando en el tema de la seguridad en conjunto con la municipalidad pero que tambi\u00e9n es importante que las personas que asistan a este evento tomen resguardos fundamentales como no descuidar a sus hijos, no portar elementos como billeteras, cadenas o aros a la vista que sean f\u00e1ciles de sacar por parte de los delincuentes, no traer grandes cantidades de dinero y lo m\u00e1s importante, acercarse al personal policial ante cualquier duda que tengan o sospecha sobre la actitud de alg\u00fan sujeto que los mismos vecinos los puedan ver en situaciones ajenas a lo que es pasar un buen momento en el evento de la plaza.<\/p>\n<p>Patricio Gallardo M.<\/p>\n<p>&nbsp;<\/p>\n","protected":false},"excerpt":{"rendered":"<p>PUTAENDO.- Una importante reuni\u00f3n de coordinaci\u00f3n se efectu\u00f3 entre la Municipalidad de Putaendo, Carabineros de la Prefectura Aconcagua y la Tenencia de Putaendo con miras a garantizar la seguridad durante la realizaci\u00f3n&#8230;<\/p>\n","protected":false},"author":482,"featured_media":42821,"comment_status":"open","ping_status":"closed","sticky":false,"template":"","format":"standard","meta":{"advanced_seo_description":"","jetpack_seo_html_title":"","jetpack_seo_noindex":false,"_jetpack_memberships_contains_paid_content":false,"footnotes":""},"categories":[1],"tags":[],"class_list":["post-42820","post","type-post","status-publish","format-standard","has-post-thumbnail","hentry","category-cronica"],"jetpack_featured_media_url":"https:\/\/i0.wp.com\/eltrabajo.cl\/portal\/wp-content\/uploads\/2014\/02\/Reunion1.jpg?fit=528%2C278&ssl=1","jetpack_sharing_enabled":true,"jetpack_likes_enabled":true,"jetpack-related-posts":[],"_links":{"self":[{"href":"https:\/\/eltrabajo.cl\/portal\/wp-json\/wp\/v2\/posts\/42820","targetHints":{"allow":["GET"]}}],"collection":[{"href":"https:\/\/eltrabajo.cl\/portal\/wp-json\/wp\/v2\/posts"}],"about":[{"href":"https:\/\/eltrabajo.cl\/portal\/wp-json\/wp\/v2\/types\/post"}],"author":[{"embeddable":true,"href":"https:\/\/eltrabajo.cl\/portal\/wp-json\/wp\/v2\/users\/482"}],"replies":[{"embeddable":true,"href":"https:\/\/eltrabajo.cl\/portal\/wp-json\/wp\/v2\/comments?post=42820"}],"version-history":[{"count":0,"href":"https:\/\/eltrabajo.cl\/portal\/wp-json\/wp\/v2\/posts\/42820\/revisions"}],"wp:featuredmedia":[{"embeddable":true,"href":"https:\/\/eltrabajo.cl\/portal\/wp-json\/wp\/v2\/media\/42821"}],"wp:attachment":[{"href":"https:\/\/eltrabajo.cl\/portal\/wp-json\/wp\/v2\/media?parent=42820"}],"wp:term":[{"taxonomy":"category","embeddable":true,"href":"https:\/\/eltrabajo.cl\/portal\/wp-json\/wp\/v2\/categories?post=42820"},{"taxonomy":"post_tag","embeddable":true,"href":"https:\/\/eltrabajo.cl\/portal\/wp-json\/wp\/v2\/tags?post=42820"}],"curies":[{"name":"wp","href":"https:\/\/api.w.org\/{rel}","templated":true}]}}