{"id":42823,"date":"2014-02-06T09:20:53","date_gmt":"2014-02-06T12:20:53","guid":{"rendered":"http:\/\/www.eltrabajo.cl\/portal\/?p=42823"},"modified":"2014-02-06T09:20:53","modified_gmt":"2014-02-06T12:20:53","slug":"rolando-stevenson-core-electo-de-de-san-felipe-con-la-nueva-ley-los-consejeros-regionales-tendran-menos-atribuciones","status":"publish","type":"post","link":"https:\/\/eltrabajo.cl\/portal\/rolando-stevenson-core-electo-de-de-san-felipe-con-la-nueva-ley-los-consejeros-regionales-tendran-menos-atribuciones\/","title":{"rendered":"Rolando Stevenson, Core electo de de San Felipe: \u00abCon la nueva ley, los consejeros regionales tendr\u00e1n menos atribuciones\u00bb"},"content":{"rendered":"<figure id=\"attachment_42824\" aria-describedby=\"caption-attachment-42824\" style=\"width: 317px\" class=\"wp-caption alignleft\"><a href=\"https:\/\/i0.wp.com\/www.eltrabajo.cl\/portal\/wp-content\/uploads\/2014\/02\/Rolando-Stevenson.jpg\"><img data-recalc-dims=\"1\" loading=\"lazy\" decoding=\"async\" class=\" wp-image-42824 \" title=\"Rolando Stevenson, Consejero Regional electo.\" alt=\"Rolando Stevenson, Consejero Regional electo.\" src=\"https:\/\/i0.wp.com\/www.eltrabajo.cl\/portal\/wp-content\/uploads\/2014\/02\/Rolando-Stevenson.jpg?resize=317%2C309\" width=\"317\" height=\"309\" srcset=\"https:\/\/i0.wp.com\/eltrabajo.cl\/portal\/wp-content\/uploads\/2014\/02\/Rolando-Stevenson.jpg?w=529&amp;ssl=1 529w, https:\/\/i0.wp.com\/eltrabajo.cl\/portal\/wp-content\/uploads\/2014\/02\/Rolando-Stevenson.jpg?resize=154%2C150&amp;ssl=1 154w, https:\/\/i0.wp.com\/eltrabajo.cl\/portal\/wp-content\/uploads\/2014\/02\/Rolando-Stevenson.jpg?resize=300%2C292&amp;ssl=1 300w, https:\/\/i0.wp.com\/eltrabajo.cl\/portal\/wp-content\/uploads\/2014\/02\/Rolando-Stevenson.jpg?resize=150%2C146&amp;ssl=1 150w, https:\/\/i0.wp.com\/eltrabajo.cl\/portal\/wp-content\/uploads\/2014\/02\/Rolando-Stevenson.jpg?resize=400%2C389&amp;ssl=1 400w\" sizes=\"auto, (max-width: 317px) 100vw, 317px\" \/><\/a><figcaption id=\"caption-attachment-42824\" class=\"wp-caption-text\">Rolando Stevenson, Consejero Regional electo.<\/figcaption><\/figure>\n<p>Preocupado se mostr\u00f3 el Consejero Regional electo de la provincia de San Felipe, Rolando Stevenson, por las implicancias de las modificaciones a la Ley de Cores, que se encuentra en su tercer tr\u00e1mite constitucional y que disminuyen las atribuciones de los integrantes de este organismo. Seg\u00fan se\u00f1al\u00f3 Stevenson, lo peor de estos cambios en la ley, es que no favorecen la descentralizaci\u00f3n del gasto p\u00fablico, ya que se establece la obligatoriedad de nombrar a un superintendente, nombrado por el intendente respectivo, para asignar en forma espec\u00edfica los proyectos respectivos, facultad que actualmente tienen los consejeros regionales.<\/p>\n<p>\u00abLos consejeros regionales s\u00f3lo podr\u00edan asignar las grandes partidas presupuestarias, mientras que las asignaciones espec\u00edficas de los proyectos, ser\u00edan por parte de este superintendente, que ser\u00eda una persona designada\u00bb, se\u00f1al\u00f3 Stevenson. Explic\u00f3 que estas modificaciones est\u00e1n siendo revisadas en una Comisi\u00f3n Mixta de la C\u00e1mara de Diputados, afirmando que es totalmente contraproducente contra lo que se habla en materias de nuevas l\u00edneas de participaci\u00f3n ciudadana y nuevas l\u00edneas de la descentralizaci\u00f3n del pa\u00eds.<\/p>\n<p>Se supone que estas modificaciones, principalmente relativas al nombramiento de un superintendente, tienen por objetivo generar un mayor control, tarea que a juicio de Stevenson, debiera ser ejecutada por quienes fueron elegidos para esta labor, como son los consejeros regionales.<\/p>\n<p>\u00abHemos visto que en la actualidad, los conflictos que hay en la Intendencia Regional de Valpara\u00edso, y que han sido t\u00edpicos en las \u00faltimas administraciones, dejan de manifiesto que cuando estos temas financieros se manejan s\u00f3lo desde el \u00e1mbito funcionario, est\u00e1n mucho m\u00e1s expuestos de no existir una vigilancia, una fiscalizaci\u00f3n al respecto\u00bb, indic\u00f3 el Core.<\/p>\n<p><strong>PRESUPUESTO 2014<\/strong><\/p>\n<p>Respecto del trabajo que inicia el nuevo Consejo Regional, el primero elegido mediante el voto popular, Rolando Stevenson manifest\u00f3 estar preocupado por cuanto a la fecha, el Core que sigue vigente, ha aprobado m\u00e1s del 50% del presupuesto 2014. \u00abVale decir que los consejeros regionales que vamos a asumir el 11 de marzo a las cuatro de la tarde, nos encontraremos con que los proyectos que se presenten este a\u00f1o, podremos aprobar recursos solo para el 50% de ellos, si es que quedan fondos\u00bb, manifest\u00f3 Stevenson.<\/p>\n","protected":false},"excerpt":{"rendered":"<p>Preocupado se mostr\u00f3 el Consejero Regional electo de la provincia de San Felipe, Rolando Stevenson, por las implicancias de las modificaciones a la Ley de Cores, que se encuentra en su tercer&#8230;<\/p>\n","protected":false},"author":482,"featured_media":42824,"comment_status":"open","ping_status":"closed","sticky":false,"template":"","format":"standard","meta":{"advanced_seo_description":"","jetpack_seo_html_title":"","jetpack_seo_noindex":false,"_jetpack_memberships_contains_paid_content":false,"footnotes":""},"categories":[1],"tags":[],"class_list":["post-42823","post","type-post","status-publish","format-standard","has-post-thumbnail","hentry","category-cronica"],"jetpack_featured_media_url":"https:\/\/i0.wp.com\/eltrabajo.cl\/portal\/wp-content\/uploads\/2014\/02\/Rolando-Stevenson.jpg?fit=529%2C515&ssl=1","jetpack_sharing_enabled":true,"jetpack_likes_enabled":true,"jetpack-related-posts":[],"_links":{"self":[{"href":"https:\/\/eltrabajo.cl\/portal\/wp-json\/wp\/v2\/posts\/42823","targetHints":{"allow":["GET"]}}],"collection":[{"href":"https:\/\/eltrabajo.cl\/portal\/wp-json\/wp\/v2\/posts"}],"about":[{"href":"https:\/\/eltrabajo.cl\/portal\/wp-json\/wp\/v2\/types\/post"}],"author":[{"embeddable":true,"href":"https:\/\/eltrabajo.cl\/portal\/wp-json\/wp\/v2\/users\/482"}],"replies":[{"embeddable":true,"href":"https:\/\/eltrabajo.cl\/portal\/wp-json\/wp\/v2\/comments?post=42823"}],"version-history":[{"count":0,"href":"https:\/\/eltrabajo.cl\/portal\/wp-json\/wp\/v2\/posts\/42823\/revisions"}],"wp:featuredmedia":[{"embeddable":true,"href":"https:\/\/eltrabajo.cl\/portal\/wp-json\/wp\/v2\/media\/42824"}],"wp:attachment":[{"href":"https:\/\/eltrabajo.cl\/portal\/wp-json\/wp\/v2\/media?parent=42823"}],"wp:term":[{"taxonomy":"category","embeddable":true,"href":"https:\/\/eltrabajo.cl\/portal\/wp-json\/wp\/v2\/categories?post=42823"},{"taxonomy":"post_tag","embeddable":true,"href":"https:\/\/eltrabajo.cl\/portal\/wp-json\/wp\/v2\/tags?post=42823"}],"curies":[{"name":"wp","href":"https:\/\/api.w.org\/{rel}","templated":true}]}}