{"id":42827,"date":"2014-02-06T09:22:25","date_gmt":"2014-02-06T12:22:25","guid":{"rendered":"http:\/\/www.eltrabajo.cl\/portal\/?p=42827"},"modified":"2014-02-06T09:22:25","modified_gmt":"2014-02-06T12:22:25","slug":"senadis-y-cesfam-entregan-computadores-a-pequenas-con-capacidades-diferentes","status":"publish","type":"post","link":"https:\/\/eltrabajo.cl\/portal\/senadis-y-cesfam-entregan-computadores-a-pequenas-con-capacidades-diferentes\/","title":{"rendered":"Senadis y Cesfam entregan computadores a peque\u00f1as con capacidades diferentes"},"content":{"rendered":"<figure id=\"attachment_42828\" aria-describedby=\"caption-attachment-42828\" style=\"width: 528px\" class=\"wp-caption alignnone\"><a href=\"https:\/\/i0.wp.com\/www.eltrabajo.cl\/portal\/wp-content\/uploads\/2014\/02\/Computadoras1.jpg\"><img data-recalc-dims=\"1\" loading=\"lazy\" decoding=\"async\" class=\"size-full wp-image-42828\" title=\"Ambas peque\u00f1as acompa\u00f1adas de sus mam\u00e1s se mostraron felices y agradecidas por la oportunidad que les brind\u00f3 el Cesfam de Putaendo y el Servicio Nacional de Discapacidad.\" alt=\"Ambas peque\u00f1as acompa\u00f1adas de sus mam\u00e1s se mostraron felices y agradecidas por la oportunidad que les brind\u00f3 el Cesfam de Putaendo y el Servicio Nacional de Discapacidad.\" src=\"https:\/\/i0.wp.com\/www.eltrabajo.cl\/portal\/wp-content\/uploads\/2014\/02\/Computadoras1.jpg?resize=528%2C386\" width=\"528\" height=\"386\" srcset=\"https:\/\/i0.wp.com\/eltrabajo.cl\/portal\/wp-content\/uploads\/2014\/02\/Computadoras1.jpg?w=528&amp;ssl=1 528w, https:\/\/i0.wp.com\/eltrabajo.cl\/portal\/wp-content\/uploads\/2014\/02\/Computadoras1.jpg?resize=200%2C146&amp;ssl=1 200w, https:\/\/i0.wp.com\/eltrabajo.cl\/portal\/wp-content\/uploads\/2014\/02\/Computadoras1.jpg?resize=300%2C219&amp;ssl=1 300w, https:\/\/i0.wp.com\/eltrabajo.cl\/portal\/wp-content\/uploads\/2014\/02\/Computadoras1.jpg?resize=150%2C109&amp;ssl=1 150w, https:\/\/i0.wp.com\/eltrabajo.cl\/portal\/wp-content\/uploads\/2014\/02\/Computadoras1.jpg?resize=400%2C292&amp;ssl=1 400w\" sizes=\"auto, (max-width: 528px) 100vw, 528px\" \/><\/a><figcaption id=\"caption-attachment-42828\" class=\"wp-caption-text\">Ambas peque\u00f1as acompa\u00f1adas de sus mam\u00e1s se mostraron felices y agradecidas por la oportunidad que les brind\u00f3 el Cesfam de Putaendo y el Servicio Nacional de Discapacidad.<\/figcaption><\/figure>\n<p><strong>PUTAENDO<\/strong>.- El Servicio Nacional de Discapacidad (Senadis) y el Cesfam Valle Los Libertadores entregaron dos modernos computadores a peque\u00f1as con capacidades diferentes de El T\u00e1rtaro. Gracias a una importante gesti\u00f3n del Cesfam que logr\u00f3 postular como todos los a\u00f1os a los fondos del Senadis se pudo obtener estos dos computadores que fueron entregados en un sencilla pero importante ceremonia a las peque\u00f1as Tatiana Garay Salinas y Xiomara Nova, ambas con capacidades y que residen en el sector El T\u00e1rtaro, las que estuvieron acompa\u00f1adas de sus madres.<\/p>\n<p>En la ceremonia estuvieron presentes el Director Regional de Senadis Francisco Lazo, el Alcalde (S) Mauricio Quiroz Chamorro y la Directora del Cesfam, Mireya Ponce, acompa\u00f1ados de funcionarios del recinto de salud.<\/p>\n<p>Francisco Lazo dijo que con mucho agrado hab\u00edan acogido la postulaci\u00f3n del Cesfam y que a trav\u00e9s de los fondos del Chile Solidario hab\u00edan adquirido estos dos computadores que fueron entregados a estas dos peque\u00f1as, agregando que lo m\u00e1s importante es mantener siempre presente la iniciativa de incorporar a la sociedad a ni\u00f1os, j\u00f3venes y adultos con capacidades distintas, por lo que se mostr\u00f3 feliz de haber sido invitado a esta ceremonia.<\/p>\n<p>Mauricio Quiroz comparti\u00f3 las palabras del director regional de Senadis e indic\u00f3 que para el municipio siempre ha sido prioritario apoyar a los habitantes de la comuna con capacidades distintas, mientras que Mireya Ponce se\u00f1al\u00f3 que estas peque\u00f1as que habitualmente se atienden en el Cesfam fueron evaluadas y cumplieron plenamente con los requisitos establecidos para postular a este beneficio y adem\u00e1s se convierte en todo un adelanto para su familia y para ellas mismas, adem\u00e1s destac\u00f3 que todos los a\u00f1os el Cesfam postula a estas iniciativas que se consiguen a trav\u00e9s de Senadis.<\/p>\n<p>Patricio Gallardo M.<\/p>\n<p>&nbsp;<\/p>\n","protected":false},"excerpt":{"rendered":"<p>PUTAENDO.- El Servicio Nacional de Discapacidad (Senadis) y el Cesfam Valle Los Libertadores entregaron dos modernos computadores a peque\u00f1as con capacidades diferentes de El T\u00e1rtaro. Gracias a una importante gesti\u00f3n del Cesfam&#8230;<\/p>\n","protected":false},"author":482,"featured_media":42828,"comment_status":"open","ping_status":"closed","sticky":false,"template":"","format":"standard","meta":{"advanced_seo_description":"","jetpack_seo_html_title":"","jetpack_seo_noindex":false,"_jetpack_memberships_contains_paid_content":false,"footnotes":""},"categories":[15],"tags":[],"class_list":["post-42827","post","type-post","status-publish","format-standard","has-post-thumbnail","hentry","category-comunidad"],"jetpack_featured_media_url":"https:\/\/i0.wp.com\/eltrabajo.cl\/portal\/wp-content\/uploads\/2014\/02\/Computadoras1.jpg?fit=528%2C386&ssl=1","jetpack_sharing_enabled":true,"jetpack_likes_enabled":true,"jetpack-related-posts":[],"_links":{"self":[{"href":"https:\/\/eltrabajo.cl\/portal\/wp-json\/wp\/v2\/posts\/42827","targetHints":{"allow":["GET"]}}],"collection":[{"href":"https:\/\/eltrabajo.cl\/portal\/wp-json\/wp\/v2\/posts"}],"about":[{"href":"https:\/\/eltrabajo.cl\/portal\/wp-json\/wp\/v2\/types\/post"}],"author":[{"embeddable":true,"href":"https:\/\/eltrabajo.cl\/portal\/wp-json\/wp\/v2\/users\/482"}],"replies":[{"embeddable":true,"href":"https:\/\/eltrabajo.cl\/portal\/wp-json\/wp\/v2\/comments?post=42827"}],"version-history":[{"count":0,"href":"https:\/\/eltrabajo.cl\/portal\/wp-json\/wp\/v2\/posts\/42827\/revisions"}],"wp:featuredmedia":[{"embeddable":true,"href":"https:\/\/eltrabajo.cl\/portal\/wp-json\/wp\/v2\/media\/42828"}],"wp:attachment":[{"href":"https:\/\/eltrabajo.cl\/portal\/wp-json\/wp\/v2\/media?parent=42827"}],"wp:term":[{"taxonomy":"category","embeddable":true,"href":"https:\/\/eltrabajo.cl\/portal\/wp-json\/wp\/v2\/categories?post=42827"},{"taxonomy":"post_tag","embeddable":true,"href":"https:\/\/eltrabajo.cl\/portal\/wp-json\/wp\/v2\/tags?post=42827"}],"curies":[{"name":"wp","href":"https:\/\/api.w.org\/{rel}","templated":true}]}}