{"id":42833,"date":"2014-02-06T09:25:15","date_gmt":"2014-02-06T12:25:15","guid":{"rendered":"http:\/\/www.eltrabajo.cl\/portal\/?p=42833"},"modified":"2014-02-06T09:25:15","modified_gmt":"2014-02-06T12:25:15","slug":"apuran-al-municipio-por-telefono-para-pedir-hora-en-el-cesfam-segismundo-iturra","status":"publish","type":"post","link":"https:\/\/eltrabajo.cl\/portal\/apuran-al-municipio-por-telefono-para-pedir-hora-en-el-cesfam-segismundo-iturra\/","title":{"rendered":"\u2018Apuran\u2019 al municipio por tel\u00e9fono para pedir hora en el Cesfam Segismundo Iturra"},"content":{"rendered":"<figure id=\"attachment_42834\" aria-describedby=\"caption-attachment-42834\" style=\"width: 370px\" class=\"wp-caption alignleft\"><a href=\"https:\/\/i0.wp.com\/www.eltrabajo.cl\/portal\/wp-content\/uploads\/2014\/02\/Rodolfo-Silva.jpg\"><img data-recalc-dims=\"1\" loading=\"lazy\" decoding=\"async\" class=\" wp-image-42834 \" title=\"El Concejal Rodolfo Silva Gonz\u00e1lez, conversando con un ciudadano enter\u00e1ndose de sus problemas.\" alt=\"El Concejal Rodolfo Silva Gonz\u00e1lez, conversando con un ciudadano enter\u00e1ndose de sus problemas.\" src=\"https:\/\/i0.wp.com\/www.eltrabajo.cl\/portal\/wp-content\/uploads\/2014\/02\/Rodolfo-Silva.jpg?resize=370%2C439\" width=\"370\" height=\"439\" srcset=\"https:\/\/i0.wp.com\/eltrabajo.cl\/portal\/wp-content\/uploads\/2014\/02\/Rodolfo-Silva.jpg?w=529&amp;ssl=1 529w, https:\/\/i0.wp.com\/eltrabajo.cl\/portal\/wp-content\/uploads\/2014\/02\/Rodolfo-Silva.jpg?resize=126%2C150&amp;ssl=1 126w, https:\/\/i0.wp.com\/eltrabajo.cl\/portal\/wp-content\/uploads\/2014\/02\/Rodolfo-Silva.jpg?resize=253%2C300&amp;ssl=1 253w, https:\/\/i0.wp.com\/eltrabajo.cl\/portal\/wp-content\/uploads\/2014\/02\/Rodolfo-Silva.jpg?resize=400%2C474&amp;ssl=1 400w\" sizes=\"auto, (max-width: 370px) 100vw, 370px\" \/><\/a><figcaption id=\"caption-attachment-42834\" class=\"wp-caption-text\">El Concejal Rodolfo Silva Gonz\u00e1lez, conversando con un ciudadano enter\u00e1ndose de sus problemas.<\/figcaption><\/figure>\n<p>El Concejal Rodolfo Silva Gonz\u00e1lez se reuni\u00f3 con la Directora (S) del Departamento de Salud Municipal de San Felipe, la Matrona Jenny Henr\u00edquez, con la finalidad de tratar diversos temas de salud que son calificados por \u00e9l, como sensibles para la comunidad en general. Como son obtenci\u00f3n de horas v\u00eda telef\u00f3nica y el momento en que se encuentra la construcci\u00f3n del nuevo Cesfam Para Curim\u00f3n.<\/p>\n<p>El edil calific\u00f3 muy interesante la reuni\u00f3n sostenida en las dependencias del Departamento de Salud de San Felipe ubicadas en Calle Traslavi\u00f1a. En cuanto al tema de obtener horas v\u00eda una llamada telef\u00f3nica, el edil coment\u00f3 que es un muy buen proyecto que tiene la directora de salud municipal, porque es una cooperaci\u00f3n hacia la gente para ahorrar tiempo, dinero en locomoci\u00f3n, en llamadas.\u00abEs un sistema bastante practico donde una empresa telef\u00f3nica otorga por un monto acordado de dinero mensual un servicio de m\u00e1s de 40.000 usuarios que es lo que tiene en este momento la salud municipal ac\u00e1, lo otro que otorga es rapidez, son por lo menos 20 llamadas simultaneas por segundo que puede recibir este sistema, como te digo es un muy buen proyecto, falta concretizar por parte del municipio el otorgamiento de los recursos para ello\u00bb dijo Silva.<\/p>\n<p>A\u00f1adi\u00f3 que esto se podr\u00eda cumplir teniendo en cuenta el aumento del perca pita que tiene la salud este a\u00f1o, m\u00e1s el aumento de usuarios que tiene la comuna de san Felipe, -percapitados- \u00abincluso pienso que puede haber un financiamiento propio, que fue lo que convers\u00e1bamos con la se\u00f1ora Yenny por parte del Departamento de Salud, no necesitar\u00eda aportes extras del municipio, pienso que es un proyecto que hay que tomar a la brevedad\u00bb, sostuvo el edil.<\/p>\n<p>Lo anterior debido a que hay personas que est\u00e1n hace bastante tiempo que est\u00e1n esperando la implementaci\u00f3n de un sistema de estas caracter\u00edsticas, lo que tambi\u00e9n dar\u00eda equidad, por tener la misma opci\u00f3n de obtener una hora una persona del sector rural como urbano.<\/p>\n<p>\u00abAs\u00ed es que vamos a estar apoyando este para que se concrete, sensibilizando a las personas que tienen alguna aprehensi\u00f3n con respecto al tema, de que es un beneficio para las personas\u00bb, agreg\u00f3 el concejal. Al finalizar indic\u00f3 que el costo de implementar el programa es de aproximadamente dos millones de pesos mensuales, agregando que algunas regal\u00edas por parte de la empres como es otorgamiento gratuito de llamadas despu\u00e9s de cierto n\u00famero de llamas. Junto con ello el edil record\u00f3 que en la comuna vecina de Calle Larga se ha implementado un sistema similar.<\/p>\n<p>&nbsp;<\/p>\n","protected":false},"excerpt":{"rendered":"<p>El Concejal Rodolfo Silva Gonz\u00e1lez se reuni\u00f3 con la Directora (S) del Departamento de Salud Municipal de San Felipe, la Matrona Jenny Henr\u00edquez, con la finalidad de tratar diversos temas de salud&#8230;<\/p>\n","protected":false},"author":482,"featured_media":42834,"comment_status":"open","ping_status":"closed","sticky":false,"template":"","format":"standard","meta":{"advanced_seo_description":"","jetpack_seo_html_title":"","jetpack_seo_noindex":false,"_jetpack_memberships_contains_paid_content":false,"footnotes":""},"categories":[1],"tags":[],"class_list":["post-42833","post","type-post","status-publish","format-standard","has-post-thumbnail","hentry","category-cronica"],"jetpack_featured_media_url":"https:\/\/i0.wp.com\/eltrabajo.cl\/portal\/wp-content\/uploads\/2014\/02\/Rodolfo-Silva.jpg?fit=529%2C627&ssl=1","jetpack_sharing_enabled":true,"jetpack_likes_enabled":true,"jetpack-related-posts":[],"_links":{"self":[{"href":"https:\/\/eltrabajo.cl\/portal\/wp-json\/wp\/v2\/posts\/42833","targetHints":{"allow":["GET"]}}],"collection":[{"href":"https:\/\/eltrabajo.cl\/portal\/wp-json\/wp\/v2\/posts"}],"about":[{"href":"https:\/\/eltrabajo.cl\/portal\/wp-json\/wp\/v2\/types\/post"}],"author":[{"embeddable":true,"href":"https:\/\/eltrabajo.cl\/portal\/wp-json\/wp\/v2\/users\/482"}],"replies":[{"embeddable":true,"href":"https:\/\/eltrabajo.cl\/portal\/wp-json\/wp\/v2\/comments?post=42833"}],"version-history":[{"count":0,"href":"https:\/\/eltrabajo.cl\/portal\/wp-json\/wp\/v2\/posts\/42833\/revisions"}],"wp:featuredmedia":[{"embeddable":true,"href":"https:\/\/eltrabajo.cl\/portal\/wp-json\/wp\/v2\/media\/42834"}],"wp:attachment":[{"href":"https:\/\/eltrabajo.cl\/portal\/wp-json\/wp\/v2\/media?parent=42833"}],"wp:term":[{"taxonomy":"category","embeddable":true,"href":"https:\/\/eltrabajo.cl\/portal\/wp-json\/wp\/v2\/categories?post=42833"},{"taxonomy":"post_tag","embeddable":true,"href":"https:\/\/eltrabajo.cl\/portal\/wp-json\/wp\/v2\/tags?post=42833"}],"curies":[{"name":"wp","href":"https:\/\/api.w.org\/{rel}","templated":true}]}}