{"id":42841,"date":"2014-02-06T09:27:50","date_gmt":"2014-02-06T12:27:50","guid":{"rendered":"http:\/\/www.eltrabajo.cl\/portal\/?p=42841"},"modified":"2014-02-06T09:27:50","modified_gmt":"2014-02-06T12:27:50","slug":"entregan-filtros-uv-y-protectores-solares-a-empleados-que-laboran-al-aire-libre","status":"publish","type":"post","link":"https:\/\/eltrabajo.cl\/portal\/entregan-filtros-uv-y-protectores-solares-a-empleados-que-laboran-al-aire-libre\/","title":{"rendered":"Entregan filtros UV y protectores solares a empleados que laboran al aire libre"},"content":{"rendered":"<figure id=\"attachment_42842\" aria-describedby=\"caption-attachment-42842\" style=\"width: 529px\" class=\"wp-caption alignnone\"><a href=\"https:\/\/i0.wp.com\/www.eltrabajo.cl\/portal\/wp-content\/uploads\/2014\/02\/Boffa1.jpg\"><img data-recalc-dims=\"1\" loading=\"lazy\" decoding=\"async\" class=\"size-full wp-image-42842\" title=\"Las autoridades entregaron a trabajadores de parqu\u00edmetros, aseo y jardines, gorros legionarios de filtro UV en su confecci\u00f3n, adem\u00e1s de protectores solares.\" alt=\"Las autoridades entregaron a trabajadores de parqu\u00edmetros, aseo y jardines, gorros legionarios de filtro UV en su confecci\u00f3n, adem\u00e1s de protectores solares.\" src=\"https:\/\/i0.wp.com\/www.eltrabajo.cl\/portal\/wp-content\/uploads\/2014\/02\/Boffa1.jpg?resize=529%2C353\" width=\"529\" height=\"353\" srcset=\"https:\/\/i0.wp.com\/eltrabajo.cl\/portal\/wp-content\/uploads\/2014\/02\/Boffa1.jpg?w=529&amp;ssl=1 529w, https:\/\/i0.wp.com\/eltrabajo.cl\/portal\/wp-content\/uploads\/2014\/02\/Boffa1.jpg?resize=200%2C133&amp;ssl=1 200w, https:\/\/i0.wp.com\/eltrabajo.cl\/portal\/wp-content\/uploads\/2014\/02\/Boffa1.jpg?resize=300%2C200&amp;ssl=1 300w, https:\/\/i0.wp.com\/eltrabajo.cl\/portal\/wp-content\/uploads\/2014\/02\/Boffa1.jpg?resize=150%2C100&amp;ssl=1 150w, https:\/\/i0.wp.com\/eltrabajo.cl\/portal\/wp-content\/uploads\/2014\/02\/Boffa1.jpg?resize=400%2C266&amp;ssl=1 400w\" sizes=\"auto, (max-width: 529px) 100vw, 529px\" \/><\/a><figcaption id=\"caption-attachment-42842\" class=\"wp-caption-text\">Las autoridades entregaron a trabajadores de parqu\u00edmetros, aseo y jardines, gorros legionarios de filtro UV en su confecci\u00f3n, adem\u00e1s de protectores solares.<\/figcaption><\/figure>\n<p>Tras acoger una solicitud de la Gobernadora Patricia Boffa, la Direcci\u00f3n Regional del Trabajo realiz\u00f3 una inspecci\u00f3n en terreno, a trabajadores que se desempe\u00f1an en actividades al aire libre, sobre todo con directa exposici\u00f3n al sol. En la oportunidad, la autoridad provincial acompa\u00f1ada de la Directora Regional del Trabajo, Denis Fredes, junto a funcionarios de la Inspecci\u00f3n del Trabajo de San Felipe, entregaron a trabajadores de la empresa de parqu\u00edmetros, aseo y jardines, que se desempe\u00f1an en el centro de la comuna, gorros legionarios los que poseen la caracter\u00edstica de filtro UV en su confecci\u00f3n, adem\u00e1s de protectores solares.<\/p>\n<p>La Directora Regional del Trabajo explic\u00f3 que la medida pretende informar a los trabajadores sobre los derechos que tienen, de contar con estos tipos de elementos para evitar enfermedades a la piel.<\/p>\n<p>\u00abQueremos concientizar a toda la comunidad y de manera muy especial a los trabajadores y empleadores, respecto de los riesgos que supone la exposici\u00f3n a los Rayos Ultravioleta. Todos los trabajadores que laboran al aire libre, deben usar bloqueador solar, el empleador debe proporcionar las medidas necesarias para poder proteger a los trabajadores de este riesgo al exponerse al sol, tal es el caso de estos trabajadores que vimos y que trabajan en parqu\u00edmetros, ellos deben usar las medidas de seguridad apropiadas, como gorros y protectores\u00bb.<\/p>\n<p>Agreg\u00f3 Denis Fredes, que el no cumplimiento de este tipo de medidas, las empresas arriesgan multas que oscilan las diez y 60 UTM.<\/p>\n<p>En tanto la Gobernadora Boffa, reiter\u00f3 un llamado a los trabajos a usar estos implementos de seguridad, pues lo que se pretende es proteger la salud de los trabajadores.<\/p>\n<p>\u00abLo que pretende esta gobernadora es apoyar a los trabajadores, por lo mismo junto con exigir estas acciones en aquellos que trabajan con la exposici\u00f3n al sol, a las empresas se les ha solicitado presentar la documentaci\u00f3n al d\u00eda, contratos de trabajos, horas extras, sala de ba\u00f1o, comedores y otras acciones, de acuerdo a lo que exige la normativa legal\u00bb.<\/p>\n<p>&nbsp;<\/p>\n","protected":false},"excerpt":{"rendered":"<p>Tras acoger una solicitud de la Gobernadora Patricia Boffa, la Direcci\u00f3n Regional del Trabajo realiz\u00f3 una inspecci\u00f3n en terreno, a trabajadores que se desempe\u00f1an en actividades al aire libre, sobre todo con&#8230;<\/p>\n","protected":false},"author":482,"featured_media":42842,"comment_status":"open","ping_status":"closed","sticky":false,"template":"","format":"standard","meta":{"advanced_seo_description":"","jetpack_seo_html_title":"","jetpack_seo_noindex":false,"_jetpack_memberships_contains_paid_content":false,"footnotes":""},"categories":[1],"tags":[],"class_list":["post-42841","post","type-post","status-publish","format-standard","has-post-thumbnail","hentry","category-cronica"],"jetpack_featured_media_url":"https:\/\/i0.wp.com\/eltrabajo.cl\/portal\/wp-content\/uploads\/2014\/02\/Boffa1.jpg?fit=529%2C353&ssl=1","jetpack_sharing_enabled":true,"jetpack_likes_enabled":true,"jetpack-related-posts":[],"_links":{"self":[{"href":"https:\/\/eltrabajo.cl\/portal\/wp-json\/wp\/v2\/posts\/42841","targetHints":{"allow":["GET"]}}],"collection":[{"href":"https:\/\/eltrabajo.cl\/portal\/wp-json\/wp\/v2\/posts"}],"about":[{"href":"https:\/\/eltrabajo.cl\/portal\/wp-json\/wp\/v2\/types\/post"}],"author":[{"embeddable":true,"href":"https:\/\/eltrabajo.cl\/portal\/wp-json\/wp\/v2\/users\/482"}],"replies":[{"embeddable":true,"href":"https:\/\/eltrabajo.cl\/portal\/wp-json\/wp\/v2\/comments?post=42841"}],"version-history":[{"count":0,"href":"https:\/\/eltrabajo.cl\/portal\/wp-json\/wp\/v2\/posts\/42841\/revisions"}],"wp:featuredmedia":[{"embeddable":true,"href":"https:\/\/eltrabajo.cl\/portal\/wp-json\/wp\/v2\/media\/42842"}],"wp:attachment":[{"href":"https:\/\/eltrabajo.cl\/portal\/wp-json\/wp\/v2\/media?parent=42841"}],"wp:term":[{"taxonomy":"category","embeddable":true,"href":"https:\/\/eltrabajo.cl\/portal\/wp-json\/wp\/v2\/categories?post=42841"},{"taxonomy":"post_tag","embeddable":true,"href":"https:\/\/eltrabajo.cl\/portal\/wp-json\/wp\/v2\/tags?post=42841"}],"curies":[{"name":"wp","href":"https:\/\/api.w.org\/{rel}","templated":true}]}}