{"id":42856,"date":"2014-02-07T09:38:27","date_gmt":"2014-02-07T12:38:27","guid":{"rendered":"http:\/\/www.eltrabajo.cl\/portal\/?p=42856"},"modified":"2014-02-07T09:39:06","modified_gmt":"2014-02-07T12:39:06","slug":"familias-perderian-153-millones-de-proyecto-habitacional-ante-negativa-del-alcalde-caballeria","status":"publish","type":"post","link":"https:\/\/eltrabajo.cl\/portal\/familias-perderian-153-millones-de-proyecto-habitacional-ante-negativa-del-alcalde-caballeria\/","title":{"rendered":"Familias perder\u00edan $153 millones de proyecto habitacional ante negativa del Alcalde Caballer\u00eda"},"content":{"rendered":"<figure id=\"attachment_42857\" aria-describedby=\"caption-attachment-42857\" style=\"width: 528px\" class=\"wp-caption alignnone\"><a href=\"https:\/\/i0.wp.com\/www.eltrabajo.cl\/portal\/wp-content\/uploads\/2014\/02\/Comite1.jpg\"><img data-recalc-dims=\"1\" loading=\"lazy\" decoding=\"async\" class=\"size-full wp-image-42857\" title=\"ANGUSTIADOS.- Estas 35 familias podr\u00edan perder la oportunidad de obtener su vivienda propia en caso que el Concejo Municipal de Rinconada no aprobara dar tr\u00e1mite al proyecto, pues los dineros ya est\u00e1n en sus arcas.\" alt=\"ANGUSTIADOS.- Estas 35 familias podr\u00edan perder la oportunidad de obtener su vivienda propia en caso que el Concejo Municipal de Rinconada no aprobara dar tr\u00e1mite al proyecto, pues los dineros ya est\u00e1n en sus arcas.\" src=\"https:\/\/i0.wp.com\/www.eltrabajo.cl\/portal\/wp-content\/uploads\/2014\/02\/Comite1.jpg?resize=528%2C272\" width=\"528\" height=\"272\" srcset=\"https:\/\/i0.wp.com\/eltrabajo.cl\/portal\/wp-content\/uploads\/2014\/02\/Comite1.jpg?w=528&amp;ssl=1 528w, https:\/\/i0.wp.com\/eltrabajo.cl\/portal\/wp-content\/uploads\/2014\/02\/Comite1.jpg?resize=200%2C103&amp;ssl=1 200w, https:\/\/i0.wp.com\/eltrabajo.cl\/portal\/wp-content\/uploads\/2014\/02\/Comite1.jpg?resize=300%2C154&amp;ssl=1 300w, https:\/\/i0.wp.com\/eltrabajo.cl\/portal\/wp-content\/uploads\/2014\/02\/Comite1.jpg?resize=150%2C77&amp;ssl=1 150w, https:\/\/i0.wp.com\/eltrabajo.cl\/portal\/wp-content\/uploads\/2014\/02\/Comite1.jpg?resize=400%2C206&amp;ssl=1 400w\" sizes=\"auto, (max-width: 528px) 100vw, 528px\" \/><\/a><figcaption id=\"caption-attachment-42857\" class=\"wp-caption-text\">ANGUSTIADOS.- Estas 35 familias podr\u00edan perder la oportunidad de obtener su vivienda propia en caso que el Concejo Municipal de Rinconada no aprobara dar tr\u00e1mite al proyecto, pues los dineros ya est\u00e1n en sus arcas.<\/figcaption><\/figure>\n<p><strong>RINCONADA<\/strong>.- Vecinos con apoyo del Concejal David Bustos consiguieron que Subdere asignara los recursos para la compra de un terreno para dar soluci\u00f3n habitacional a 40 familias de la comuna, proyecto que esta a d\u00edas de perderse por negativa del alcalde Pedro Caballer\u00eda en ejecutar el proyecto.<\/p>\n<p>Una situaci\u00f3n m\u00e1s que desesperada, es la que hoy viven cerca de 40 familias de la comuna de Rinconada pertenecientes al Comit\u00e9 habitacional Valle Verde de Auco, en la comuna de Rinconada. En el mes de mayo del 2013 ante ninguna posibilidad ni intenci\u00f3n de adquirir un terreno para sus futuras viviendas sociales por parte de la Municipalidad de Rinconada, el Concejal Bustos junto a los dirigentes del comit\u00e9, golpearon las puertas del Palacio de la Moneda, espec\u00edficamente la Subdere. Oportunidad donde recibieron el respaldo del Subsecretario Miguel Flores, quien se comprometi\u00f3 a financiar dicho proyecto. Fue as\u00ed que luego de ocho meses de gesti\u00f3n, lograron cumplir con los requisitos administrativos e informes t\u00e9cnicos que Subdere exigi\u00f3 para conseguir el financiamiento, el cual lograron previo a Navidad y cuyos recursos fueron depositados en las arcas municipales el d\u00eda 2 de enero. Desde entonces la municipalidad ha puesto mil trabas para hacer la compra y finiquitar el proyecto, desconociendo la informaci\u00f3n t\u00e9cnica que permiti\u00f3 la asignaci\u00f3n del proyecto por parte de Subdere e incluso cuestionado dos tasaciones bancarias que se adjuntaron para respaldo del precio acordado para el pago de la propiedad.<\/p>\n<p>&nbsp;<\/p>\n<p>DESESPERADOS<\/p>\n<p>Los vecinos est\u00e1n desesperados y ven como un proyecto por el cual se sacrificaron meses y que hoy el alcalde se niega a someter a votaci\u00f3n del concejo para proceder con la firma de escrituras y la compra de la propiedad en beneficio de los vecinos.<\/p>\n<p>Natalia Baeza, presidente del comit\u00e9, se\u00f1al\u00f3 sentirse decepcionada y molesta por la actitud poco comprometida por parte del edil rinconadino, \u00ablas familias est\u00e1n muy descontentas porque el proyecto ya est\u00e1 casi liquidado, hay disconformidad, el alcalde no asiste a los concejos ni da la cara, esto lamentablemente no va para algo buen, lo que m\u00e1s nos da es pena, ya que lo m\u00e1s probable que el proyecto se pierda y los recursos se tengan que devolver, le pedimos al alcalde que se ponga la mano en el coraz\u00f3n y que permita que los concejales votes el proyecto ya que es un tr\u00e1mite administrativo esencial\u00bb, se\u00f1al\u00f3 visiblemente la dirigente.<\/p>\n<p>Diario El Trabajo habl\u00f3 con Mat\u00edas Planas, Director Regional de Subdere, quien confirm\u00f3 esta situaci\u00f3n. \u00abYa el dinero est\u00e1 en las arcas municipales, todo se ha hecho y estamos preocupados, pues si a fines de febrero el municipio no hace uso de esos millones, eventualmente estar\u00edamos asign\u00e1ndolos a otro proyecto, aqu\u00ed lo lamentable son las familias, a quienes se les ha ilusionado por mucho tiempo\u00bb.<\/p>\n<p>En tanto, el Concejal David Bustos, quien asesor\u00f3 la adjudicaci\u00f3n de los recursos se mostr\u00f3 indignado por la falta de compromiso del Alcalde Pedro Caballer\u00eda, \u00abesta es una situaci\u00f3n incomprensible, este proyecto fue conseguido por esfuerzo de los vecinos, gestionamos estas platas por siete meses. Hasta el momento el alcalde ha dilatado con mil peros el proyecto, se est\u00e1 desconociendo documentaci\u00f3n del proyecto y la sensaci\u00f3n es que se quiere que el proyecto se pierda, estamos viendo la posibilidad de presentar una acusaci\u00f3n de notable abandono de deberes, ya que no se nos permite como concejales que el proyecto sea votado, tr\u00e1mite administrativo esencial para que se pueda proceder con la compra. Le hemos pedido en reiteradas ocasiones por oficio que ponga en tabla la votaci\u00f3n del concejo la compra de la propiedad que a la municipalidad no le ha costado ning\u00fan peso, pero aparte de su negativa y censura al Concejo, el edil no asiste a las sesiones y no da explicaciones a los vecinos, el proyecto est\u00e1 a punto de perderse y queda la idea que el alcalde justamente espera eso, no hay una explicaci\u00f3n a esto m\u00e1s que un celo pol\u00edtico en desmedro de la necesidad de los vecinos\u00bb, se\u00f1al\u00f3 el Concejal David Bustos.<\/p>\n","protected":false},"excerpt":{"rendered":"<p>RINCONADA.- Vecinos con apoyo del Concejal David Bustos consiguieron que Subdere asignara los recursos para la compra de un terreno para dar soluci\u00f3n habitacional a 40 familias de la comuna, proyecto que&#8230;<\/p>\n","protected":false},"author":482,"featured_media":42857,"comment_status":"open","ping_status":"closed","sticky":false,"template":"","format":"standard","meta":{"advanced_seo_description":"","jetpack_seo_html_title":"","jetpack_seo_noindex":false,"_jetpack_memberships_contains_paid_content":false,"footnotes":""},"categories":[1],"tags":[],"class_list":["post-42856","post","type-post","status-publish","format-standard","has-post-thumbnail","hentry","category-cronica"],"jetpack_featured_media_url":"https:\/\/i0.wp.com\/eltrabajo.cl\/portal\/wp-content\/uploads\/2014\/02\/Comite1.jpg?fit=528%2C272&ssl=1","jetpack_sharing_enabled":true,"jetpack_likes_enabled":true,"jetpack-related-posts":[],"_links":{"self":[{"href":"https:\/\/eltrabajo.cl\/portal\/wp-json\/wp\/v2\/posts\/42856","targetHints":{"allow":["GET"]}}],"collection":[{"href":"https:\/\/eltrabajo.cl\/portal\/wp-json\/wp\/v2\/posts"}],"about":[{"href":"https:\/\/eltrabajo.cl\/portal\/wp-json\/wp\/v2\/types\/post"}],"author":[{"embeddable":true,"href":"https:\/\/eltrabajo.cl\/portal\/wp-json\/wp\/v2\/users\/482"}],"replies":[{"embeddable":true,"href":"https:\/\/eltrabajo.cl\/portal\/wp-json\/wp\/v2\/comments?post=42856"}],"version-history":[{"count":0,"href":"https:\/\/eltrabajo.cl\/portal\/wp-json\/wp\/v2\/posts\/42856\/revisions"}],"wp:featuredmedia":[{"embeddable":true,"href":"https:\/\/eltrabajo.cl\/portal\/wp-json\/wp\/v2\/media\/42857"}],"wp:attachment":[{"href":"https:\/\/eltrabajo.cl\/portal\/wp-json\/wp\/v2\/media?parent=42856"}],"wp:term":[{"taxonomy":"category","embeddable":true,"href":"https:\/\/eltrabajo.cl\/portal\/wp-json\/wp\/v2\/categories?post=42856"},{"taxonomy":"post_tag","embeddable":true,"href":"https:\/\/eltrabajo.cl\/portal\/wp-json\/wp\/v2\/tags?post=42856"}],"curies":[{"name":"wp","href":"https:\/\/api.w.org\/{rel}","templated":true}]}}