{"id":42859,"date":"2014-02-07T09:26:05","date_gmt":"2014-02-07T12:26:05","guid":{"rendered":"http:\/\/www.eltrabajo.cl\/portal\/?p=42859"},"modified":"2014-02-07T09:26:05","modified_gmt":"2014-02-07T12:26:05","slug":"realizan-ceremonia-ancestral-mapuche-del-corte-de-cabello","status":"publish","type":"post","link":"https:\/\/eltrabajo.cl\/portal\/realizan-ceremonia-ancestral-mapuche-del-corte-de-cabello\/","title":{"rendered":"Realizan ceremonia ancestral mapuche del corte de cabello"},"content":{"rendered":"<figure id=\"attachment_42860\" aria-describedby=\"caption-attachment-42860\" style=\"width: 528px\" class=\"wp-caption alignnone\"><a href=\"https:\/\/i0.wp.com\/www.eltrabajo.cl\/portal\/wp-content\/uploads\/2014\/02\/Pelo2.jpg\"><img data-recalc-dims=\"1\" loading=\"lazy\" decoding=\"async\" class=\"size-full wp-image-42860\" title=\"Esta mujer, ya en edad adulta, tambi\u00e9n se someti\u00f3 al ritual ancestral mapuche en Los Andes.\" alt=\"Esta mujer, ya en edad adulta, tambi\u00e9n se someti\u00f3 al ritual ancestral mapuche en Los Andes.\" src=\"https:\/\/i0.wp.com\/www.eltrabajo.cl\/portal\/wp-content\/uploads\/2014\/02\/Pelo2.jpg?resize=528%2C397\" width=\"528\" height=\"397\" srcset=\"https:\/\/i0.wp.com\/eltrabajo.cl\/portal\/wp-content\/uploads\/2014\/02\/Pelo2.jpg?w=528&amp;ssl=1 528w, https:\/\/i0.wp.com\/eltrabajo.cl\/portal\/wp-content\/uploads\/2014\/02\/Pelo2.jpg?resize=200%2C150&amp;ssl=1 200w, https:\/\/i0.wp.com\/eltrabajo.cl\/portal\/wp-content\/uploads\/2014\/02\/Pelo2.jpg?resize=300%2C225&amp;ssl=1 300w, https:\/\/i0.wp.com\/eltrabajo.cl\/portal\/wp-content\/uploads\/2014\/02\/Pelo2.jpg?resize=150%2C112&amp;ssl=1 150w, https:\/\/i0.wp.com\/eltrabajo.cl\/portal\/wp-content\/uploads\/2014\/02\/Pelo2.jpg?resize=400%2C300&amp;ssl=1 400w\" sizes=\"auto, (max-width: 528px) 100vw, 528px\" \/><\/a><figcaption id=\"caption-attachment-42860\" class=\"wp-caption-text\">Esta mujer, ya en edad adulta, tambi\u00e9n se someti\u00f3 al ritual ancestral mapuche en Los Andes.<\/figcaption><\/figure>\n<p><strong>LOS ANDES<\/strong>.- En marco del Seminario Taller de Cultura y Lengua Mapuche y en el Mes de la Lengua Materna, familias ind\u00edgenas y simpatizantes se reunieron en Los Andes, el pasado s\u00e1bado 1 de febrero para revivir una ancestral ceremonia llamada \u2018Katri Kal Lonko\u2019 o \u2018Corte del Pelo de la Cabeza\u2019 de ni\u00f1as, ni\u00f1os y j\u00f3venes. La ceremonia mapuche se celebr\u00f3 en el Hogar de Ni\u00f1as Casa Sagrada Familia, instituci\u00f3n cooperadora del Sename y fue dirigida por el \u00dclmen Lonko (Jefe Mayor) Manuel Currilen Cheuquel y la Kimche Papai (Se\u00f1ora Sabia) Norma Liempi, quienes fueron acompa\u00f1ados por todas las ni\u00f1as de los \u2018Hogares Casa Bel\u00e9n\u2019, \u2018Causa Laura Vicu\u00f1a\u2019 y las familias ind\u00edgenas de la provincia de Los Andes.<\/p>\n<figure id=\"attachment_42861\" aria-describedby=\"caption-attachment-42861\" style=\"width: 423px\" class=\"wp-caption alignright\"><a href=\"https:\/\/i0.wp.com\/www.eltrabajo.cl\/portal\/wp-content\/uploads\/2014\/02\/Pelo1.jpg\"><img data-recalc-dims=\"1\" loading=\"lazy\" decoding=\"async\" class=\" wp-image-42861 \" title=\"Esta peque\u00f1ita tambi\u00e9n particip\u00f3 en la ceremonia mapuche del corte de pelo, la jornada para ella fue divertida.\" alt=\"Esta peque\u00f1ita tambi\u00e9n particip\u00f3 en la ceremonia mapuche del corte de pelo, la jornada para ella fue divertida.\" src=\"https:\/\/i0.wp.com\/www.eltrabajo.cl\/portal\/wp-content\/uploads\/2014\/02\/Pelo1.jpg?resize=423%2C565\" width=\"423\" height=\"565\" srcset=\"https:\/\/i0.wp.com\/eltrabajo.cl\/portal\/wp-content\/uploads\/2014\/02\/Pelo1.jpg?w=529&amp;ssl=1 529w, https:\/\/i0.wp.com\/eltrabajo.cl\/portal\/wp-content\/uploads\/2014\/02\/Pelo1.jpg?resize=112%2C150&amp;ssl=1 112w, https:\/\/i0.wp.com\/eltrabajo.cl\/portal\/wp-content\/uploads\/2014\/02\/Pelo1.jpg?resize=224%2C300&amp;ssl=1 224w, https:\/\/i0.wp.com\/eltrabajo.cl\/portal\/wp-content\/uploads\/2014\/02\/Pelo1.jpg?resize=400%2C533&amp;ssl=1 400w\" sizes=\"auto, (max-width: 423px) 100vw, 423px\" \/><\/a><figcaption id=\"caption-attachment-42861\" class=\"wp-caption-text\">Esta peque\u00f1ita tambi\u00e9n particip\u00f3 en la ceremonia mapuche del corte de pelo, la jornada para ella fue divertida.<\/figcaption><\/figure>\n<p>\u00abCon estas actividades buscamos revitalizar la cosmovisi\u00f3n y lengua mapuche del Valle de Aconcagua, mas ahora que se estamos celebrando el Mes de la Lengua Materna\u00bb, indic\u00f3 el Coordinador de la Comunidad Muche y Profesor Cristian Rodr\u00edguez Rideau. El Lonko Manuel Currilen, mencion\u00f3 que \u00abcada vez que nos reunimos, buscamos profundizar el sentido y significado de nuestra cultura y por eso participan de ella mapuche y no mapuche\u00bb.<\/p>\n<p>Por su parte, Eduardo Torres Guti\u00e9rrez, psic\u00f3logo Asesor del \u00c1rea Psicosocial de Huillimapu, se\u00f1alo a Diario El Trabajo que \u00abChile est\u00e1 al debe en el respeto de los Derechos Ind\u00edgenas, por eso buscamos que la interculturalidad no sea un mero concepto, sino sea una palabra hecha vida. Este mes se est\u00e1 celebrando la Lengua Materna y en pol\u00edticas de educaci\u00f3n intercultural biling\u00fce no se han dado grandes avances\u00bb.<\/p>\n<p>Por \u00faltimo, la Asistente Social del Hogar de ni\u00f1as, Flor Mu\u00f1oz Urrutia, valor\u00f3 esta ceremonia e indic\u00f3 que este trabajo lo vienen desarrollando desde hace m\u00e1s de siete a\u00f1os atr\u00e1s y continuar\u00e1n trabajando con la educaci\u00f3n intercultural, pues buscan sensibilizar en la tolerancia y en el respeto a los Pueblos Originarios a las ni\u00f1as.<\/p>\n<p>&nbsp;<\/p>\n","protected":false},"excerpt":{"rendered":"<p>LOS ANDES.- En marco del Seminario Taller de Cultura y Lengua Mapuche y en el Mes de la Lengua Materna, familias ind\u00edgenas y simpatizantes se reunieron en Los Andes, el pasado s\u00e1bado&#8230;<\/p>\n","protected":false},"author":482,"featured_media":42860,"comment_status":"open","ping_status":"closed","sticky":false,"template":"","format":"standard","meta":{"advanced_seo_description":"","jetpack_seo_html_title":"","jetpack_seo_noindex":false,"_jetpack_memberships_contains_paid_content":false,"footnotes":""},"categories":[1],"tags":[],"class_list":["post-42859","post","type-post","status-publish","format-standard","has-post-thumbnail","hentry","category-cronica"],"jetpack_featured_media_url":"https:\/\/i0.wp.com\/eltrabajo.cl\/portal\/wp-content\/uploads\/2014\/02\/Pelo2.jpg?fit=528%2C397&ssl=1","jetpack_sharing_enabled":true,"jetpack_likes_enabled":true,"jetpack-related-posts":[],"_links":{"self":[{"href":"https:\/\/eltrabajo.cl\/portal\/wp-json\/wp\/v2\/posts\/42859","targetHints":{"allow":["GET"]}}],"collection":[{"href":"https:\/\/eltrabajo.cl\/portal\/wp-json\/wp\/v2\/posts"}],"about":[{"href":"https:\/\/eltrabajo.cl\/portal\/wp-json\/wp\/v2\/types\/post"}],"author":[{"embeddable":true,"href":"https:\/\/eltrabajo.cl\/portal\/wp-json\/wp\/v2\/users\/482"}],"replies":[{"embeddable":true,"href":"https:\/\/eltrabajo.cl\/portal\/wp-json\/wp\/v2\/comments?post=42859"}],"version-history":[{"count":0,"href":"https:\/\/eltrabajo.cl\/portal\/wp-json\/wp\/v2\/posts\/42859\/revisions"}],"wp:featuredmedia":[{"embeddable":true,"href":"https:\/\/eltrabajo.cl\/portal\/wp-json\/wp\/v2\/media\/42860"}],"wp:attachment":[{"href":"https:\/\/eltrabajo.cl\/portal\/wp-json\/wp\/v2\/media?parent=42859"}],"wp:term":[{"taxonomy":"category","embeddable":true,"href":"https:\/\/eltrabajo.cl\/portal\/wp-json\/wp\/v2\/categories?post=42859"},{"taxonomy":"post_tag","embeddable":true,"href":"https:\/\/eltrabajo.cl\/portal\/wp-json\/wp\/v2\/tags?post=42859"}],"curies":[{"name":"wp","href":"https:\/\/api.w.org\/{rel}","templated":true}]}}