{"id":42864,"date":"2014-02-07T09:27:00","date_gmt":"2014-02-07T12:27:00","guid":{"rendered":"http:\/\/www.eltrabajo.cl\/portal\/?p=42864"},"modified":"2014-02-07T09:27:00","modified_gmt":"2014-02-07T12:27:00","slug":"este-fin-de-semana-se-realizara-trilla-a-yegua-suelta-en-almendral-alto","status":"publish","type":"post","link":"https:\/\/eltrabajo.cl\/portal\/este-fin-de-semana-se-realizara-trilla-a-yegua-suelta-en-almendral-alto\/","title":{"rendered":"Este fin de semana se realizar\u00e1 trilla a yegua suelta en Almendral Alto"},"content":{"rendered":"<figure id=\"attachment_42865\" aria-describedby=\"caption-attachment-42865\" style=\"width: 528px\" class=\"wp-caption alignnone\"><a href=\"https:\/\/i0.wp.com\/www.eltrabajo.cl\/portal\/wp-content\/uploads\/2014\/02\/Trilla.jpg\"><img data-recalc-dims=\"1\" loading=\"lazy\" decoding=\"async\" class=\"size-full wp-image-42865\" title=\"En la imagen, los socios del Club Deportivo Almendral Alto inician las labores de preparaci\u00f3n de la trilla. De izquierda a derecha se encuentran Francisco Pali\u00f1a, Rub\u00e9n Sa\u00e1, Alejandro Montenegro y Eduardo Sa\u00e1.\" alt=\"En la imagen, los socios del Club Deportivo Almendral Alto inician las labores de preparaci\u00f3n de la trilla. De izquierda a derecha se encuentran Francisco Pali\u00f1a, Rub\u00e9n Sa\u00e1, Alejandro Montenegro y Eduardo Sa\u00e1.\" src=\"https:\/\/i0.wp.com\/www.eltrabajo.cl\/portal\/wp-content\/uploads\/2014\/02\/Trilla.jpg?resize=528%2C297\" width=\"528\" height=\"297\" srcset=\"https:\/\/i0.wp.com\/eltrabajo.cl\/portal\/wp-content\/uploads\/2014\/02\/Trilla.jpg?w=528&amp;ssl=1 528w, https:\/\/i0.wp.com\/eltrabajo.cl\/portal\/wp-content\/uploads\/2014\/02\/Trilla.jpg?resize=200%2C112&amp;ssl=1 200w, https:\/\/i0.wp.com\/eltrabajo.cl\/portal\/wp-content\/uploads\/2014\/02\/Trilla.jpg?resize=300%2C168&amp;ssl=1 300w, https:\/\/i0.wp.com\/eltrabajo.cl\/portal\/wp-content\/uploads\/2014\/02\/Trilla.jpg?resize=150%2C84&amp;ssl=1 150w, https:\/\/i0.wp.com\/eltrabajo.cl\/portal\/wp-content\/uploads\/2014\/02\/Trilla.jpg?resize=400%2C225&amp;ssl=1 400w\" sizes=\"auto, (max-width: 528px) 100vw, 528px\" \/><\/a><figcaption id=\"caption-attachment-42865\" class=\"wp-caption-text\">En la imagen, los socios del Club Deportivo Almendral Alto inician las labores de preparaci\u00f3n de la trilla. De izquierda a derecha se encuentran Francisco Pali\u00f1a, Rub\u00e9n Sa\u00e1, Alejandro Montenegro y Eduardo Sa\u00e1.<\/figcaption><\/figure>\n<p>Organizado por el Club Deportivo Almendral Alto, este s\u00e1bado 8 y domingo 9 de febrero se realizar\u00e1 en el recinto de esta entidad, la trilla a yegua suelta, la \u00fanica que se realiza en San Felipe y que es muy esperada por los amantes de las tradiciones de nuestro campo. La informaci\u00f3n la entregaron Arturo Moreno y Gabriel Quijanes, dirigentes del Club Deportivo Almendral Alto, quienes formularon una invitaci\u00f3n a la comunidad, para que asista a esta actividad que se realizar\u00e1, donde adem\u00e1s de la trilla se contempla la realizaci\u00f3n de juegos t\u00edpicos y la posibilidad de degustar platos t\u00edpicos.<\/p>\n<p>\u00abEsta es una actividad que la realiza el Club Deportivo Almendral Alto, sin apoyo de nadie, donde buscamos revivir una tradici\u00f3n tan nuestra. La organizamos unas 30 personas, que trabajamos arduamente para lograrlo. Lo bonito es que tenemos un buen campo, con harta sombra, y habr\u00e1 juegos t\u00edpicos, domadura, podr\u00e1n ir a almorzar el domingo platos como charquic\u00e1n, cazuela de campo y otras cosas\u00bb, se\u00f1al\u00f3 Moreno.<\/p>\n<p>Seg\u00fan coment\u00f3 Gabriel Quijanes, pese a que ellos realizan muy poca difusi\u00f3n de la actividad, de igual manera llega gran cantidad de gente a disfrutar de esta trilla, relevando en este sentido que es la \u00fanica que se realiza en la comuna de San Felipe.<\/p>\n<p>Consultado por la programaci\u00f3n, se\u00f1al\u00f3 que el d\u00eda s\u00e1bado las actividades parten a las 18:00 horas, aunque quienes deseen llegar antes, pueden hacerlo sin problema. Ese d\u00eda se realizar\u00e1 la inauguraci\u00f3n con la presencia de autoridades locales, de San Felipe y Santa Mar\u00eda, as\u00ed como provinciales. Por la noche, se realizar\u00e1 un baile con una \u2018regia orquesta\u2019, cuyo nombre no quiso entregar el dirigente, para que sea una sorpresa para el p\u00fablico.<\/p>\n<p>Destac\u00f3 adem\u00e1s que esta es una actividad para que participe toda la familia, no solo los adultos, pues a los ni\u00f1os se les ofrecen instancias de entretenci\u00f3n que no encuentran en todas partes. El valor de la entrada, es de $1000 general; mientras que para el baile del s\u00e1bado, s\u00f3lo se paga el consumo. Los recursos que se recauden, permiten al club mantenerse como organizaci\u00f3n y mantener tambi\u00e9n la cancha del Almendral Alto, que es reconocida como una de las que se encuentra en mejores condiciones a nivel de la comuna de San Felipe.<\/p>\n<p>&nbsp;<\/p>\n","protected":false},"excerpt":{"rendered":"<p>Organizado por el Club Deportivo Almendral Alto, este s\u00e1bado 8 y domingo 9 de febrero se realizar\u00e1 en el recinto de esta entidad, la trilla a yegua suelta, la \u00fanica que se&#8230;<\/p>\n","protected":false},"author":482,"featured_media":42865,"comment_status":"open","ping_status":"closed","sticky":false,"template":"","format":"standard","meta":{"advanced_seo_description":"","jetpack_seo_html_title":"","jetpack_seo_noindex":false,"_jetpack_memberships_contains_paid_content":false,"footnotes":""},"categories":[15],"tags":[],"class_list":["post-42864","post","type-post","status-publish","format-standard","has-post-thumbnail","hentry","category-comunidad"],"jetpack_featured_media_url":"https:\/\/i0.wp.com\/eltrabajo.cl\/portal\/wp-content\/uploads\/2014\/02\/Trilla.jpg?fit=528%2C297&ssl=1","jetpack_sharing_enabled":true,"jetpack_likes_enabled":true,"jetpack-related-posts":[],"_links":{"self":[{"href":"https:\/\/eltrabajo.cl\/portal\/wp-json\/wp\/v2\/posts\/42864","targetHints":{"allow":["GET"]}}],"collection":[{"href":"https:\/\/eltrabajo.cl\/portal\/wp-json\/wp\/v2\/posts"}],"about":[{"href":"https:\/\/eltrabajo.cl\/portal\/wp-json\/wp\/v2\/types\/post"}],"author":[{"embeddable":true,"href":"https:\/\/eltrabajo.cl\/portal\/wp-json\/wp\/v2\/users\/482"}],"replies":[{"embeddable":true,"href":"https:\/\/eltrabajo.cl\/portal\/wp-json\/wp\/v2\/comments?post=42864"}],"version-history":[{"count":0,"href":"https:\/\/eltrabajo.cl\/portal\/wp-json\/wp\/v2\/posts\/42864\/revisions"}],"wp:featuredmedia":[{"embeddable":true,"href":"https:\/\/eltrabajo.cl\/portal\/wp-json\/wp\/v2\/media\/42865"}],"wp:attachment":[{"href":"https:\/\/eltrabajo.cl\/portal\/wp-json\/wp\/v2\/media?parent=42864"}],"wp:term":[{"taxonomy":"category","embeddable":true,"href":"https:\/\/eltrabajo.cl\/portal\/wp-json\/wp\/v2\/categories?post=42864"},{"taxonomy":"post_tag","embeddable":true,"href":"https:\/\/eltrabajo.cl\/portal\/wp-json\/wp\/v2\/tags?post=42864"}],"curies":[{"name":"wp","href":"https:\/\/api.w.org\/{rel}","templated":true}]}}