{"id":42867,"date":"2014-02-07T09:28:36","date_gmt":"2014-02-07T12:28:36","guid":{"rendered":"http:\/\/www.eltrabajo.cl\/portal\/?p=42867"},"modified":"2014-02-07T09:28:36","modified_gmt":"2014-02-07T12:28:36","slug":"en-julio-deberia-a-comenzar-a-llenarse-el-embalse-chacrillas","status":"publish","type":"post","link":"https:\/\/eltrabajo.cl\/portal\/en-julio-deberia-a-comenzar-a-llenarse-el-embalse-chacrillas\/","title":{"rendered":"En julio deber\u00eda a comenzar a llenarse el Embalse Chacrillas"},"content":{"rendered":"<figure id=\"attachment_42868\" aria-describedby=\"caption-attachment-42868\" style=\"width: 529px\" class=\"wp-caption alignnone\"><a href=\"https:\/\/i0.wp.com\/www.eltrabajo.cl\/portal\/wp-content\/uploads\/2014\/02\/portadavisitaembalse.jpg\"><img data-recalc-dims=\"1\" loading=\"lazy\" decoding=\"async\" class=\"size-full wp-image-42868\" title=\"En el mes de julio o a m\u00e1s tardar en agosto de este a\u00f1o, deber\u00eda comenzar a llenarse el Embalse Chacrillas.\" alt=\"En el mes de julio o a m\u00e1s tardar en agosto de este a\u00f1o, deber\u00eda comenzar a llenarse el Embalse Chacrillas.\" src=\"https:\/\/i0.wp.com\/www.eltrabajo.cl\/portal\/wp-content\/uploads\/2014\/02\/portadavisitaembalse.jpg?resize=529%2C313\" width=\"529\" height=\"313\" srcset=\"https:\/\/i0.wp.com\/eltrabajo.cl\/portal\/wp-content\/uploads\/2014\/02\/portadavisitaembalse.jpg?w=529&amp;ssl=1 529w, https:\/\/i0.wp.com\/eltrabajo.cl\/portal\/wp-content\/uploads\/2014\/02\/portadavisitaembalse.jpg?resize=200%2C118&amp;ssl=1 200w, https:\/\/i0.wp.com\/eltrabajo.cl\/portal\/wp-content\/uploads\/2014\/02\/portadavisitaembalse.jpg?resize=300%2C177&amp;ssl=1 300w, https:\/\/i0.wp.com\/eltrabajo.cl\/portal\/wp-content\/uploads\/2014\/02\/portadavisitaembalse.jpg?resize=150%2C88&amp;ssl=1 150w, https:\/\/i0.wp.com\/eltrabajo.cl\/portal\/wp-content\/uploads\/2014\/02\/portadavisitaembalse.jpg?resize=400%2C236&amp;ssl=1 400w\" sizes=\"auto, (max-width: 529px) 100vw, 529px\" \/><\/a><figcaption id=\"caption-attachment-42868\" class=\"wp-caption-text\">En el mes de julio o a m\u00e1s tardar en agosto de este a\u00f1o, deber\u00eda comenzar a llenarse el Embalse Chacrillas.<\/figcaption><\/figure>\n<p><strong>PUTAENDO<\/strong>.- En el mes de julio o a m\u00e1s tardar en agosto de este a\u00f1o, deber\u00eda comenzar a llenarse el Embalse Chacrillas, seg\u00fan lo se\u00f1alado por el Presidente de la Junta de Vigilancia del R\u00edo Putaendo, Jos\u00e9 Manuel Carter. El dirigente visit\u00f3 las obras de construcci\u00f3n del embalse junto a toda la directiva de la JVRP este mi\u00e9rcoles y se\u00f1al\u00f3 que fue una visita muy positiva, pues siempre hab\u00edan visitado la construcci\u00f3n del embalse cortina abajo y en esta ocasi\u00f3n lo hicieron hacia el otro sector e incluso pudieron bajar hasta el inicio del embalse que pr\u00f3ximamente ser\u00e1 llenado, lo que fue emocionante para los dirigentes, agregando que la cortina del embalse presenta un 95% de avance y que la obra gruesa de todo el embalse terminar\u00e1 en 30 o 40 d\u00edas m\u00e1s, ya que producto del paro portuario demoraron en llegar los moldajes autodeslizantes, que son fundamentales para los trabajos fundamentales.<\/p>\n<p>Carter se\u00f1al\u00f3 adem\u00e1s que se enteraron de una buena noticia, pues el camino que ir\u00e1 en forma lateral al embalse est\u00e1 en etapa de consulta y pr\u00f3ximamente ser\u00e1 licitado, lo que permitir\u00e1 tener una ruta con un alto est\u00e1ndar de seguridad y en condiciones para llegar hacia la cortina y al R\u00edo Roc\u00edn, por lo que destac\u00f3 la disposici\u00f3n de los ejecutivos de OHL y el inspector fiscal Mario Rosales, quienes permitieron hacer una visita bastante extensa y detallada a las obras del embalse, que seg\u00fan Carter administrar\u00e1 la Junta de Vigilancia del R\u00edo Putaendo.<\/p>\n<p>Uno de los puntos m\u00e1s importantes destacados por Carter, es la informaci\u00f3n relacionada con el momento, que calific\u00f3 como hist\u00f3rico que se vivir\u00e1 cuando las aguas del R\u00edo Roc\u00edn comiencen a llenar definitivamente el Embalse Chacrillas e indic\u00f3 que esto ocurrir\u00e1 en el mes de julio o a m\u00e1s tardar en agosto, adelantando que ese sin lugar a dudas ser\u00e1 uno de los momentos m\u00e1s esperados e hist\u00f3ricos en el largo proceso y sue\u00f1o de tener un embalse para los agricultores de Putaendo.<\/p>\n<p><strong>ESPERANDO\u00a0A PI\u00d1ERA<\/strong><\/p>\n<p>Consultado sobre la eventual pr\u00f3xima visita del Presidente Sebasti\u00e1n Pi\u00f1era, quien vendr\u00eda a inaugurar el Embalse Chacrillas el pr\u00f3ximo lunes 17 de febrero, el dirigente se\u00f1al\u00f3 en forma categ\u00f3rica que no tiene informaci\u00f3n oficial que d\u00e9 cuenta de esta visita y que tampoco esa informaci\u00f3n la maneja la gente de OHL o de Inspetor\u00eda Fiscal, reiterando que no han recibido informaci\u00f3n sobre la eventual inauguraci\u00f3n por parte del mandatario en la fecha antes indicada.<\/p>\n<p>A pesar del hermetismo que sigue existiendo sobre esta eventual visita, hasta el momento todo indica que se mantiene firme la fecha del lunes 17 de febrero para que el actual Presidente Pi\u00f1era acuda hasta el interior de Los Patos e inaugure el Embalse Chacrillas a menos de un mes que asuma la presidente electa Michelle Bachelet.<\/p>\n<p>Patricio Gallardo M.<\/p>\n","protected":false},"excerpt":{"rendered":"<p>PUTAENDO.- En el mes de julio o a m\u00e1s tardar en agosto de este a\u00f1o, deber\u00eda comenzar a llenarse el Embalse Chacrillas, seg\u00fan lo se\u00f1alado por el Presidente de la Junta de&#8230;<\/p>\n","protected":false},"author":482,"featured_media":42868,"comment_status":"open","ping_status":"closed","sticky":false,"template":"","format":"standard","meta":{"advanced_seo_description":"","jetpack_seo_html_title":"","jetpack_seo_noindex":false,"_jetpack_memberships_contains_paid_content":false,"footnotes":""},"categories":[1],"tags":[],"class_list":["post-42867","post","type-post","status-publish","format-standard","has-post-thumbnail","hentry","category-cronica"],"jetpack_featured_media_url":"https:\/\/i0.wp.com\/eltrabajo.cl\/portal\/wp-content\/uploads\/2014\/02\/portadavisitaembalse.jpg?fit=529%2C313&ssl=1","jetpack_sharing_enabled":true,"jetpack_likes_enabled":true,"jetpack-related-posts":[],"_links":{"self":[{"href":"https:\/\/eltrabajo.cl\/portal\/wp-json\/wp\/v2\/posts\/42867","targetHints":{"allow":["GET"]}}],"collection":[{"href":"https:\/\/eltrabajo.cl\/portal\/wp-json\/wp\/v2\/posts"}],"about":[{"href":"https:\/\/eltrabajo.cl\/portal\/wp-json\/wp\/v2\/types\/post"}],"author":[{"embeddable":true,"href":"https:\/\/eltrabajo.cl\/portal\/wp-json\/wp\/v2\/users\/482"}],"replies":[{"embeddable":true,"href":"https:\/\/eltrabajo.cl\/portal\/wp-json\/wp\/v2\/comments?post=42867"}],"version-history":[{"count":0,"href":"https:\/\/eltrabajo.cl\/portal\/wp-json\/wp\/v2\/posts\/42867\/revisions"}],"wp:featuredmedia":[{"embeddable":true,"href":"https:\/\/eltrabajo.cl\/portal\/wp-json\/wp\/v2\/media\/42868"}],"wp:attachment":[{"href":"https:\/\/eltrabajo.cl\/portal\/wp-json\/wp\/v2\/media?parent=42867"}],"wp:term":[{"taxonomy":"category","embeddable":true,"href":"https:\/\/eltrabajo.cl\/portal\/wp-json\/wp\/v2\/categories?post=42867"},{"taxonomy":"post_tag","embeddable":true,"href":"https:\/\/eltrabajo.cl\/portal\/wp-json\/wp\/v2\/tags?post=42867"}],"curies":[{"name":"wp","href":"https:\/\/api.w.org\/{rel}","templated":true}]}}