{"id":42877,"date":"2014-02-07T09:33:15","date_gmt":"2014-02-07T12:33:15","guid":{"rendered":"http:\/\/www.eltrabajo.cl\/portal\/?p=42877"},"modified":"2014-02-07T09:33:15","modified_gmt":"2014-02-07T12:33:15","slug":"todos-a-zumbar-y-pasar-una-tarde-entretenida-por-amor-a-polyta","status":"publish","type":"post","link":"https:\/\/eltrabajo.cl\/portal\/todos-a-zumbar-y-pasar-una-tarde-entretenida-por-amor-a-polyta\/","title":{"rendered":"Todos a zumbar y pasar una tarde entretenida por amor a Polyta"},"content":{"rendered":"<figure id=\"attachment_42878\" aria-describedby=\"caption-attachment-42878\" style=\"width: 529px\" class=\"wp-caption alignnone\"><a href=\"https:\/\/i0.wp.com\/www.eltrabajo.cl\/portal\/wp-content\/uploads\/2014\/02\/Zumba.jpg\"><img data-recalc-dims=\"1\" loading=\"lazy\" decoding=\"async\" class=\"size-full wp-image-42878\" title=\"EL Instructor Pablo Osorio ofrecer\u00e1 una entretenida clase de zumba a quienes lleguen este s\u00e1bado a la Parcela 64 de Bellavista.\" alt=\"EL Instructor Pablo Osorio ofrecer\u00e1 una entretenida clase de zumba a quienes lleguen este s\u00e1bado a la Parcela 64 de Bellavista.\" src=\"https:\/\/i0.wp.com\/www.eltrabajo.cl\/portal\/wp-content\/uploads\/2014\/02\/Zumba.jpg?resize=529%2C353\" width=\"529\" height=\"353\" srcset=\"https:\/\/i0.wp.com\/eltrabajo.cl\/portal\/wp-content\/uploads\/2014\/02\/Zumba.jpg?w=529&amp;ssl=1 529w, https:\/\/i0.wp.com\/eltrabajo.cl\/portal\/wp-content\/uploads\/2014\/02\/Zumba.jpg?resize=200%2C133&amp;ssl=1 200w, https:\/\/i0.wp.com\/eltrabajo.cl\/portal\/wp-content\/uploads\/2014\/02\/Zumba.jpg?resize=300%2C200&amp;ssl=1 300w, https:\/\/i0.wp.com\/eltrabajo.cl\/portal\/wp-content\/uploads\/2014\/02\/Zumba.jpg?resize=150%2C100&amp;ssl=1 150w, https:\/\/i0.wp.com\/eltrabajo.cl\/portal\/wp-content\/uploads\/2014\/02\/Zumba.jpg?resize=400%2C266&amp;ssl=1 400w\" sizes=\"auto, (max-width: 529px) 100vw, 529px\" \/><\/a><figcaption id=\"caption-attachment-42878\" class=\"wp-caption-text\">EL Instructor Pablo Osorio ofrecer\u00e1 una entretenida clase de zumba a quienes lleguen este s\u00e1bado a la Parcela 64 de Bellavista.<\/figcaption><\/figure>\n<p>Adolescente de trece a\u00f1os padece c\u00e1ncer y su madre necesita recursos para mantenerse en Vi\u00f1a del Mar y as\u00ed acompa\u00f1arla en su dif\u00edcil tratamiento, luego que le detectaran la enfermedad el a\u00f1o pasado.<\/p>\n<figure id=\"attachment_42879\" aria-describedby=\"caption-attachment-42879\" style=\"width: 370px\" class=\"wp-caption alignright\"><a href=\"https:\/\/i0.wp.com\/www.eltrabajo.cl\/portal\/wp-content\/uploads\/2014\/02\/Polyta.jpg\"><img data-recalc-dims=\"1\" loading=\"lazy\" decoding=\"async\" class=\" wp-image-42879 \" title=\"En la imagen, Polyta junto a su hermano. La mayor, obviamente, con la calvicie que se produce a prop\u00f3sito de las sesiones de quimioterapia.\" alt=\"En la imagen, Polyta junto a su hermano. La mayor, obviamente, con la calvicie que se produce a prop\u00f3sito de las sesiones de quimioterapia.\" src=\"https:\/\/i0.wp.com\/www.eltrabajo.cl\/portal\/wp-content\/uploads\/2014\/02\/Polyta.jpg?resize=370%2C494\" width=\"370\" height=\"494\" srcset=\"https:\/\/i0.wp.com\/eltrabajo.cl\/portal\/wp-content\/uploads\/2014\/02\/Polyta.jpg?w=529&amp;ssl=1 529w, https:\/\/i0.wp.com\/eltrabajo.cl\/portal\/wp-content\/uploads\/2014\/02\/Polyta.jpg?resize=112%2C150&amp;ssl=1 112w, https:\/\/i0.wp.com\/eltrabajo.cl\/portal\/wp-content\/uploads\/2014\/02\/Polyta.jpg?resize=224%2C300&amp;ssl=1 224w, https:\/\/i0.wp.com\/eltrabajo.cl\/portal\/wp-content\/uploads\/2014\/02\/Polyta.jpg?resize=400%2C533&amp;ssl=1 400w\" sizes=\"auto, (max-width: 370px) 100vw, 370px\" \/><\/a><figcaption id=\"caption-attachment-42879\" class=\"wp-caption-text\">En la imagen, Polyta junto a su hermano. La mayor, obviamente, con la calvicie que se produce a prop\u00f3sito de las sesiones de quimioterapia.<\/figcaption><\/figure>\n<p>Una jornada muy entretenida, donde habr\u00e1 piscina, cosas ricas para comer y beber, as\u00ed como dos horas de zumba a cargo del destacado Profesor de Educaci\u00f3n F\u00edsica Pablo Osorio, tiene programada la vecina sanfelipe\u00f1a Andrea Arancibia Vilches, quien es mam\u00e1 de Polyta, una adolescente de trece a\u00f1os que sufre c\u00e1ncer linf\u00e1tico. A la ni\u00f1a le detectaron la enfermedad hace pocos meses, el a\u00f1o pasado, y desde entonces su madre ha seguido al pie de la letra todas y cada una de las instrucciones de los m\u00e9dicos, debiendo acompa\u00f1ar a su hija en los dolorosos tratamientos, donde se incluye la quimioterapia.<\/p>\n<p>Polyta sigue precisamente someti\u00e9ndose a diversas terapias y quimio, pero debe mantenerse en Vi\u00f1a del Mar y su madre, no quiere dejarla sola, por lo tanto decidi\u00f3 buscar un lugar donde vivir en la ciudad jard\u00edn y as\u00ed, llevar a su hija al hospital y despu\u00e9s regresar al improvisado hogar que formaron lejos de San Felipe.<\/p>\n<p><strong>PODEMOS AYUDAR<\/strong><\/p>\n<p>El problema pasa por los recursos. Si bien el tratamiento es costeado por el Plan Auge, la permanencia en Vi\u00f1a del Mar y si tener opciones para trabajar, por cuanto adem\u00e1s de acompa\u00f1ar a la ni\u00f1a, Andrea debe cuidar a su hijo peque\u00f1o, le han generado un enorme perjuicio econ\u00f3mico. Por este motivo esta vecina ha organizado este evento que se realizar\u00e1 este s\u00e1bado en la Parcela 64 de Bellavista, donde est\u00e1n todos invitados a participar.<\/p>\n<p>Una de las atracciones de la jornada, ser\u00e1 la participaci\u00f3n del Profesor Pablo Osorio, quien ofrecer\u00e1 una entretenida clase de zumba a los asistentes. Ser\u00e1n dos horas de baile, donde adem\u00e1s de pasarlo bien, podr\u00e1n hacer ejercicio f\u00edsico y liberar tensiones.<\/p>\n<p>Osorio se ha sumado con gran entusiasmo a esta cruzada e incluso, ha acudido a diferentes medios de comunicaci\u00f3n para promover la actividad, al tiempo que ha promovido en el gimnasio donde trabaja, esta actividad, a objeto que colaboren.<\/p>\n<p>La invitaci\u00f3n est\u00e1 hecha y la entrada es muy barata, ya que son 2.000 pesos con derecho a permanecer pr\u00e1cticamente todo el d\u00eda en el recinto, a practicar zumba y a disfrutar de las sorpresas que se han preparado para la ocasi\u00f3n.<\/p>\n<p>&nbsp;<\/p>\n","protected":false},"excerpt":{"rendered":"<p>Adolescente de trece a\u00f1os padece c\u00e1ncer y su madre necesita recursos para mantenerse en Vi\u00f1a del Mar y as\u00ed acompa\u00f1arla en su dif\u00edcil tratamiento, luego que le detectaran la enfermedad el a\u00f1o&#8230;<\/p>\n","protected":false},"author":482,"featured_media":42878,"comment_status":"open","ping_status":"closed","sticky":false,"template":"","format":"standard","meta":{"advanced_seo_description":"","jetpack_seo_html_title":"","jetpack_seo_noindex":false,"_jetpack_memberships_contains_paid_content":false,"footnotes":""},"categories":[15],"tags":[],"class_list":["post-42877","post","type-post","status-publish","format-standard","has-post-thumbnail","hentry","category-comunidad"],"jetpack_featured_media_url":"https:\/\/i0.wp.com\/eltrabajo.cl\/portal\/wp-content\/uploads\/2014\/02\/Zumba.jpg?fit=529%2C353&ssl=1","jetpack_sharing_enabled":true,"jetpack_likes_enabled":true,"jetpack-related-posts":[],"_links":{"self":[{"href":"https:\/\/eltrabajo.cl\/portal\/wp-json\/wp\/v2\/posts\/42877","targetHints":{"allow":["GET"]}}],"collection":[{"href":"https:\/\/eltrabajo.cl\/portal\/wp-json\/wp\/v2\/posts"}],"about":[{"href":"https:\/\/eltrabajo.cl\/portal\/wp-json\/wp\/v2\/types\/post"}],"author":[{"embeddable":true,"href":"https:\/\/eltrabajo.cl\/portal\/wp-json\/wp\/v2\/users\/482"}],"replies":[{"embeddable":true,"href":"https:\/\/eltrabajo.cl\/portal\/wp-json\/wp\/v2\/comments?post=42877"}],"version-history":[{"count":0,"href":"https:\/\/eltrabajo.cl\/portal\/wp-json\/wp\/v2\/posts\/42877\/revisions"}],"wp:featuredmedia":[{"embeddable":true,"href":"https:\/\/eltrabajo.cl\/portal\/wp-json\/wp\/v2\/media\/42878"}],"wp:attachment":[{"href":"https:\/\/eltrabajo.cl\/portal\/wp-json\/wp\/v2\/media?parent=42877"}],"wp:term":[{"taxonomy":"category","embeddable":true,"href":"https:\/\/eltrabajo.cl\/portal\/wp-json\/wp\/v2\/categories?post=42877"},{"taxonomy":"post_tag","embeddable":true,"href":"https:\/\/eltrabajo.cl\/portal\/wp-json\/wp\/v2\/tags?post=42877"}],"curies":[{"name":"wp","href":"https:\/\/api.w.org\/{rel}","templated":true}]}}