{"id":42882,"date":"2014-02-07T09:36:41","date_gmt":"2014-02-07T12:36:41","guid":{"rendered":"http:\/\/www.eltrabajo.cl\/portal\/?p=42882"},"modified":"2014-02-07T09:36:41","modified_gmt":"2014-02-07T12:36:41","slug":"por-fin-dan-el-vamos-a-la-construccion-del-tramo-panquehue-de-la-ruta-ch-60","status":"publish","type":"post","link":"https:\/\/eltrabajo.cl\/portal\/por-fin-dan-el-vamos-a-la-construccion-del-tramo-panquehue-de-la-ruta-ch-60\/","title":{"rendered":"\u00a1Por fin dan el Vamos a la construcci\u00f3n del tramo Panquehue de la Ruta CH-60!"},"content":{"rendered":"<figure id=\"attachment_42883\" aria-describedby=\"caption-attachment-42883\" style=\"width: 529px\" class=\"wp-caption alignnone\"><a href=\"https:\/\/i0.wp.com\/www.eltrabajo.cl\/portal\/wp-content\/uploads\/2014\/02\/FOTO-3-ENTIERRAN-PLANO.jpg\"><img data-recalc-dims=\"1\" loading=\"lazy\" decoding=\"async\" class=\"size-full wp-image-42883\" title=\"ENTIERRAN PLANO: Las autoridades y dirigentes vecinales, procedieron a enterrar en el punto de inicio de las obras, este plano que quedar\u00e1 bajo la carretera.\" alt=\"ENTIERRAN PLANO: Las autoridades y dirigentes vecinales, procedieron a enterrar en el punto de inicio de las obras, este plano que quedar\u00e1 bajo la carretera.\" src=\"https:\/\/i0.wp.com\/www.eltrabajo.cl\/portal\/wp-content\/uploads\/2014\/02\/FOTO-3-ENTIERRAN-PLANO.jpg?resize=529%2C353\" width=\"529\" height=\"353\" srcset=\"https:\/\/i0.wp.com\/eltrabajo.cl\/portal\/wp-content\/uploads\/2014\/02\/FOTO-3-ENTIERRAN-PLANO.jpg?w=529&amp;ssl=1 529w, https:\/\/i0.wp.com\/eltrabajo.cl\/portal\/wp-content\/uploads\/2014\/02\/FOTO-3-ENTIERRAN-PLANO.jpg?resize=200%2C133&amp;ssl=1 200w, https:\/\/i0.wp.com\/eltrabajo.cl\/portal\/wp-content\/uploads\/2014\/02\/FOTO-3-ENTIERRAN-PLANO.jpg?resize=300%2C200&amp;ssl=1 300w, https:\/\/i0.wp.com\/eltrabajo.cl\/portal\/wp-content\/uploads\/2014\/02\/FOTO-3-ENTIERRAN-PLANO.jpg?resize=150%2C100&amp;ssl=1 150w, https:\/\/i0.wp.com\/eltrabajo.cl\/portal\/wp-content\/uploads\/2014\/02\/FOTO-3-ENTIERRAN-PLANO.jpg?resize=400%2C266&amp;ssl=1 400w\" sizes=\"auto, (max-width: 529px) 100vw, 529px\" \/><\/a><figcaption id=\"caption-attachment-42883\" class=\"wp-caption-text\">ENTIERRAN PLANO: Las autoridades y dirigentes vecinales, procedieron a enterrar en el punto de inicio de las obras, este plano que quedar\u00e1 bajo la carretera.<\/figcaption><\/figure>\n<p>Pasadas las 12:00 horas de ayer, finalmente el Ministro Subrogante de Obras P\u00fablicas, acompa\u00f1ado del Alcalde Luis Pradenas y de la Gobernadora Patricia Boffa, adem\u00e1s de vecinos y concejales, dieron el vamos a las anheladas obras de construcci\u00f3n del tramo que estaba pendiente de la Nueva Ruta CH-60, correspondiente a Lo Campo-San Felipe, los que estar\u00e1n concluidos a mediados de 2016. Son 25 kil\u00f3metros de ruta que deben ser construidos y que permitir\u00e1n contar con una carretera de mejor est\u00e1ndar, para mayor conectividad internacional, dado que esta ruta da hacia Mendoza.<\/p>\n<figure id=\"attachment_42884\" aria-describedby=\"caption-attachment-42884\" style=\"width: 423px\" class=\"wp-caption alignright\"><a href=\"https:\/\/i0.wp.com\/www.eltrabajo.cl\/portal\/wp-content\/uploads\/2014\/02\/FOTO-3-FIRMAN-PLANO.jpg\"><img data-recalc-dims=\"1\" loading=\"lazy\" decoding=\"async\" class=\" wp-image-42884 \" title=\"FIRMAN PLANO: Las autoridades, concejales y vecinos firmaron un plano del proyecto, para dejar el testimonio de su participaci\u00f3n en este momento tan importante.\" alt=\"FIRMAN PLANO: Las autoridades, concejales y vecinos firmaron un plano del proyecto, para dejar el testimonio de su participaci\u00f3n en este momento tan importante.\" src=\"https:\/\/i0.wp.com\/www.eltrabajo.cl\/portal\/wp-content\/uploads\/2014\/02\/FOTO-3-FIRMAN-PLANO.jpg?resize=423%2C282\" width=\"423\" height=\"282\" srcset=\"https:\/\/i0.wp.com\/eltrabajo.cl\/portal\/wp-content\/uploads\/2014\/02\/FOTO-3-FIRMAN-PLANO.jpg?w=529&amp;ssl=1 529w, https:\/\/i0.wp.com\/eltrabajo.cl\/portal\/wp-content\/uploads\/2014\/02\/FOTO-3-FIRMAN-PLANO.jpg?resize=200%2C133&amp;ssl=1 200w, https:\/\/i0.wp.com\/eltrabajo.cl\/portal\/wp-content\/uploads\/2014\/02\/FOTO-3-FIRMAN-PLANO.jpg?resize=300%2C200&amp;ssl=1 300w, https:\/\/i0.wp.com\/eltrabajo.cl\/portal\/wp-content\/uploads\/2014\/02\/FOTO-3-FIRMAN-PLANO.jpg?resize=150%2C100&amp;ssl=1 150w, https:\/\/i0.wp.com\/eltrabajo.cl\/portal\/wp-content\/uploads\/2014\/02\/FOTO-3-FIRMAN-PLANO.jpg?resize=400%2C266&amp;ssl=1 400w\" sizes=\"auto, (max-width: 423px) 100vw, 423px\" \/><\/a><figcaption id=\"caption-attachment-42884\" class=\"wp-caption-text\">FIRMAN PLANO: Las autoridades, concejales y vecinos firmaron un plano del proyecto, para dejar el testimonio de su participaci\u00f3n en este momento tan importante.<\/figcaption><\/figure>\n<p>Al referirse a este proyecto, que ser\u00e1 ejecutado por una contratista de OHL, el Alcalde Pradenas manifest\u00f3 que es una iniciativa emblem\u00e1tica en su gesti\u00f3n, tanto como concejal (2004-2008), como de alcalde (2008-a la fecha), donde se la jug\u00f3 por estar al lado de la comunidad y defender el trazado de borde r\u00edo, que fue el que finalmente tendr\u00e1 la ruta.<\/p>\n<figure id=\"attachment_42885\" aria-describedby=\"caption-attachment-42885\" style=\"width: 317px\" class=\"wp-caption alignleft\"><a href=\"https:\/\/i0.wp.com\/www.eltrabajo.cl\/portal\/wp-content\/uploads\/2014\/02\/FOTO-1-LUCAS-PALACIOS.jpg\"><img data-recalc-dims=\"1\" loading=\"lazy\" decoding=\"async\" class=\" wp-image-42885 \" title=\"Ministro de Obras P\u00fablicas, Lucas Palacios.\" alt=\"Ministro de Obras P\u00fablicas, Lucas Palacios.\" src=\"https:\/\/i0.wp.com\/www.eltrabajo.cl\/portal\/wp-content\/uploads\/2014\/02\/FOTO-1-LUCAS-PALACIOS.jpg?resize=317%2C211\" width=\"317\" height=\"211\" srcset=\"https:\/\/i0.wp.com\/eltrabajo.cl\/portal\/wp-content\/uploads\/2014\/02\/FOTO-1-LUCAS-PALACIOS.jpg?w=528&amp;ssl=1 528w, https:\/\/i0.wp.com\/eltrabajo.cl\/portal\/wp-content\/uploads\/2014\/02\/FOTO-1-LUCAS-PALACIOS.jpg?resize=200%2C133&amp;ssl=1 200w, https:\/\/i0.wp.com\/eltrabajo.cl\/portal\/wp-content\/uploads\/2014\/02\/FOTO-1-LUCAS-PALACIOS.jpg?resize=300%2C200&amp;ssl=1 300w, https:\/\/i0.wp.com\/eltrabajo.cl\/portal\/wp-content\/uploads\/2014\/02\/FOTO-1-LUCAS-PALACIOS.jpg?resize=150%2C100&amp;ssl=1 150w, https:\/\/i0.wp.com\/eltrabajo.cl\/portal\/wp-content\/uploads\/2014\/02\/FOTO-1-LUCAS-PALACIOS.jpg?resize=400%2C266&amp;ssl=1 400w\" sizes=\"auto, (max-width: 317px) 100vw, 317px\" \/><\/a><figcaption id=\"caption-attachment-42885\" class=\"wp-caption-text\">Ministro de Obras P\u00fablicas, Lucas Palacios.<\/figcaption><\/figure>\n<p>\u00abDamos inicio a la construcci\u00f3n de la Ruta 60CH tramo Panquehue, que tanto nos cost\u00f3 a los panquehuinos para que nos escucharan e hicieran caso de que el trazado borde r\u00edo era lo que necesitaban los vecinos, para mejor la calidad de vida en la comuna. Estoy tremendamente feliz y ojal\u00e1 que las obras avancen r\u00e1pidamente para descongestionar la actual ruta, donde hemos tenido que sufrir tantos accidentes con consecuencias graves y fatales\u00bb, se\u00f1al\u00f3 el alcalde Pradenas.<\/p>\n<p><strong>EL PROYECTO<\/strong><\/p>\n<p>Las obras partir\u00e1n de manera paralela, tanto a partir del enlace Monasterio en San Felipe al Puente Las Tinajas, como en Lo Campo, siendo en total 25 kil\u00f3metros que ser\u00e1n construidos de carretera. Se estima en todo caso que en principio, se avanzar\u00e1 en 8,5 kil\u00f3metros de carretera, ya que todav\u00eda resta esperar la finalizaci\u00f3n de algunos tr\u00e1mites que est\u00e1n pendientes, para avanzar desde Las Tinajas hacia Lo Campo.<\/p>\n<p>El proceso de expropiaciones est\u00e1 pr\u00e1cticamente finalizado, ya que solamente resta reubicar a algunas familias que viv\u00edan como allegadas, en total diez lotes, que est\u00e1n pendientes de recibir una respuesta. Desde la empresa OHL se manifest\u00f3 que por a\u00f1os se esper\u00f3 este momento, en cuanto a dar inicio a las obras, por lo que ya se han realizado algunos trabajos de despeje.<\/p>\n<p>El proyecto considera una v\u00eda para cada lado, contemplando un peaje ubicado en el centro de Panquehue, as\u00ed como un \u00e1rea de descanso para los veh\u00edculos.<\/p>\n<p>En San Felipe, se considera un viaducto por sobre el actual acceso a San Felipe, es decir, sobre el Puente El Rey; as\u00ed como 20 kil\u00f3metros de defensas fluviales.<\/p>\n<p><strong>MINISTRO CONFORME<\/strong><\/p>\n<p>En tanto, el Ministro de Obras P\u00fablicas, Lucas Palacios, manifest\u00f3 su satisfacci\u00f3n por cuanto se ha llegado al punto de arranque de un proceso esperado largamente, que permite unir dos v\u00edas estructurantes.<\/p>\n<p>Destac\u00f3 el personero que adem\u00e1s de destrabar proyectos tales como \u00e9ste, durante, se ha sacado adelante una cartera muy ambiciosa de proyectos de desarrollo para el pa\u00eds.<\/p>\n<p>\u00abEl gobierno del Presidente Pi\u00f1era no se ha equivocado y ha estado al lado de la gente, evitando que la ruta sea una cicatriz para Panquehue, definiendo que el trazado vaya por el lado del r\u00edo, por lo que contemplamos realizar 20 kil\u00f3metros de defensas fluviales para darle seguridad a la comunidad\u00bb, se\u00f1al\u00f3 el ministro (s) Lucas Palacios.<\/p>\n<p>\u00abPero hay un antes y un despu\u00e9s. Si antes muchas veces se impon\u00edan los proyectos, desde ahora en adelante lo que se hace es conversar con la comunidad, personas que durante los 365 d\u00edas del a\u00f1o, tienen que convivir con las obras, tienen que convivir con las rutas, lo que queremos es que las obras y las rutas sean para todos los chilenos\u00bb, se\u00f1al\u00f3 Lucas Palacios.<\/p>\n<p>Se trata de una doble v\u00eda, que tiene altos est\u00e1ndares de seguridad, con cerca de cien millones de d\u00f3lares de inversi\u00f3n, con cerca de 26 meses de ejecuci\u00f3n de obras.<\/p>\n<p>&nbsp;<\/p>\n","protected":false},"excerpt":{"rendered":"<p>Pasadas las 12:00 horas de ayer, finalmente el Ministro Subrogante de Obras P\u00fablicas, acompa\u00f1ado del Alcalde Luis Pradenas y de la Gobernadora Patricia Boffa, adem\u00e1s de vecinos y concejales, dieron el vamos&#8230;<\/p>\n","protected":false},"author":482,"featured_media":42883,"comment_status":"open","ping_status":"closed","sticky":false,"template":"","format":"standard","meta":{"advanced_seo_description":"","jetpack_seo_html_title":"","jetpack_seo_noindex":false,"_jetpack_memberships_contains_paid_content":false,"footnotes":""},"categories":[15],"tags":[],"class_list":["post-42882","post","type-post","status-publish","format-standard","has-post-thumbnail","hentry","category-comunidad"],"jetpack_featured_media_url":"https:\/\/i0.wp.com\/eltrabajo.cl\/portal\/wp-content\/uploads\/2014\/02\/FOTO-3-ENTIERRAN-PLANO.jpg?fit=529%2C353&ssl=1","jetpack_sharing_enabled":true,"jetpack_likes_enabled":true,"jetpack-related-posts":[],"_links":{"self":[{"href":"https:\/\/eltrabajo.cl\/portal\/wp-json\/wp\/v2\/posts\/42882","targetHints":{"allow":["GET"]}}],"collection":[{"href":"https:\/\/eltrabajo.cl\/portal\/wp-json\/wp\/v2\/posts"}],"about":[{"href":"https:\/\/eltrabajo.cl\/portal\/wp-json\/wp\/v2\/types\/post"}],"author":[{"embeddable":true,"href":"https:\/\/eltrabajo.cl\/portal\/wp-json\/wp\/v2\/users\/482"}],"replies":[{"embeddable":true,"href":"https:\/\/eltrabajo.cl\/portal\/wp-json\/wp\/v2\/comments?post=42882"}],"version-history":[{"count":0,"href":"https:\/\/eltrabajo.cl\/portal\/wp-json\/wp\/v2\/posts\/42882\/revisions"}],"wp:featuredmedia":[{"embeddable":true,"href":"https:\/\/eltrabajo.cl\/portal\/wp-json\/wp\/v2\/media\/42883"}],"wp:attachment":[{"href":"https:\/\/eltrabajo.cl\/portal\/wp-json\/wp\/v2\/media?parent=42882"}],"wp:term":[{"taxonomy":"category","embeddable":true,"href":"https:\/\/eltrabajo.cl\/portal\/wp-json\/wp\/v2\/categories?post=42882"},{"taxonomy":"post_tag","embeddable":true,"href":"https:\/\/eltrabajo.cl\/portal\/wp-json\/wp\/v2\/tags?post=42882"}],"curies":[{"name":"wp","href":"https:\/\/api.w.org\/{rel}","templated":true}]}}