{"id":42888,"date":"2014-02-07T09:37:59","date_gmt":"2014-02-07T12:37:59","guid":{"rendered":"http:\/\/www.eltrabajo.cl\/portal\/?p=42888"},"modified":"2014-02-07T09:37:59","modified_gmt":"2014-02-07T12:37:59","slug":"abren-postulaciones-para-optar-a-200-becas-para-capacitacion-agricola","status":"publish","type":"post","link":"https:\/\/eltrabajo.cl\/portal\/abren-postulaciones-para-optar-a-200-becas-para-capacitacion-agricola\/","title":{"rendered":"Abren postulaciones para optar a 200 becas para capacitaci\u00f3n agr\u00edcola"},"content":{"rendered":"<figure id=\"attachment_42889\" aria-describedby=\"caption-attachment-42889\" style=\"width: 317px\" class=\"wp-caption alignleft\"><a href=\"https:\/\/i0.wp.com\/www.eltrabajo.cl\/portal\/wp-content\/uploads\/2014\/02\/Andrea-Fuentes.jpg\"><img data-recalc-dims=\"1\" loading=\"lazy\" decoding=\"async\" class=\" wp-image-42889 \" title=\"Andrea Fuentes en entrevista con Diario El Trabajo y Radio 10, entreg\u00f3 detalles sobre el Programa de Capacitaci\u00f3n Agr\u00edcola.\" alt=\"Andrea Fuentes en entrevista con Diario El Trabajo y Radio 10, entreg\u00f3 detalles sobre el Programa de Capacitaci\u00f3n Agr\u00edcola.\" src=\"https:\/\/i0.wp.com\/www.eltrabajo.cl\/portal\/wp-content\/uploads\/2014\/02\/Andrea-Fuentes.jpg?resize=317%2C266\" width=\"317\" height=\"266\" srcset=\"https:\/\/i0.wp.com\/eltrabajo.cl\/portal\/wp-content\/uploads\/2014\/02\/Andrea-Fuentes.jpg?w=529&amp;ssl=1 529w, https:\/\/i0.wp.com\/eltrabajo.cl\/portal\/wp-content\/uploads\/2014\/02\/Andrea-Fuentes.jpg?resize=178%2C150&amp;ssl=1 178w, https:\/\/i0.wp.com\/eltrabajo.cl\/portal\/wp-content\/uploads\/2014\/02\/Andrea-Fuentes.jpg?resize=300%2C251&amp;ssl=1 300w, https:\/\/i0.wp.com\/eltrabajo.cl\/portal\/wp-content\/uploads\/2014\/02\/Andrea-Fuentes.jpg?resize=150%2C125&amp;ssl=1 150w, https:\/\/i0.wp.com\/eltrabajo.cl\/portal\/wp-content\/uploads\/2014\/02\/Andrea-Fuentes.jpg?resize=400%2C335&amp;ssl=1 400w\" sizes=\"auto, (max-width: 317px) 100vw, 317px\" \/><\/a><figcaption id=\"caption-attachment-42889\" class=\"wp-caption-text\">Andrea Fuentes en entrevista con Diario El Trabajo y Radio 10, entreg\u00f3 detalles sobre el Programa de Capacitaci\u00f3n Agr\u00edcola.<\/figcaption><\/figure>\n<p>La Coordinadora Provincial de San Felipe del Servicio de Capacitaci\u00f3n y Empleo, Andrea Fuentes, inform\u00f3 que ya parti\u00f3 el proceso de postulaci\u00f3n a 500 cupos para cursos de capacitaci\u00f3n agr\u00edcola en la Regi\u00f3n de Valpara\u00edso, de los cuales 200 corresponden a las provincias de San Felipe y Los Andes. Seg\u00fan explic\u00f3 la profesional, se trata de cursos como Operaci\u00f3n de Gr\u00faa Horquilla, Manejo de Riego, Log\u00edstica administrativa, entre otros, que significar\u00e1n una inversi\u00f3n superior a los 300 millones de pesos en la regi\u00f3n.<\/p>\n<p>Precis\u00f3 que estos planes formativos tienen como objetivo generar competencias laborales entre mujeres desempleadas y desvinculadas del sector agr\u00edcola en las regiones afectadas por las heladas, con el prop\u00f3sito de fomentar su inserci\u00f3n laboral y aumentar sus condiciones de empleabilidad.<\/p>\n<p>\u00abEsta es una excelente iniciativa, para mujeres que durante el \u00faltimo a\u00f1o se desempe\u00f1aron, en una empresa agr\u00edcola, sin importar cu\u00e1nto tiempo estuvieron trabajando en esa \u00e1rea. Si bien esta medida naci\u00f3 como respuesta a los problemas que se presentaron en las zonas agr\u00edcolas producto de las heladas que afectaron a nuestra regi\u00f3n, como Servicio buscamos dar mayores competencias y conocimientos para poder desenvolverse de mejor manera en las \u00e1reas en que trabajan\u00bb, explic\u00f3 Fuentes.<\/p>\n<p>De esta manera, se contemplan 20 cupos para cada una de las tres de las comunas de la provincia de Los Andes (Los Andes, San Esteban y Rinconada) y 120 cupos para la comuna de San Felipe, adem\u00e1s de 20 para la comuna de Llay Llay.<\/p>\n<p>En el caso de Los Andes, los cursos que se ofrecer\u00e1n son Operaci\u00f3n de Gr\u00faa Horquilla (Los Andes), Manejo de Riego en San Esteban y Log\u00edstica Administrativa en Rinconada. En San Felipe en tanto, se ofrecer\u00e1n los cursos de manejo de riego, log\u00edstica administrativa y operaci\u00f3n de gr\u00faa horquilla; mientras que en Llay Llay se ofrecer\u00e1 el curso de manejo de riego\u00bb, detall\u00f3 la funcionaria.<\/p>\n<p>Podr\u00e1n postular mujeres entre 18 y 65 a\u00f1os de edad, que hayan sido desvinculadas del sector agr\u00edcola dentro de los \u00faltimos doce meses. Para ello deber\u00e1n presentar documentos como finiquito, declaraci\u00f3n jurada, certificado de cotizaciones previsionales, o cualquier otro antecedente que acredite su desvinculaci\u00f3n del sector agr\u00edcola.<\/p>\n<p>Adem\u00e1s del curso de capacitaci\u00f3n gratuito, el programa incluye un subsidio de manutenci\u00f3n por un m\u00e1ximo de $200.000 mensuales. La duraci\u00f3n m\u00e1xima de los cursos es de dos meses. Tambi\u00e9n se considera un seguro contra accidentes. Para mayor informaci\u00f3n pueden consultar a trav\u00e9s de la l\u00ednea gratuita 800 80 10 30, el sitio en Internet de Sence (www.sence.cl) o consultar directamente a Andrea Fuentes en la Gobernaci\u00f3n Provincial de San Felipe, los martes y jueves de 09:30 a 14:00 horas. En Los Andes, la atenci\u00f3n est\u00e1 a cargo de la coordinadora Sabrina Ambler, quien atiende los martes, tambi\u00e9n en la Gobernaci\u00f3n Provincial.<\/p>\n<p>&nbsp;<\/p>\n","protected":false},"excerpt":{"rendered":"<p>La Coordinadora Provincial de San Felipe del Servicio de Capacitaci\u00f3n y Empleo, Andrea Fuentes, inform\u00f3 que ya parti\u00f3 el proceso de postulaci\u00f3n a 500 cupos para cursos de capacitaci\u00f3n agr\u00edcola en la&#8230;<\/p>\n","protected":false},"author":482,"featured_media":42889,"comment_status":"open","ping_status":"closed","sticky":false,"template":"","format":"standard","meta":{"advanced_seo_description":"","jetpack_seo_html_title":"","jetpack_seo_noindex":false,"_jetpack_memberships_contains_paid_content":false,"footnotes":""},"categories":[1],"tags":[],"class_list":["post-42888","post","type-post","status-publish","format-standard","has-post-thumbnail","hentry","category-cronica"],"jetpack_featured_media_url":"https:\/\/i0.wp.com\/eltrabajo.cl\/portal\/wp-content\/uploads\/2014\/02\/Andrea-Fuentes.jpg?fit=529%2C444&ssl=1","jetpack_sharing_enabled":true,"jetpack_likes_enabled":true,"jetpack-related-posts":[],"_links":{"self":[{"href":"https:\/\/eltrabajo.cl\/portal\/wp-json\/wp\/v2\/posts\/42888","targetHints":{"allow":["GET"]}}],"collection":[{"href":"https:\/\/eltrabajo.cl\/portal\/wp-json\/wp\/v2\/posts"}],"about":[{"href":"https:\/\/eltrabajo.cl\/portal\/wp-json\/wp\/v2\/types\/post"}],"author":[{"embeddable":true,"href":"https:\/\/eltrabajo.cl\/portal\/wp-json\/wp\/v2\/users\/482"}],"replies":[{"embeddable":true,"href":"https:\/\/eltrabajo.cl\/portal\/wp-json\/wp\/v2\/comments?post=42888"}],"version-history":[{"count":0,"href":"https:\/\/eltrabajo.cl\/portal\/wp-json\/wp\/v2\/posts\/42888\/revisions"}],"wp:featuredmedia":[{"embeddable":true,"href":"https:\/\/eltrabajo.cl\/portal\/wp-json\/wp\/v2\/media\/42889"}],"wp:attachment":[{"href":"https:\/\/eltrabajo.cl\/portal\/wp-json\/wp\/v2\/media?parent=42888"}],"wp:term":[{"taxonomy":"category","embeddable":true,"href":"https:\/\/eltrabajo.cl\/portal\/wp-json\/wp\/v2\/categories?post=42888"},{"taxonomy":"post_tag","embeddable":true,"href":"https:\/\/eltrabajo.cl\/portal\/wp-json\/wp\/v2\/tags?post=42888"}],"curies":[{"name":"wp","href":"https:\/\/api.w.org\/{rel}","templated":true}]}}