{"id":42950,"date":"2014-02-10T10:22:55","date_gmt":"2014-02-10T13:22:55","guid":{"rendered":"http:\/\/www.eltrabajo.cl\/portal\/?p=42950"},"modified":"2014-02-10T10:23:23","modified_gmt":"2014-02-10T13:23:23","slug":"conmemoran-los-197-anos-del-combate-de-las-coimas","status":"publish","type":"post","link":"https:\/\/eltrabajo.cl\/portal\/conmemoran-los-197-anos-del-combate-de-las-coimas\/","title":{"rendered":"Conmemoran los 197 a\u00f1os del Combate de Las Coimas"},"content":{"rendered":"<p><strong>PUTAENDO.-<\/strong> La comuna de Putaendo conmemor\u00f3 los 197 a\u00f1os del heroico Combate de Las Coimas y se prepara para celebrar en grande los 200 a\u00f1os de la gesta de San Mart\u00edn y O\u2019Higgins, en lo que para muchos es el inicio de la verdadera independencia de Chile. En el lugar donde hoy se est\u00e1 el monumento que recuerda esta haza\u00f1a, el 7 de febrero de 1817 al divisar a las fuerzas realistas en los cerros de Las Coimas el 7 de febrero, sin esperar la llegada de refuerzos, Necochea decidi\u00f3 atacar para lo cual dividi\u00f3 sus fuerzas en tres fracciones de granaderos a caballo, puso a la derecha al Capit\u00e1n Manuel Soler y a la izquierda al ayudante \u00c1ngel Pacheco.<\/p>\n<p>Mientras mantuvo oculta una de ellas, con las otras dos simul\u00f3 un ataque seguido de una retirada para separar a la infanter\u00eda realista de la caballer\u00eda que lo perseguir\u00eda. Tal como lo esperaba, la caballer\u00eda realista se lanz\u00f3 en persecuci\u00f3n, siendo entonces contraatacada simult\u00e1neamente y desde tres direcciones por los efectivos patriotas que lograron la victoria en inferioridad num\u00e9rica.<\/p>\n<p>Presentes en la ceremonia estuvieron el Alcalde Guillermo Reyes; los concejales Sergio Zamora y Luis Sandoval; el Capit\u00e1n del Regimiento Reforzado N\u00b03 Felipe Segovia Llanos; el Mayor de Carabineros de la Segunda Comisar\u00eda V\u00edctor Del Valle Urrutia; el Suboficial Mayor y Jefe del Ret\u00e9n Los Patos Eduardo Miranda y el Juez de Polic\u00eda Local Guido Witto, adem\u00e1s de dirigentes de las juntas de vecinos de Las Coimas y representantes de la Uni\u00f3n Comunal de Juntas de Vecinos Valle de Putaendo.<\/p>\n<p>El Capit\u00e1n Felipe Segovia hizo una breve alocuci\u00f3n destacando la gesta heroica de Necochea y sus hombres, a lo que se sumaron las palabras del Alcalde Reyes, quien tambi\u00e9n resalt\u00f3 la importancia del Combate de Las Coimas para la historia del pa\u00eds.<\/p>\n<p>Posteriormente Reyes y el Capit\u00e1n de Ej\u00e9rcito, en un emotivo momento dejaron una ofrenda floral en el monumento que recuerda a los ca\u00eddos y a los h\u00e9roes del Combate de Las Coimas, mientras que una unidad de formaci\u00f3n del Regimiento Reforzado N\u00b03 Yungay junto a la banda de guerra tambi\u00e9n rend\u00edan los honores correspondientes. Un esquinazo puso fin a la actividad para posteriormente compartir un c\u00f3ctel y luego escuchar al Tr\u00edo Orolonco que tambi\u00e9n estuvieron presentes en tan importante ocasi\u00f3n.<\/p>\n<p>El Alcalde Reyes se\u00f1al\u00f3 que esta ceremonia hab\u00eda sido sobria y sencilla, con un profundo significado y mucho respeto, pero adelant\u00f3 que Putaendo se prepara en grande para el 2017 celebrar los 200 a\u00f1os de lo que catalog\u00f3 como la verdadera independencia de Chile en el ingreso del Ej\u00e9rcito Libertador y por supuesto tambi\u00e9n destac\u00f3 la importancia de conmemorar el Combate de Las Coimas el a\u00f1o 2017.<\/p>\n<p><strong>Patricio Gallardo M.<\/strong><\/p>\n<div class=\"tiled-gallery type-rectangular tiled-gallery-unresized\" data-original-width=\"640\" data-carousel-extra='null' itemscope itemtype=\"http:\/\/schema.org\/ImageGallery\" > <div class=\"gallery-row\" style=\"width: 640px; height: 271px;\" data-original-width=\"640\" data-original-height=\"271\" > <div class=\"gallery-group images-1\" style=\"width: 187px; height: 271px;\" data-original-width=\"187\" data-original-height=\"271\" > <div class=\"tiled-gallery-item tiled-gallery-item-small\" itemprop=\"associatedMedia\" itemscope itemtype=\"http:\/\/schema.org\/ImageObject\"> <a href=\"https:\/\/eltrabajo.cl\/portal\/conmemoran-los-197-anos-del-combate-de-las-coimas\/ceremonia1-2\/\" border=\"0\" itemprop=\"url\"> <meta itemprop=\"width\" content=\"183\"> <meta itemprop=\"height\" content=\"267\"> <img decoding=\"async\" class=\"\" data-attachment-id=\"42951\" data-orig-file=\"https:\/\/eltrabajo.cl\/portal\/wp-content\/uploads\/2014\/02\/Ceremonia1.jpg\" data-orig-size=\"529,773\" data-comments-opened=\"1\" data-image-meta=\"{&quot;aperture&quot;:&quot;14&quot;,&quot;credit&quot;:&quot;&quot;,&quot;camera&quot;:&quot;Canon EOS REBEL T3&quot;,&quot;caption&quot;:&quot;&quot;,&quot;created_timestamp&quot;:&quot;1379014518&quot;,&quot;copyright&quot;:&quot;&quot;,&quot;focal_length&quot;:&quot;28&quot;,&quot;iso&quot;:&quot;800&quot;,&quot;shutter_speed&quot;:&quot;0.005&quot;,&quot;title&quot;:&quot;&quot;}\" data-image-title=\"Ceremonia1\" data-image-description=\"&lt;p&gt;La comuna de Putaendo conmemor\u00f3 los 197 a\u00f1os del heroico Combate de Las Coimas y se prepara para celebrar en grande los 200 a\u00f1os de la gesta de San Mart\u00edn y O\u2019Higgins.&lt;\/p&gt; \" data-medium-file=\"https:\/\/i0.wp.com\/eltrabajo.cl\/portal\/wp-content\/uploads\/2014\/02\/Ceremonia1.jpg?fit=205%2C300&#038;ssl=1\" data-large-file=\"https:\/\/i0.wp.com\/eltrabajo.cl\/portal\/wp-content\/uploads\/2014\/02\/Ceremonia1.jpg?fit=529%2C773&#038;ssl=1\" src=\"https:\/\/i0.wp.com\/eltrabajo.cl\/portal\/wp-content\/uploads\/2014\/02\/Ceremonia1.jpg?w=183&#038;h=267&#038;ssl=1\" srcset=\"https:\/\/i0.wp.com\/eltrabajo.cl\/portal\/wp-content\/uploads\/2014\/02\/Ceremonia1.jpg?w=529&amp;ssl=1 529w, https:\/\/i0.wp.com\/eltrabajo.cl\/portal\/wp-content\/uploads\/2014\/02\/Ceremonia1.jpg?resize=102%2C150&amp;ssl=1 102w, https:\/\/i0.wp.com\/eltrabajo.cl\/portal\/wp-content\/uploads\/2014\/02\/Ceremonia1.jpg?resize=205%2C300&amp;ssl=1 205w, https:\/\/i0.wp.com\/eltrabajo.cl\/portal\/wp-content\/uploads\/2014\/02\/Ceremonia1.jpg?resize=400%2C584&amp;ssl=1 400w\" width=\"183\" height=\"267\" loading=\"lazy\" data-original-width=\"183\" data-original-height=\"267\" itemprop=\"http:\/\/schema.org\/image\" title=\"Ceremonia1\" alt=\"La comuna de Putaendo conmemor\u00f3 los 197 a\u00f1os del heroico Combate de Las Coimas y se prepara para celebrar en grande los 200 a\u00f1os de la gesta de San Mart\u00edn y O\u2019Higgins.\" style=\"width: 183px; height: 267px;\" \/> <\/a> <div class=\"tiled-gallery-caption\" itemprop=\"caption description\"> La comuna de Putaendo conmemor\u00f3 los 197 a\u00f1os del heroico Combate de Las Coimas y se prepara para celebrar en grande los 200 a\u00f1os de la gesta de San Mart\u00edn y O\u2019Higgins. <\/div> <\/div> <\/div> <!-- close group --> <div class=\"gallery-group images-1\" style=\"width: 453px; height: 271px;\" data-original-width=\"453\" data-original-height=\"271\" > <div class=\"tiled-gallery-item tiled-gallery-item-large\" itemprop=\"associatedMedia\" itemscope itemtype=\"http:\/\/schema.org\/ImageObject\"> <a href=\"https:\/\/eltrabajo.cl\/portal\/conmemoran-los-197-anos-del-combate-de-las-coimas\/ceremonia2\/\" border=\"0\" itemprop=\"url\"> <meta itemprop=\"width\" content=\"449\"> <meta itemprop=\"height\" content=\"267\"> <img decoding=\"async\" class=\"\" data-attachment-id=\"42952\" data-orig-file=\"https:\/\/eltrabajo.cl\/portal\/wp-content\/uploads\/2014\/02\/Ceremonia2.jpg\" data-orig-size=\"529,314\" data-comments-opened=\"1\" data-image-meta=\"{&quot;aperture&quot;:&quot;13&quot;,&quot;credit&quot;:&quot;&quot;,&quot;camera&quot;:&quot;Canon EOS REBEL T3&quot;,&quot;caption&quot;:&quot;&quot;,&quot;created_timestamp&quot;:&quot;1379014400&quot;,&quot;copyright&quot;:&quot;&quot;,&quot;focal_length&quot;:&quot;28&quot;,&quot;iso&quot;:&quot;800&quot;,&quot;shutter_speed&quot;:&quot;0.005&quot;,&quot;title&quot;:&quot;&quot;}\" data-image-title=\"Ceremonia2\" data-image-description=\"&lt;p&gt;Un esquinazo puso fin a la actividad para posteriormente compartir un c\u00f3ctel y luego escuchar al Tr\u00edo Orolonco que tambi\u00e9n estuvieron presentes en tan importante ocasi\u00f3n.&lt;\/p&gt; \" data-medium-file=\"https:\/\/i0.wp.com\/eltrabajo.cl\/portal\/wp-content\/uploads\/2014\/02\/Ceremonia2.jpg?fit=300%2C178&#038;ssl=1\" data-large-file=\"https:\/\/i0.wp.com\/eltrabajo.cl\/portal\/wp-content\/uploads\/2014\/02\/Ceremonia2.jpg?fit=529%2C314&#038;ssl=1\" src=\"https:\/\/i0.wp.com\/eltrabajo.cl\/portal\/wp-content\/uploads\/2014\/02\/Ceremonia2.jpg?w=449&#038;h=267&#038;ssl=1\" srcset=\"https:\/\/i0.wp.com\/eltrabajo.cl\/portal\/wp-content\/uploads\/2014\/02\/Ceremonia2.jpg?w=529&amp;ssl=1 529w, https:\/\/i0.wp.com\/eltrabajo.cl\/portal\/wp-content\/uploads\/2014\/02\/Ceremonia2.jpg?resize=200%2C118&amp;ssl=1 200w, https:\/\/i0.wp.com\/eltrabajo.cl\/portal\/wp-content\/uploads\/2014\/02\/Ceremonia2.jpg?resize=300%2C178&amp;ssl=1 300w, https:\/\/i0.wp.com\/eltrabajo.cl\/portal\/wp-content\/uploads\/2014\/02\/Ceremonia2.jpg?resize=150%2C89&amp;ssl=1 150w, https:\/\/i0.wp.com\/eltrabajo.cl\/portal\/wp-content\/uploads\/2014\/02\/Ceremonia2.jpg?resize=400%2C237&amp;ssl=1 400w\" width=\"449\" height=\"267\" loading=\"lazy\" data-original-width=\"449\" data-original-height=\"267\" itemprop=\"http:\/\/schema.org\/image\" title=\"Ceremonia2\" alt=\"Un esquinazo puso fin a la actividad para posteriormente compartir un c\u00f3ctel y luego escuchar al Tr\u00edo Orolonco que tambi\u00e9n estuvieron presentes en tan importante ocasi\u00f3n.\" style=\"width: 449px; height: 267px;\" \/> <\/a> <div class=\"tiled-gallery-caption\" itemprop=\"caption description\"> Un esquinazo puso fin a la actividad para posteriormente compartir un c\u00f3ctel y luego escuchar al Tr\u00edo Orolonco que tambi\u00e9n estuvieron presentes en tan importante ocasi\u00f3n. <\/div> <\/div> <\/div> <!-- close group --> <\/div> <!-- close row --> <\/div>\n","protected":false},"excerpt":{"rendered":"<p>PUTAENDO.- La comuna de Putaendo conmemor\u00f3 los 197 a\u00f1os del heroico Combate de Las Coimas y se prepara para celebrar en grande los 200 a\u00f1os de la gesta de San Mart\u00edn y&#8230;<\/p>\n","protected":false},"author":1,"featured_media":42951,"comment_status":"open","ping_status":"closed","sticky":false,"template":"","format":"standard","meta":{"advanced_seo_description":"","jetpack_seo_html_title":"","jetpack_seo_noindex":false,"_jetpack_memberships_contains_paid_content":false,"footnotes":""},"categories":[15],"tags":[],"class_list":["post-42950","post","type-post","status-publish","format-standard","has-post-thumbnail","hentry","category-comunidad"],"jetpack_featured_media_url":"https:\/\/i0.wp.com\/eltrabajo.cl\/portal\/wp-content\/uploads\/2014\/02\/Ceremonia1.jpg?fit=529%2C773&ssl=1","jetpack_sharing_enabled":true,"jetpack_likes_enabled":true,"jetpack-related-posts":[],"_links":{"self":[{"href":"https:\/\/eltrabajo.cl\/portal\/wp-json\/wp\/v2\/posts\/42950","targetHints":{"allow":["GET"]}}],"collection":[{"href":"https:\/\/eltrabajo.cl\/portal\/wp-json\/wp\/v2\/posts"}],"about":[{"href":"https:\/\/eltrabajo.cl\/portal\/wp-json\/wp\/v2\/types\/post"}],"author":[{"embeddable":true,"href":"https:\/\/eltrabajo.cl\/portal\/wp-json\/wp\/v2\/users\/1"}],"replies":[{"embeddable":true,"href":"https:\/\/eltrabajo.cl\/portal\/wp-json\/wp\/v2\/comments?post=42950"}],"version-history":[{"count":0,"href":"https:\/\/eltrabajo.cl\/portal\/wp-json\/wp\/v2\/posts\/42950\/revisions"}],"wp:featuredmedia":[{"embeddable":true,"href":"https:\/\/eltrabajo.cl\/portal\/wp-json\/wp\/v2\/media\/42951"}],"wp:attachment":[{"href":"https:\/\/eltrabajo.cl\/portal\/wp-json\/wp\/v2\/media?parent=42950"}],"wp:term":[{"taxonomy":"category","embeddable":true,"href":"https:\/\/eltrabajo.cl\/portal\/wp-json\/wp\/v2\/categories?post=42950"},{"taxonomy":"post_tag","embeddable":true,"href":"https:\/\/eltrabajo.cl\/portal\/wp-json\/wp\/v2\/tags?post=42950"}],"curies":[{"name":"wp","href":"https:\/\/api.w.org\/{rel}","templated":true}]}}