{"id":42956,"date":"2014-02-10T10:29:24","date_gmt":"2014-02-10T13:29:24","guid":{"rendered":"http:\/\/www.eltrabajo.cl\/portal\/?p=42956"},"modified":"2014-02-10T10:30:01","modified_gmt":"2014-02-10T13:30:01","slug":"exito-total-en-escuela-de-tenis-de-verano-organizada-por-municipio-sanfelipeno","status":"publish","type":"post","link":"https:\/\/eltrabajo.cl\/portal\/exito-total-en-escuela-de-tenis-de-verano-organizada-por-municipio-sanfelipeno\/","title":{"rendered":"\u00c9xito total en Escuela de Tenis de Verano organizada por municipio"},"content":{"rendered":"<p>Con gran \u00e9xito de participaci\u00f3n de ni\u00f1os y adolescentes, se realiz\u00f3 entre diciembre y enero la Escuela de Tenis de Verano, organizada por la Municipalidad de San Felipe, gracias al financiamiento otorgado por el Gobierno Regional. El viernes al mediod\u00eda y con la segunda cl\u00ednica dictada por el tenista sanfelipe\u00f1o Guillermo Rivera, se dio por finalizado este proyecto ejecutado por el Departamento de Deportes de la Municipalidad, que consider\u00f3 la contrataci\u00f3n de profesores para dictar clases de tenis de manera gratuita, aprovechando las instalaciones del club de tenis que fue entregado para la administraci\u00f3n del Club Valle del Aconcagua, pero que es propiedad de la corporaci\u00f3n edilicia.<br \/>\nEl encargado del \u00c1rea de Deportes de la Municipalidad, Danilo Pe\u00f1a, manifest\u00f3 su satisfacci\u00f3n por la favorable respuesta de los ni\u00f1os a esta iniciativa, explicando que es la primera vez que los peque\u00f1os de la comuna, sin importar su condici\u00f3n socioecon\u00f3mica, tuvieron la oportunidad de aprender esta disciplina, la que hasta hace un tiempo parec\u00eda estar destinada s\u00f3lo a un segmento de la poblaci\u00f3n.<br \/>\n\u00abEste es un proyecto que postulamos al Gobierno Regional, al 2% de Deportes y realmente fue un \u00e9xito. Cerramos esta iniciativa con la segunda cl\u00ednica de Guillermo Rivera, un joven que ha sido un gran aporte para la ciudad, quien es muy tierno y amoroso con los ni\u00f1os. La verdad es que estamos muy contentos con la culminaci\u00f3n de este proyecto\u00bb, manifest\u00f3 Pe\u00f1a.<br \/>\nPrecis\u00f3 que a partir del \u00e9xito de este proyecto, sumado a la posibilidad de contar con el recinto deportivo para la pr\u00e1ctica del tenis, la municipalidad ha dispuesto incorporar esta disciplina como uno de los talleres a implementar durante el a\u00f1o.<br \/>\n\u00abEl Alcalde Patricio Freire nos ha encargado tener actividades distintas para los ni\u00f1os de la comuna. Esto nos asegura tener las clases de tenis completamente gratuitas. De esta manera el tenis ser\u00e1 uno de los talleres municipales que se impartir\u00e1 a partir de la segunda quincena de marzo y hasta el mes de diciembre, por lo tanto, podr\u00eda decir que se asegura el tener tenis como una de las actividades deportivas para San Felipe\u00bb, manifest\u00f3 Pe\u00f1a.<br \/>\nSe considera en este contexto, contratar a dos profesores para la realizaci\u00f3n de las clases, que ir\u00e1n en horario de la tarde, a\u00fan cuando no hay claridad respecto de la cantidad de cupos que se dispondr\u00e1 para estos efectos. Sobre el proyecto ejecutado entre diciembre y enero, el encargado de deportes manifest\u00f3 que \u00abha sido muy lindo ver la cantidad de ni\u00f1os que se ha acercado a participar de las clases de tenis, ya que durante las ma\u00f1anas de los d\u00edas martes, mi\u00e9rcoles y jueves, se ha acercado mucho p\u00fablico, por lo que creemos que ha sido muy exitosa esta actividad\u00bb.<\/p>\n<p><strong>GUILLERMO RIVERA<\/strong><br \/>\nEn tanto, el tenista sanfelipe\u00f1o Guillermo Rivera, destac\u00f3 que en el marco de esta segunda cl\u00ednica que dict\u00f3 a los asistentes a la escuela, pudo constatar el avance de estos, ya que en la primera instancia hab\u00eda pr\u00e1cticamente nulo conocimiento de esta disciplina y al cierre del proyecto, es posible percatarse de los buenos resultados alcanzados por los alumnos.<br \/>\n\u00abMe alegr\u00e9 mucho de ver que si bien la primera vez que vine casi nadie sab\u00eda de tenis, en esta oportunidad los ni\u00f1os peloteaban, incluso los m\u00e1s chiquititos. Est\u00e1n haciendo un muy buen trabajo, hay un buen profesor, as\u00ed que me alegro mucho del trabajo que aqu\u00ed se est\u00e1 haciendo, espero que sigan con esta iniciativa y poder ser parte tambi\u00e9n, m\u00e1s a\u00fan considerando que todos los ni\u00f1os est\u00e1n s\u00faper motivados. Eso me deja muy contento\u00bb.<br \/>\nA juicio de Rivera, es un hito en San Felipe el trabajo que ha dispuesto la municipalidad, ya que los ni\u00f1os en el caso de este proyecto, s\u00f3lo necesitaban las ganas de aprender, recordando que el municipio les entrega las raquetas para que pudiesen practicar.<\/p>\n<p>&nbsp;<\/p>\n<div class=\"tiled-gallery type-rectangular tiled-gallery-unresized\" data-original-width=\"640\" data-carousel-extra='null' itemscope itemtype=\"http:\/\/schema.org\/ImageGallery\" > <div class=\"gallery-row\" style=\"width: 640px; height: 216px;\" data-original-width=\"640\" data-original-height=\"216\" > <div class=\"gallery-group images-1\" style=\"width: 640px; height: 216px;\" data-original-width=\"640\" data-original-height=\"216\" > <div class=\"tiled-gallery-item tiled-gallery-item-large\" itemprop=\"associatedMedia\" itemscope itemtype=\"http:\/\/schema.org\/ImageObject\"> <a href=\"https:\/\/eltrabajo.cl\/portal\/exito-total-en-escuela-de-tenis-de-verano-organizada-por-municipio-sanfelipeno\/grupo-de-alumnos\/\" border=\"0\" itemprop=\"url\"> <meta itemprop=\"width\" content=\"636\"> <meta itemprop=\"height\" content=\"212\"> <img decoding=\"async\" class=\"\" data-attachment-id=\"42958\" data-orig-file=\"https:\/\/eltrabajo.cl\/portal\/wp-content\/uploads\/2014\/02\/grupo-de-alumnos.jpg\" data-orig-size=\"1181,393\" data-comments-opened=\"1\" data-image-meta=\"{&quot;aperture&quot;:&quot;9&quot;,&quot;credit&quot;:&quot;&quot;,&quot;camera&quot;:&quot;Canon EOS REBEL T3i&quot;,&quot;caption&quot;:&quot;&quot;,&quot;created_timestamp&quot;:&quot;1295637043&quot;,&quot;copyright&quot;:&quot;&quot;,&quot;focal_length&quot;:&quot;18&quot;,&quot;iso&quot;:&quot;100&quot;,&quot;shutter_speed&quot;:&quot;0.004&quot;,&quot;title&quot;:&quot;&quot;}\" data-image-title=\"grupo de alumnos\" data-image-description=\"&lt;p&gt;Gran cantidad de ni\u00f1os particip\u00f3 de la Escuela de Tenis de Verano, organizada por la Municipalidad de San Felipe.&lt;\/p&gt; \" data-medium-file=\"https:\/\/i0.wp.com\/eltrabajo.cl\/portal\/wp-content\/uploads\/2014\/02\/grupo-de-alumnos.jpg?fit=300%2C99&#038;ssl=1\" data-large-file=\"https:\/\/i0.wp.com\/eltrabajo.cl\/portal\/wp-content\/uploads\/2014\/02\/grupo-de-alumnos.jpg?fit=640%2C213&#038;ssl=1\" src=\"https:\/\/i0.wp.com\/eltrabajo.cl\/portal\/wp-content\/uploads\/2014\/02\/grupo-de-alumnos.jpg?w=636&#038;h=212&#038;ssl=1\" srcset=\"https:\/\/i0.wp.com\/eltrabajo.cl\/portal\/wp-content\/uploads\/2014\/02\/grupo-de-alumnos.jpg?w=1181&amp;ssl=1 1181w, https:\/\/i0.wp.com\/eltrabajo.cl\/portal\/wp-content\/uploads\/2014\/02\/grupo-de-alumnos.jpg?resize=200%2C66&amp;ssl=1 200w, https:\/\/i0.wp.com\/eltrabajo.cl\/portal\/wp-content\/uploads\/2014\/02\/grupo-de-alumnos.jpg?resize=300%2C99&amp;ssl=1 300w, https:\/\/i0.wp.com\/eltrabajo.cl\/portal\/wp-content\/uploads\/2014\/02\/grupo-de-alumnos.jpg?resize=1024%2C340&amp;ssl=1 1024w, https:\/\/i0.wp.com\/eltrabajo.cl\/portal\/wp-content\/uploads\/2014\/02\/grupo-de-alumnos.jpg?resize=150%2C49&amp;ssl=1 150w, https:\/\/i0.wp.com\/eltrabajo.cl\/portal\/wp-content\/uploads\/2014\/02\/grupo-de-alumnos.jpg?resize=400%2C133&amp;ssl=1 400w\" width=\"636\" height=\"212\" loading=\"lazy\" data-original-width=\"636\" data-original-height=\"212\" itemprop=\"http:\/\/schema.org\/image\" title=\"grupo de alumnos\" alt=\"Gran cantidad de ni\u00f1os particip\u00f3 de la Escuela de Tenis de Verano, organizada por la Municipalidad de San Felipe.\" style=\"width: 636px; height: 212px;\" \/> <\/a> <div class=\"tiled-gallery-caption\" itemprop=\"caption description\"> Gran cantidad de ni\u00f1os particip\u00f3 de la Escuela de Tenis de Verano, organizada por la Municipalidad de San Felipe. <\/div> <\/div> <\/div> <!-- close group --> <\/div> <!-- close row --> <div class=\"gallery-row\" style=\"width: 640px; height: 286px;\" data-original-width=\"640\" data-original-height=\"286\" > <div class=\"gallery-group images-1\" style=\"width: 240px; height: 286px;\" data-original-width=\"240\" data-original-height=\"286\" > <div class=\"tiled-gallery-item tiled-gallery-item-small\" itemprop=\"associatedMedia\" itemscope itemtype=\"http:\/\/schema.org\/ImageObject\"> <a href=\"https:\/\/eltrabajo.cl\/portal\/exito-total-en-escuela-de-tenis-de-verano-organizada-por-municipio-sanfelipeno\/guillermo-rivera-8\/\" border=\"0\" itemprop=\"url\"> <meta itemprop=\"width\" content=\"236\"> <meta itemprop=\"height\" content=\"282\"> <img decoding=\"async\" class=\"\" data-attachment-id=\"42959\" data-orig-file=\"https:\/\/eltrabajo.cl\/portal\/wp-content\/uploads\/2014\/02\/guillermo-rivera.jpg\" data-orig-size=\"709,846\" data-comments-opened=\"1\" data-image-meta=\"{&quot;aperture&quot;:&quot;14&quot;,&quot;credit&quot;:&quot;&quot;,&quot;camera&quot;:&quot;Canon EOS REBEL T3i&quot;,&quot;caption&quot;:&quot;&quot;,&quot;created_timestamp&quot;:&quot;1295636946&quot;,&quot;copyright&quot;:&quot;&quot;,&quot;focal_length&quot;:&quot;40&quot;,&quot;iso&quot;:&quot;400&quot;,&quot;shutter_speed&quot;:&quot;0.005&quot;,&quot;title&quot;:&quot;&quot;}\" data-image-title=\"guillermo rivera\" data-image-description=\"&lt;p&gt;El tenista sanfelipe\u00f1o destac\u00f3 la posibilidad que brinda el municipio sanfelipe\u00f1o en cuanto a generar una instancia de aprendizaje gratuito del tenis, a ni\u00f1os de la comuna.&lt;\/p&gt; \" data-medium-file=\"https:\/\/i0.wp.com\/eltrabajo.cl\/portal\/wp-content\/uploads\/2014\/02\/guillermo-rivera.jpg?fit=251%2C300&#038;ssl=1\" data-large-file=\"https:\/\/i0.wp.com\/eltrabajo.cl\/portal\/wp-content\/uploads\/2014\/02\/guillermo-rivera.jpg?fit=640%2C764&#038;ssl=1\" src=\"https:\/\/i0.wp.com\/eltrabajo.cl\/portal\/wp-content\/uploads\/2014\/02\/guillermo-rivera.jpg?w=236&#038;h=282&#038;ssl=1\" srcset=\"https:\/\/i0.wp.com\/eltrabajo.cl\/portal\/wp-content\/uploads\/2014\/02\/guillermo-rivera.jpg?w=709&amp;ssl=1 709w, https:\/\/i0.wp.com\/eltrabajo.cl\/portal\/wp-content\/uploads\/2014\/02\/guillermo-rivera.jpg?resize=125%2C150&amp;ssl=1 125w, https:\/\/i0.wp.com\/eltrabajo.cl\/portal\/wp-content\/uploads\/2014\/02\/guillermo-rivera.jpg?resize=251%2C300&amp;ssl=1 251w, https:\/\/i0.wp.com\/eltrabajo.cl\/portal\/wp-content\/uploads\/2014\/02\/guillermo-rivera.jpg?resize=400%2C477&amp;ssl=1 400w\" width=\"236\" height=\"282\" loading=\"lazy\" data-original-width=\"236\" data-original-height=\"282\" itemprop=\"http:\/\/schema.org\/image\" title=\"guillermo rivera\" alt=\"El tenista sanfelipe\u00f1o destac\u00f3 la posibilidad que brinda el municipio sanfelipe\u00f1o en cuanto a generar una instancia de aprendizaje gratuito del tenis, a ni\u00f1os de la comuna.\" style=\"width: 236px; height: 282px;\" \/> <\/a> <div class=\"tiled-gallery-caption\" itemprop=\"caption description\"> El tenista sanfelipe\u00f1o destac\u00f3 la posibilidad que brinda el municipio sanfelipe\u00f1o en cuanto a generar una instancia de aprendizaje gratuito del tenis, a ni\u00f1os de la comuna. <\/div> <\/div> <\/div> <!-- close group --> <div class=\"gallery-group images-1\" style=\"width: 400px; height: 286px;\" data-original-width=\"400\" data-original-height=\"286\" > <div class=\"tiled-gallery-item tiled-gallery-item-large\" itemprop=\"associatedMedia\" itemscope itemtype=\"http:\/\/schema.org\/ImageObject\"> <a href=\"https:\/\/eltrabajo.cl\/portal\/exito-total-en-escuela-de-tenis-de-verano-organizada-por-municipio-sanfelipeno\/fernanda\/\" border=\"0\" itemprop=\"url\"> <meta itemprop=\"width\" content=\"396\"> <meta itemprop=\"height\" content=\"282\"> <img decoding=\"async\" class=\"\" data-attachment-id=\"42957\" data-orig-file=\"https:\/\/eltrabajo.cl\/portal\/wp-content\/uploads\/2014\/02\/fernanda.jpg\" data-orig-size=\"945,673\" data-comments-opened=\"1\" data-image-meta=\"{&quot;aperture&quot;:&quot;10&quot;,&quot;credit&quot;:&quot;&quot;,&quot;camera&quot;:&quot;Canon EOS REBEL T3i&quot;,&quot;caption&quot;:&quot;&quot;,&quot;created_timestamp&quot;:&quot;1295636206&quot;,&quot;copyright&quot;:&quot;&quot;,&quot;focal_length&quot;:&quot;48&quot;,&quot;iso&quot;:&quot;100&quot;,&quot;shutter_speed&quot;:&quot;0.004&quot;,&quot;title&quot;:&quot;&quot;}\" data-image-title=\"fernanda\" data-image-description=\"&lt;p&gt;La peque\u00f1a Fernanda Godoy Lobos, participando activamente de la cl\u00ednica de tenis.&lt;\/p&gt; \" data-medium-file=\"https:\/\/i0.wp.com\/eltrabajo.cl\/portal\/wp-content\/uploads\/2014\/02\/fernanda.jpg?fit=300%2C213&#038;ssl=1\" data-large-file=\"https:\/\/i0.wp.com\/eltrabajo.cl\/portal\/wp-content\/uploads\/2014\/02\/fernanda.jpg?fit=640%2C456&#038;ssl=1\" src=\"https:\/\/i0.wp.com\/eltrabajo.cl\/portal\/wp-content\/uploads\/2014\/02\/fernanda.jpg?w=396&#038;h=282&#038;ssl=1\" srcset=\"https:\/\/i0.wp.com\/eltrabajo.cl\/portal\/wp-content\/uploads\/2014\/02\/fernanda.jpg?w=945&amp;ssl=1 945w, https:\/\/i0.wp.com\/eltrabajo.cl\/portal\/wp-content\/uploads\/2014\/02\/fernanda.jpg?resize=200%2C142&amp;ssl=1 200w, https:\/\/i0.wp.com\/eltrabajo.cl\/portal\/wp-content\/uploads\/2014\/02\/fernanda.jpg?resize=300%2C213&amp;ssl=1 300w, https:\/\/i0.wp.com\/eltrabajo.cl\/portal\/wp-content\/uploads\/2014\/02\/fernanda.jpg?resize=150%2C106&amp;ssl=1 150w, https:\/\/i0.wp.com\/eltrabajo.cl\/portal\/wp-content\/uploads\/2014\/02\/fernanda.jpg?resize=400%2C284&amp;ssl=1 400w\" width=\"396\" height=\"282\" loading=\"lazy\" data-original-width=\"396\" data-original-height=\"282\" itemprop=\"http:\/\/schema.org\/image\" title=\"fernanda\" alt=\"La peque\u00f1a Fernanda Godoy Lobos, participando activamente de la cl\u00ednica de tenis.\" style=\"width: 396px; height: 282px;\" \/> <\/a> <div class=\"tiled-gallery-caption\" itemprop=\"caption description\"> La peque\u00f1a Fernanda Godoy Lobos, participando activamente de la cl\u00ednica de tenis. <\/div> <\/div> <\/div> <!-- close group --> <\/div> <!-- close row --> <\/div>\n","protected":false},"excerpt":{"rendered":"<p>Con gran \u00e9xito de participaci\u00f3n de ni\u00f1os y adolescentes, se realiz\u00f3 entre diciembre y enero la Escuela de Tenis de Verano, organizada por la Municipalidad de San Felipe, gracias al financiamiento otorgado&#8230;<\/p>\n","protected":false},"author":1,"featured_media":42959,"comment_status":"open","ping_status":"closed","sticky":false,"template":"","format":"standard","meta":{"advanced_seo_description":"","jetpack_seo_html_title":"","jetpack_seo_noindex":false,"_jetpack_memberships_contains_paid_content":false,"footnotes":""},"categories":[15],"tags":[],"class_list":["post-42956","post","type-post","status-publish","format-standard","has-post-thumbnail","hentry","category-comunidad"],"jetpack_featured_media_url":"https:\/\/i0.wp.com\/eltrabajo.cl\/portal\/wp-content\/uploads\/2014\/02\/guillermo-rivera.jpg?fit=709%2C846&ssl=1","jetpack_sharing_enabled":true,"jetpack_likes_enabled":true,"jetpack-related-posts":[],"_links":{"self":[{"href":"https:\/\/eltrabajo.cl\/portal\/wp-json\/wp\/v2\/posts\/42956","targetHints":{"allow":["GET"]}}],"collection":[{"href":"https:\/\/eltrabajo.cl\/portal\/wp-json\/wp\/v2\/posts"}],"about":[{"href":"https:\/\/eltrabajo.cl\/portal\/wp-json\/wp\/v2\/types\/post"}],"author":[{"embeddable":true,"href":"https:\/\/eltrabajo.cl\/portal\/wp-json\/wp\/v2\/users\/1"}],"replies":[{"embeddable":true,"href":"https:\/\/eltrabajo.cl\/portal\/wp-json\/wp\/v2\/comments?post=42956"}],"version-history":[{"count":0,"href":"https:\/\/eltrabajo.cl\/portal\/wp-json\/wp\/v2\/posts\/42956\/revisions"}],"wp:featuredmedia":[{"embeddable":true,"href":"https:\/\/eltrabajo.cl\/portal\/wp-json\/wp\/v2\/media\/42959"}],"wp:attachment":[{"href":"https:\/\/eltrabajo.cl\/portal\/wp-json\/wp\/v2\/media?parent=42956"}],"wp:term":[{"taxonomy":"category","embeddable":true,"href":"https:\/\/eltrabajo.cl\/portal\/wp-json\/wp\/v2\/categories?post=42956"},{"taxonomy":"post_tag","embeddable":true,"href":"https:\/\/eltrabajo.cl\/portal\/wp-json\/wp\/v2\/tags?post=42956"}],"curies":[{"name":"wp","href":"https:\/\/api.w.org\/{rel}","templated":true}]}}