{"id":42966,"date":"2014-02-10T10:33:11","date_gmt":"2014-02-10T13:33:11","guid":{"rendered":"http:\/\/www.eltrabajo.cl\/portal\/?p=42966"},"modified":"2014-02-10T10:46:49","modified_gmt":"2014-02-10T13:46:49","slug":"trabajador-asegura-haber-sido-rechazado-en-trabajo-por-ser-comunista","status":"publish","type":"post","link":"https:\/\/eltrabajo.cl\/portal\/trabajador-asegura-haber-sido-rechazado-en-trabajo-por-ser-comunista\/","title":{"rendered":"Trabajador dice que lo rechazaron en trabajo por ser militante comunista"},"content":{"rendered":"<figure id=\"attachment_42967\" aria-describedby=\"caption-attachment-42967\" style=\"width: 199px\" class=\"wp-caption alignleft\"><a href=\"http:\/\/www.eltrabajo.cl\/portal\/2014\/02\/trabajador-asegura-haber-sido-rechazado-en-trabajo-por-ser-comunista\/alex-llanca\/\" rel=\"attachment wp-att-42967\"><img data-recalc-dims=\"1\" loading=\"lazy\" decoding=\"async\" class=\"size-medium wp-image-42967\" alt=\"Alex Llanca es dirigente de los trabajadores temporeros y militante comunista. Afirm\u00f3 que por su militancia pol\u00edtica fue discriminado en una empresa.\" src=\"https:\/\/i0.wp.com\/www.eltrabajo.cl\/portal\/wp-content\/uploads\/2014\/02\/Alex-Llanca-199x300.jpg?resize=199%2C300\" width=\"199\" height=\"300\" srcset=\"https:\/\/i0.wp.com\/eltrabajo.cl\/portal\/wp-content\/uploads\/2014\/02\/Alex-Llanca.jpg?resize=199%2C300&amp;ssl=1 199w, https:\/\/i0.wp.com\/eltrabajo.cl\/portal\/wp-content\/uploads\/2014\/02\/Alex-Llanca.jpg?resize=99%2C150&amp;ssl=1 99w, https:\/\/i0.wp.com\/eltrabajo.cl\/portal\/wp-content\/uploads\/2014\/02\/Alex-Llanca.jpg?resize=400%2C600&amp;ssl=1 400w, https:\/\/i0.wp.com\/eltrabajo.cl\/portal\/wp-content\/uploads\/2014\/02\/Alex-Llanca.jpg?w=529&amp;ssl=1 529w\" sizes=\"auto, (max-width: 199px) 100vw, 199px\" \/><\/a><figcaption id=\"caption-attachment-42967\" class=\"wp-caption-text\">Alex Llanca es dirigente de los trabajadores temporeros y militante comunista. Afirm\u00f3 que por su militancia pol\u00edtica fue discriminado en una empresa.<\/figcaption><\/figure>\n<p>Un trabajador sanfelipe\u00f1o quien acudi\u00f3 a la empresa OHL a pedir trabajo, asegur\u00f3 haber sido rechazado para incorporarse a las faenas de esa entidad, por el s\u00f3lo hecho de ser militante del Partido Comunista. Se trata de Alex Mauricio Carvallo Llanca, quien se\u00f1ala que la semana pasada se present\u00f3 a la empresa OHL, para acceder a uno de los cupos laborales que estaban ofertando y pese a cumplir con el perfil para desempe\u00f1arse en las faenas que est\u00e1 desarrollando, fue discriminado.<br \/>\n\u00abMe llamaron y sub\u00ed con todos mis papeles, mis capacitaciones t\u00e9cnicas y mi curriculum, y si bien todos los dem\u00e1s que se presentaron quedaron trabajando, yo fui rechazado. Me hice mil interrogantes, pero antes de retirarme de la empresa, un alto funcionario de ella, me confidenci\u00f3 que fui marginado por el hecho de ser comunista\u00bb, denunci\u00f3 el trabajador a Diario El Trabajo. Carvallo dijo que se vio en la obligaci\u00f3n de hacer p\u00fablica esta situaci\u00f3n, por cuanto se trata de una mala pr\u00e1ctica, que viola los tratados internacionales de derechos humanos y de paso, asever\u00f3 que \u00abevidencia que se mantienen las pr\u00e1cticas de la dictadura militar\u00bb.<br \/>\nA\u00fan cuando se trata de una empresa privada, que est\u00e1 en su derecho de elegir a qui\u00e9n desee para desempe\u00f1arse en los cargos que necesita, a juicio de Llanca se trata de una situaci\u00f3n repudiable, pese a que en OHL en ning\u00fan momento y de manera oficial se le cuestion\u00f3 o consult\u00f3 por su militancia pol\u00edtica. Explic\u00f3 que la informaci\u00f3n que le entregaron, en cuanto a que fue discriminado de un trabajo por pertenecer a un partido, es absolutamente confiable y en definitiva, nunca la empresa reconocer\u00e1 que es as\u00ed, ya que si lo hiciera, \u00abestar\u00eda violando los tratados de Derechos Humanos\u00bb.<br \/>\n\u00abLas pr\u00e1cticas antisindicales ellos las aplican y buscan cualquier resquicio o simplemente con mano oculta, porque eso significar\u00eda que salen a la luz p\u00fablica violando tratados internacionales de derechos humanos y eso no les convendr\u00eda en absoluto\u00bb, se\u00f1al\u00f3 Alex Llanca.<br \/>\nSeg\u00fan el trabajador, quien es adem\u00e1s dirigente de los trabajadores temporeros, \u00e9l es la cara visible de muchas personas que no se atreven a hacer este tipo de denuncias. \u00abLas Listas Negras en Chile contin\u00faan. Muchos empresarios est\u00e1n convencidos de que en nuestro pa\u00eds la dictadura no ha terminado, siguen con las mismas pr\u00e1cticas y por lo tanto, eso hay que denunciarlo. Esto habla de que no estamos en un pa\u00eds democr\u00e1tico\u00bb, precis\u00f3.<br \/>\nAl cierre de esta nota, no fue posible ubicar a alg\u00fan representante de OHL, no obstante las puertas de Diario El Trabajo est\u00e1n abiertas para que la empresa realice sus descargos, ante una denuncia tan delicada como la que formul\u00f3 Alex Llanca. Esto, principalmente con la finalidad de conocer cu\u00e1les son los criterios de selecci\u00f3n del personal.<\/p>\n","protected":false},"excerpt":{"rendered":"<p>Un trabajador sanfelipe\u00f1o quien acudi\u00f3 a la empresa OHL a pedir trabajo, asegur\u00f3 haber sido rechazado para incorporarse a las faenas de esa entidad, por el s\u00f3lo hecho de ser militante del&#8230;<\/p>\n","protected":false},"author":1,"featured_media":42967,"comment_status":"open","ping_status":"closed","sticky":false,"template":"","format":"standard","meta":{"advanced_seo_description":"","jetpack_seo_html_title":"","jetpack_seo_noindex":false,"_jetpack_memberships_contains_paid_content":false,"footnotes":""},"categories":[15],"tags":[],"class_list":["post-42966","post","type-post","status-publish","format-standard","has-post-thumbnail","hentry","category-comunidad"],"jetpack_featured_media_url":"https:\/\/i0.wp.com\/eltrabajo.cl\/portal\/wp-content\/uploads\/2014\/02\/Alex-Llanca.jpg?fit=529%2C794&ssl=1","jetpack_sharing_enabled":true,"jetpack_likes_enabled":true,"jetpack-related-posts":[],"_links":{"self":[{"href":"https:\/\/eltrabajo.cl\/portal\/wp-json\/wp\/v2\/posts\/42966","targetHints":{"allow":["GET"]}}],"collection":[{"href":"https:\/\/eltrabajo.cl\/portal\/wp-json\/wp\/v2\/posts"}],"about":[{"href":"https:\/\/eltrabajo.cl\/portal\/wp-json\/wp\/v2\/types\/post"}],"author":[{"embeddable":true,"href":"https:\/\/eltrabajo.cl\/portal\/wp-json\/wp\/v2\/users\/1"}],"replies":[{"embeddable":true,"href":"https:\/\/eltrabajo.cl\/portal\/wp-json\/wp\/v2\/comments?post=42966"}],"version-history":[{"count":0,"href":"https:\/\/eltrabajo.cl\/portal\/wp-json\/wp\/v2\/posts\/42966\/revisions"}],"wp:featuredmedia":[{"embeddable":true,"href":"https:\/\/eltrabajo.cl\/portal\/wp-json\/wp\/v2\/media\/42967"}],"wp:attachment":[{"href":"https:\/\/eltrabajo.cl\/portal\/wp-json\/wp\/v2\/media?parent=42966"}],"wp:term":[{"taxonomy":"category","embeddable":true,"href":"https:\/\/eltrabajo.cl\/portal\/wp-json\/wp\/v2\/categories?post=42966"},{"taxonomy":"post_tag","embeddable":true,"href":"https:\/\/eltrabajo.cl\/portal\/wp-json\/wp\/v2\/tags?post=42966"}],"curies":[{"name":"wp","href":"https:\/\/api.w.org\/{rel}","templated":true}]}}