{"id":42996,"date":"2014-02-11T10:09:37","date_gmt":"2014-02-11T13:09:37","guid":{"rendered":"http:\/\/www.eltrabajo.cl\/portal\/?p=42996"},"modified":"2014-02-11T10:09:37","modified_gmt":"2014-02-11T13:09:37","slug":"plantando-40-arboles-en-el-parque-urbano-cientos-disfrutaron-de-aguatar-2014","status":"publish","type":"post","link":"https:\/\/eltrabajo.cl\/portal\/plantando-40-arboles-en-el-parque-urbano-cientos-disfrutaron-de-aguatar-2014\/","title":{"rendered":"Plantando 40 \u00e1rboles en el Parque Urbano cientos disfrutaron de Aguatar 2014"},"content":{"rendered":"<p><strong>LOS ANDES.-<\/strong> Cientos de personas, ni\u00f1os y adultos, disfrutaron este fin de semana en el Parque Urbano con la fiesta del agua denominada \u2018Aguatar\u2019, la cual fue organizada por la Agrupaci\u00f3n juvenil Kiltros, en conjunto con la Municipalidad de Los Andes. En la oportunidad, los asistentes al evento recreativo disfrutaron de baile entretenido, concursos y diversos juegos, donde el punto de atracci\u00f3n principal fue el vital elemento.<br \/>\nEs importante destacar que la actividad no dej\u00f3 de lado el cuidado por el medioambiente, toda vez que el agua que se utiliz\u00f3 para divertirse sirvi\u00f3, al mismo tiempo, para regar el \u00e1rea verde del parque. En este marco de sana convivencia de la comunidad andina, adem\u00e1s se plantaron 40 \u00e1rboles de la especie huing\u00e1n en distintos sectores del paseo p\u00fablico.<\/p>\n<div class=\"tiled-gallery type-rectangular tiled-gallery-unresized\" data-original-width=\"640\" data-carousel-extra='null' itemscope itemtype=\"http:\/\/schema.org\/ImageGallery\" > <div class=\"gallery-row\" style=\"width: 640px; height: 286px;\" data-original-width=\"640\" data-original-height=\"286\" > <div class=\"gallery-group images-1\" style=\"width: 427px; height: 286px;\" data-original-width=\"427\" data-original-height=\"286\" > <div class=\"tiled-gallery-item tiled-gallery-item-large\" itemprop=\"associatedMedia\" itemscope itemtype=\"http:\/\/schema.org\/ImageObject\"> <a href=\"https:\/\/eltrabajo.cl\/portal\/plantando-40-arboles-en-el-parque-urbano-cientos-disfrutaron-de-aguatar-2014\/aguatar1\/\" border=\"0\" itemprop=\"url\"> <meta itemprop=\"width\" content=\"423\"> <meta itemprop=\"height\" content=\"282\"> <img decoding=\"async\" class=\"\" data-attachment-id=\"42997\" data-orig-file=\"https:\/\/eltrabajo.cl\/portal\/wp-content\/uploads\/2014\/02\/Aguatar1.jpg\" data-orig-size=\"529,353\" data-comments-opened=\"1\" data-image-meta=\"{&quot;aperture&quot;:&quot;5.6&quot;,&quot;credit&quot;:&quot;&quot;,&quot;camera&quot;:&quot;Canon EOS REBEL T3&quot;,&quot;caption&quot;:&quot;&quot;,&quot;created_timestamp&quot;:&quot;1360422670&quot;,&quot;copyright&quot;:&quot;&quot;,&quot;focal_length&quot;:&quot;35&quot;,&quot;iso&quot;:&quot;100&quot;,&quot;shutter_speed&quot;:&quot;0.005&quot;,&quot;title&quot;:&quot;&quot;}\" data-image-title=\"Aguatar1\" data-image-description=\"&lt;p&gt;Fue una locura total la experimentada por los presentes en el Aguatar 2014, aparte de plantar muchos arbolitos en el sector.&lt;\/p&gt; \" data-medium-file=\"https:\/\/i0.wp.com\/eltrabajo.cl\/portal\/wp-content\/uploads\/2014\/02\/Aguatar1.jpg?fit=300%2C200&#038;ssl=1\" data-large-file=\"https:\/\/i0.wp.com\/eltrabajo.cl\/portal\/wp-content\/uploads\/2014\/02\/Aguatar1.jpg?fit=529%2C353&#038;ssl=1\" src=\"https:\/\/i0.wp.com\/eltrabajo.cl\/portal\/wp-content\/uploads\/2014\/02\/Aguatar1.jpg?w=423&#038;h=282&#038;ssl=1\" srcset=\"https:\/\/i0.wp.com\/eltrabajo.cl\/portal\/wp-content\/uploads\/2014\/02\/Aguatar1.jpg?w=529&amp;ssl=1 529w, https:\/\/i0.wp.com\/eltrabajo.cl\/portal\/wp-content\/uploads\/2014\/02\/Aguatar1.jpg?resize=200%2C133&amp;ssl=1 200w, https:\/\/i0.wp.com\/eltrabajo.cl\/portal\/wp-content\/uploads\/2014\/02\/Aguatar1.jpg?resize=300%2C200&amp;ssl=1 300w, https:\/\/i0.wp.com\/eltrabajo.cl\/portal\/wp-content\/uploads\/2014\/02\/Aguatar1.jpg?resize=150%2C100&amp;ssl=1 150w, https:\/\/i0.wp.com\/eltrabajo.cl\/portal\/wp-content\/uploads\/2014\/02\/Aguatar1.jpg?resize=400%2C266&amp;ssl=1 400w\" width=\"423\" height=\"282\" loading=\"lazy\" data-original-width=\"423\" data-original-height=\"282\" itemprop=\"http:\/\/schema.org\/image\" title=\"Aguatar1\" alt=\"Fue una locura total la experimentada por los presentes en el Aguatar 2014, aparte de plantar muchos arbolitos en el sector.\" style=\"width: 423px; height: 282px;\" \/> <\/a> <div class=\"tiled-gallery-caption\" itemprop=\"caption description\"> Fue una locura total la experimentada por los presentes en el Aguatar 2014, aparte de plantar muchos arbolitos en el sector. <\/div> <\/div> <\/div> <!-- close group --> <div class=\"gallery-group images-2\" style=\"width: 213px; height: 286px;\" data-original-width=\"213\" data-original-height=\"286\" > <div class=\"tiled-gallery-item tiled-gallery-item-small\" itemprop=\"associatedMedia\" itemscope itemtype=\"http:\/\/schema.org\/ImageObject\"> <a href=\"https:\/\/eltrabajo.cl\/portal\/plantando-40-arboles-en-el-parque-urbano-cientos-disfrutaron-de-aguatar-2014\/aguatar2\/\" border=\"0\" itemprop=\"url\"> <meta itemprop=\"width\" content=\"209\"> <meta itemprop=\"height\" content=\"139\"> <img decoding=\"async\" class=\"\" data-attachment-id=\"42998\" data-orig-file=\"https:\/\/eltrabajo.cl\/portal\/wp-content\/uploads\/2014\/02\/Aguatar2.jpg\" data-orig-size=\"529,353\" data-comments-opened=\"1\" data-image-meta=\"{&quot;aperture&quot;:&quot;8&quot;,&quot;credit&quot;:&quot;&quot;,&quot;camera&quot;:&quot;Canon EOS REBEL T3&quot;,&quot;caption&quot;:&quot;&quot;,&quot;created_timestamp&quot;:&quot;1360423515&quot;,&quot;copyright&quot;:&quot;&quot;,&quot;focal_length&quot;:&quot;35&quot;,&quot;iso&quot;:&quot;100&quot;,&quot;shutter_speed&quot;:&quot;0.005&quot;,&quot;title&quot;:&quot;&quot;}\" data-image-title=\"Aguatar2\" data-image-description=\"&lt;p&gt;Cientos de personas, ni\u00f1os y adultos, disfrutaron este fin de semana en el Parque Urbano con la fiesta del agua denominada \u2018Aguatar\u2019.&lt;\/p&gt; \" data-medium-file=\"https:\/\/i0.wp.com\/eltrabajo.cl\/portal\/wp-content\/uploads\/2014\/02\/Aguatar2.jpg?fit=300%2C200&#038;ssl=1\" data-large-file=\"https:\/\/i0.wp.com\/eltrabajo.cl\/portal\/wp-content\/uploads\/2014\/02\/Aguatar2.jpg?fit=529%2C353&#038;ssl=1\" src=\"https:\/\/i0.wp.com\/eltrabajo.cl\/portal\/wp-content\/uploads\/2014\/02\/Aguatar2.jpg?w=209&#038;h=139&#038;ssl=1\" srcset=\"https:\/\/i0.wp.com\/eltrabajo.cl\/portal\/wp-content\/uploads\/2014\/02\/Aguatar2.jpg?w=529&amp;ssl=1 529w, https:\/\/i0.wp.com\/eltrabajo.cl\/portal\/wp-content\/uploads\/2014\/02\/Aguatar2.jpg?resize=200%2C133&amp;ssl=1 200w, https:\/\/i0.wp.com\/eltrabajo.cl\/portal\/wp-content\/uploads\/2014\/02\/Aguatar2.jpg?resize=300%2C200&amp;ssl=1 300w, https:\/\/i0.wp.com\/eltrabajo.cl\/portal\/wp-content\/uploads\/2014\/02\/Aguatar2.jpg?resize=150%2C100&amp;ssl=1 150w, https:\/\/i0.wp.com\/eltrabajo.cl\/portal\/wp-content\/uploads\/2014\/02\/Aguatar2.jpg?resize=400%2C266&amp;ssl=1 400w\" width=\"209\" height=\"139\" loading=\"lazy\" data-original-width=\"209\" data-original-height=\"139\" itemprop=\"http:\/\/schema.org\/image\" title=\"Aguatar2\" alt=\"Cientos de personas, ni\u00f1os y adultos, disfrutaron este fin de semana en el Parque Urbano con la fiesta del agua denominada \u2018Aguatar\u2019.\" style=\"width: 209px; height: 139px;\" \/> <\/a> <div class=\"tiled-gallery-caption\" itemprop=\"caption description\"> Cientos de personas, ni\u00f1os y adultos, disfrutaron este fin de semana en el Parque Urbano con la fiesta del agua denominada \u2018Aguatar\u2019. <\/div> <\/div> <div class=\"tiled-gallery-item tiled-gallery-item-small\" itemprop=\"associatedMedia\" itemscope itemtype=\"http:\/\/schema.org\/ImageObject\"> <a href=\"https:\/\/eltrabajo.cl\/portal\/plantando-40-arboles-en-el-parque-urbano-cientos-disfrutaron-de-aguatar-2014\/aguatar3\/\" border=\"0\" itemprop=\"url\"> <meta itemprop=\"width\" content=\"209\"> <meta itemprop=\"height\" content=\"139\"> <img decoding=\"async\" class=\"\" data-attachment-id=\"42999\" data-orig-file=\"https:\/\/eltrabajo.cl\/portal\/wp-content\/uploads\/2014\/02\/Aguatar3.jpg\" data-orig-size=\"529,353\" data-comments-opened=\"1\" data-image-meta=\"{&quot;aperture&quot;:&quot;18&quot;,&quot;credit&quot;:&quot;&quot;,&quot;camera&quot;:&quot;Canon EOS REBEL T3&quot;,&quot;caption&quot;:&quot;&quot;,&quot;created_timestamp&quot;:&quot;1360425884&quot;,&quot;copyright&quot;:&quot;&quot;,&quot;focal_length&quot;:&quot;18&quot;,&quot;iso&quot;:&quot;800&quot;,&quot;shutter_speed&quot;:&quot;0.005&quot;,&quot;title&quot;:&quot;&quot;}\" data-image-title=\"Aguatar3\" data-image-description=\"&lt;p&gt;En este marco de sana convivencia de la comunidad andina, adem\u00e1s se plantaron 40 \u00e1rboles de la especie huing\u00e1n.&lt;\/p&gt; \" data-medium-file=\"https:\/\/i0.wp.com\/eltrabajo.cl\/portal\/wp-content\/uploads\/2014\/02\/Aguatar3.jpg?fit=300%2C200&#038;ssl=1\" data-large-file=\"https:\/\/i0.wp.com\/eltrabajo.cl\/portal\/wp-content\/uploads\/2014\/02\/Aguatar3.jpg?fit=529%2C353&#038;ssl=1\" src=\"https:\/\/i0.wp.com\/eltrabajo.cl\/portal\/wp-content\/uploads\/2014\/02\/Aguatar3.jpg?w=209&#038;h=139&#038;ssl=1\" srcset=\"https:\/\/i0.wp.com\/eltrabajo.cl\/portal\/wp-content\/uploads\/2014\/02\/Aguatar3.jpg?w=529&amp;ssl=1 529w, https:\/\/i0.wp.com\/eltrabajo.cl\/portal\/wp-content\/uploads\/2014\/02\/Aguatar3.jpg?resize=200%2C133&amp;ssl=1 200w, https:\/\/i0.wp.com\/eltrabajo.cl\/portal\/wp-content\/uploads\/2014\/02\/Aguatar3.jpg?resize=300%2C200&amp;ssl=1 300w, https:\/\/i0.wp.com\/eltrabajo.cl\/portal\/wp-content\/uploads\/2014\/02\/Aguatar3.jpg?resize=150%2C100&amp;ssl=1 150w, https:\/\/i0.wp.com\/eltrabajo.cl\/portal\/wp-content\/uploads\/2014\/02\/Aguatar3.jpg?resize=400%2C266&amp;ssl=1 400w\" width=\"209\" height=\"139\" loading=\"lazy\" data-original-width=\"209\" data-original-height=\"139\" itemprop=\"http:\/\/schema.org\/image\" title=\"Aguatar3\" alt=\"En este marco de sana convivencia de la comunidad andina, adem\u00e1s se plantaron 40 \u00e1rboles de la especie huing\u00e1n.\" style=\"width: 209px; height: 139px;\" \/> <\/a> <div class=\"tiled-gallery-caption\" itemprop=\"caption description\"> En este marco de sana convivencia de la comunidad andina, adem\u00e1s se plantaron 40 \u00e1rboles de la especie huing\u00e1n. <\/div> <\/div> <\/div> <!-- close group --> <\/div> <!-- close row --> <\/div>\n","protected":false},"excerpt":{"rendered":"<p>LOS ANDES.- Cientos de personas, ni\u00f1os y adultos, disfrutaron este fin de semana en el Parque Urbano con la fiesta del agua denominada \u2018Aguatar\u2019, la cual fue organizada por la Agrupaci\u00f3n juvenil&#8230;<\/p>\n","protected":false},"author":1,"featured_media":42998,"comment_status":"open","ping_status":"closed","sticky":false,"template":"","format":"standard","meta":{"advanced_seo_description":"","jetpack_seo_html_title":"","jetpack_seo_noindex":false,"_jetpack_memberships_contains_paid_content":false,"footnotes":""},"categories":[15],"tags":[],"class_list":["post-42996","post","type-post","status-publish","format-standard","has-post-thumbnail","hentry","category-comunidad"],"jetpack_featured_media_url":"https:\/\/i0.wp.com\/eltrabajo.cl\/portal\/wp-content\/uploads\/2014\/02\/Aguatar2.jpg?fit=529%2C353&ssl=1","jetpack_sharing_enabled":true,"jetpack_likes_enabled":true,"jetpack-related-posts":[],"_links":{"self":[{"href":"https:\/\/eltrabajo.cl\/portal\/wp-json\/wp\/v2\/posts\/42996","targetHints":{"allow":["GET"]}}],"collection":[{"href":"https:\/\/eltrabajo.cl\/portal\/wp-json\/wp\/v2\/posts"}],"about":[{"href":"https:\/\/eltrabajo.cl\/portal\/wp-json\/wp\/v2\/types\/post"}],"author":[{"embeddable":true,"href":"https:\/\/eltrabajo.cl\/portal\/wp-json\/wp\/v2\/users\/1"}],"replies":[{"embeddable":true,"href":"https:\/\/eltrabajo.cl\/portal\/wp-json\/wp\/v2\/comments?post=42996"}],"version-history":[{"count":0,"href":"https:\/\/eltrabajo.cl\/portal\/wp-json\/wp\/v2\/posts\/42996\/revisions"}],"wp:featuredmedia":[{"embeddable":true,"href":"https:\/\/eltrabajo.cl\/portal\/wp-json\/wp\/v2\/media\/42998"}],"wp:attachment":[{"href":"https:\/\/eltrabajo.cl\/portal\/wp-json\/wp\/v2\/media?parent=42996"}],"wp:term":[{"taxonomy":"category","embeddable":true,"href":"https:\/\/eltrabajo.cl\/portal\/wp-json\/wp\/v2\/categories?post=42996"},{"taxonomy":"post_tag","embeddable":true,"href":"https:\/\/eltrabajo.cl\/portal\/wp-json\/wp\/v2\/tags?post=42996"}],"curies":[{"name":"wp","href":"https:\/\/api.w.org\/{rel}","templated":true}]}}