{"id":43001,"date":"2014-02-11T10:14:37","date_gmt":"2014-02-11T13:14:37","guid":{"rendered":"http:\/\/www.eltrabajo.cl\/portal\/?p=43001"},"modified":"2014-02-11T10:14:47","modified_gmt":"2014-02-11T13:14:47","slug":"se-inicio-la-cabalgata-del-glorioso-paso-del-ejercito-libertador","status":"publish","type":"post","link":"https:\/\/eltrabajo.cl\/portal\/se-inicio-la-cabalgata-del-glorioso-paso-del-ejercito-libertador\/","title":{"rendered":"Se inici\u00f3 la cabalgata del Glorioso paso del Ej\u00e9rcito Libertador"},"content":{"rendered":"<figure id=\"attachment_43003\" aria-describedby=\"caption-attachment-43003\" style=\"width: 300px\" class=\"wp-caption alignleft\"><a href=\"http:\/\/www.eltrabajo.cl\/portal\/2014\/02\/se-inicio-la-cabalgata-del-glorioso-paso-del-ejercito-libertador\/embajadora1\/\" rel=\"attachment wp-att-43003\"><img data-recalc-dims=\"1\" loading=\"lazy\" decoding=\"async\" class=\"size-medium wp-image-43003\" alt=\"La embajadora de Austria en Chile Dorotea Auer, hizo entrega de un presente al alcalde de Putaendo Guillermo Reyes.\" src=\"https:\/\/i0.wp.com\/www.eltrabajo.cl\/portal\/wp-content\/uploads\/2014\/02\/Embajadora1-300x200.jpg?resize=300%2C200\" width=\"300\" height=\"200\" srcset=\"https:\/\/i0.wp.com\/eltrabajo.cl\/portal\/wp-content\/uploads\/2014\/02\/Embajadora1.jpg?resize=300%2C200&amp;ssl=1 300w, https:\/\/i0.wp.com\/eltrabajo.cl\/portal\/wp-content\/uploads\/2014\/02\/Embajadora1.jpg?resize=200%2C133&amp;ssl=1 200w, https:\/\/i0.wp.com\/eltrabajo.cl\/portal\/wp-content\/uploads\/2014\/02\/Embajadora1.jpg?resize=150%2C100&amp;ssl=1 150w, https:\/\/i0.wp.com\/eltrabajo.cl\/portal\/wp-content\/uploads\/2014\/02\/Embajadora1.jpg?resize=400%2C266&amp;ssl=1 400w, https:\/\/i0.wp.com\/eltrabajo.cl\/portal\/wp-content\/uploads\/2014\/02\/Embajadora1.jpg?w=529&amp;ssl=1 529w\" sizes=\"auto, (max-width: 300px) 100vw, 300px\" \/><\/a><figcaption id=\"caption-attachment-43003\" class=\"wp-caption-text\">La embajadora de Austria en Chile Dorotea Auer, hizo entrega de un presente al alcalde de Putaendo Guillermo Reyes.<\/figcaption><\/figure>\n<p><strong>PUTAENDO<\/strong>.- Este domingo se inici\u00f3 la cabalgata que emular\u00e1 la gesta heroica del paso del Ej\u00e9rcito Libertador que el a\u00f1o 1817 cruz\u00f3 la Cordillera de Los Andes para llegar hasta Los Patos.<br \/>\nEn su d\u00e9cima versi\u00f3n, esta cabalgata fue organizada por la Municipalidad de Putaendo y pasado el mediod\u00eda en el Ret\u00e9n Fronterizo de Carabineros de Los Patos, en una sencilla ceremonia se despidieron a los cerca de 50 integrantes de esta cabalgata que el pr\u00f3ximo mi\u00e9rcoles se reunir\u00e1n en el hito fronterizo con los jinetes que vienen desde Argentina para rendir un homenaje a San Mart\u00edn y O\u2019Higgins.<br \/>\nEn la ceremonia estuvieron presentes el Alcalde Guillermo Reyes; la embajadora de Austria en Chile Dorotea Auer; el Director Regional de Sernatur, Milos Miskovic; los Consejeros Regionales Antonio Ayala y Juan Antonio Vejar; el Administrador Municipal de Putaendo Mauricio Quiroz y la encargada de Patrimonio y Medioambiente del Municipio, Leda Chopitea.<br \/>\nLuego de los discursos protocolares, los integrantes de la cabalgata fueron trasladados en camioneta hasta el sector Arboleda de Quillayes, desde donde comenzaron su cabalgata hasta el sector Las Tejas, ah\u00ed pernoctar\u00e1n este domingo y el lunes emprender\u00e1n rumbo hasta la Avanzada de Carabineros en Los Ci\u00e9nagos. El mi\u00e9rcoles avanzar\u00e1n hasta la frontera para la ceremonia de homenaje. Se estima que regresar\u00e1n a Los Patos en horas de la tarde del pr\u00f3ximo jueves.<br \/>\nEl Alcalde Guillermo Reyes felicit\u00f3 a quienes integran esta cabalgata e indic\u00f3 que gracias al apoyo del Core Juan Antonio Vejar, hoy la municipalidad retoma la organizaci\u00f3n de esta traves\u00eda que es el ensayo para celebrar en grande los 200 a\u00f1os del cruce de San Mart\u00edn, adem\u00e1s se\u00f1al\u00f3 que se muestra esperanzado en que para el a\u00f1o 2017 los Corrales del Chalaco est\u00e9n declarados como Monumento Nacional y est\u00e9 construido el parque en el mismo sector y el gran monumento al Ej\u00e9rcito Libertador, que ellos se merecen y que en Chile no existe, junto con ello Reyes adelant\u00f3 que ya se est\u00e1 preparando para el pr\u00f3ximo a\u00f1o integrar esta cabalgata.<br \/>\nPor su parte, la embajadora de Austria, Dorotea Auer se mostr\u00f3 feliz de ser parte de esta cabalgata, pues indic\u00f3 que ama la naturaleza y la monta\u00f1a, adem\u00e1s indic\u00f3 que en el tiempo que lleva en Chile se ha enamorado de la historia y sobre todo de este cruce del Ej\u00e9rcito Libertador, que fue el impulso de la independencia de Chile y Latinoam\u00e9rica.<br \/>\n<strong>Patricio Gallardo M.<\/strong><\/p>\n<figure id=\"attachment_43002\" aria-describedby=\"caption-attachment-43002\" style=\"width: 529px\" class=\"wp-caption alignleft\"><a href=\"http:\/\/www.eltrabajo.cl\/portal\/2014\/02\/se-inicio-la-cabalgata-del-glorioso-paso-del-ejercito-libertador\/cabalgata1-4\/\" rel=\"attachment wp-att-43002\"><img data-recalc-dims=\"1\" loading=\"lazy\" decoding=\"async\" class=\"size-full wp-image-43002\" alt=\"El mi\u00e9rcoles avanzar\u00e1n hasta la frontera para la ceremonia de homenaje. Se estima que regresar\u00e1n a Los Patos en horas de la tarde del pr\u00f3ximo jueves.\" src=\"https:\/\/i0.wp.com\/www.eltrabajo.cl\/portal\/wp-content\/uploads\/2014\/02\/Cabalgata1.jpg?resize=529%2C353\" width=\"529\" height=\"353\" srcset=\"https:\/\/i0.wp.com\/eltrabajo.cl\/portal\/wp-content\/uploads\/2014\/02\/Cabalgata1.jpg?w=529&amp;ssl=1 529w, https:\/\/i0.wp.com\/eltrabajo.cl\/portal\/wp-content\/uploads\/2014\/02\/Cabalgata1.jpg?resize=200%2C133&amp;ssl=1 200w, https:\/\/i0.wp.com\/eltrabajo.cl\/portal\/wp-content\/uploads\/2014\/02\/Cabalgata1.jpg?resize=300%2C200&amp;ssl=1 300w, https:\/\/i0.wp.com\/eltrabajo.cl\/portal\/wp-content\/uploads\/2014\/02\/Cabalgata1.jpg?resize=150%2C100&amp;ssl=1 150w, https:\/\/i0.wp.com\/eltrabajo.cl\/portal\/wp-content\/uploads\/2014\/02\/Cabalgata1.jpg?resize=400%2C266&amp;ssl=1 400w\" sizes=\"auto, (max-width: 529px) 100vw, 529px\" \/><\/a><figcaption id=\"caption-attachment-43002\" class=\"wp-caption-text\">El mi\u00e9rcoles avanzar\u00e1n hasta la frontera para la ceremonia de homenaje. Se estima que regresar\u00e1n a Los Patos en horas de la tarde del pr\u00f3ximo jueves.<\/figcaption><\/figure>\n","protected":false},"excerpt":{"rendered":"<p>PUTAENDO.- Este domingo se inici\u00f3 la cabalgata que emular\u00e1 la gesta heroica del paso del Ej\u00e9rcito Libertador que el a\u00f1o 1817 cruz\u00f3 la Cordillera de Los Andes para llegar hasta Los Patos&#8230;.<\/p>\n","protected":false},"author":1,"featured_media":43003,"comment_status":"open","ping_status":"closed","sticky":false,"template":"","format":"standard","meta":{"advanced_seo_description":"","jetpack_seo_html_title":"","jetpack_seo_noindex":false,"_jetpack_memberships_contains_paid_content":false,"footnotes":""},"categories":[15],"tags":[],"class_list":["post-43001","post","type-post","status-publish","format-standard","has-post-thumbnail","hentry","category-comunidad"],"jetpack_featured_media_url":"https:\/\/i0.wp.com\/eltrabajo.cl\/portal\/wp-content\/uploads\/2014\/02\/Embajadora1.jpg?fit=529%2C353&ssl=1","jetpack_sharing_enabled":true,"jetpack_likes_enabled":true,"jetpack-related-posts":[],"_links":{"self":[{"href":"https:\/\/eltrabajo.cl\/portal\/wp-json\/wp\/v2\/posts\/43001","targetHints":{"allow":["GET"]}}],"collection":[{"href":"https:\/\/eltrabajo.cl\/portal\/wp-json\/wp\/v2\/posts"}],"about":[{"href":"https:\/\/eltrabajo.cl\/portal\/wp-json\/wp\/v2\/types\/post"}],"author":[{"embeddable":true,"href":"https:\/\/eltrabajo.cl\/portal\/wp-json\/wp\/v2\/users\/1"}],"replies":[{"embeddable":true,"href":"https:\/\/eltrabajo.cl\/portal\/wp-json\/wp\/v2\/comments?post=43001"}],"version-history":[{"count":0,"href":"https:\/\/eltrabajo.cl\/portal\/wp-json\/wp\/v2\/posts\/43001\/revisions"}],"wp:featuredmedia":[{"embeddable":true,"href":"https:\/\/eltrabajo.cl\/portal\/wp-json\/wp\/v2\/media\/43003"}],"wp:attachment":[{"href":"https:\/\/eltrabajo.cl\/portal\/wp-json\/wp\/v2\/media?parent=43001"}],"wp:term":[{"taxonomy":"category","embeddable":true,"href":"https:\/\/eltrabajo.cl\/portal\/wp-json\/wp\/v2\/categories?post=43001"},{"taxonomy":"post_tag","embeddable":true,"href":"https:\/\/eltrabajo.cl\/portal\/wp-json\/wp\/v2\/tags?post=43001"}],"curies":[{"name":"wp","href":"https:\/\/api.w.org\/{rel}","templated":true}]}}