{"id":43055,"date":"2014-02-13T12:16:53","date_gmt":"2014-02-13T15:16:53","guid":{"rendered":"http:\/\/www.eltrabajo.cl\/portal\/?p=43055"},"modified":"2014-02-13T12:17:02","modified_gmt":"2014-02-13T15:17:02","slug":"vecina-requiere-trasplante-de-cornea-tras-operacion-de-cataratas","status":"publish","type":"post","link":"https:\/\/eltrabajo.cl\/portal\/vecina-requiere-trasplante-de-cornea-tras-operacion-de-cataratas\/","title":{"rendered":"Vecina requiere trasplante de c\u00f3rnea tras operaci\u00f3n de cataratas"},"content":{"rendered":"<figure id=\"attachment_43056\" aria-describedby=\"caption-attachment-43056\" style=\"width: 300px\" class=\"wp-caption alignleft\"><a href=\"http:\/\/www.eltrabajo.cl\/portal\/2014\/02\/vecina-requiere-trasplante-de-cornea-tras-operacion-de-cataratas\/maria-herrera\/\" rel=\"attachment wp-att-43056\"><img data-recalc-dims=\"1\" loading=\"lazy\" decoding=\"async\" class=\"size-medium wp-image-43056\" alt=\"La se\u00f1ora Mar\u00eda Herrera no tiene visi\u00f3n en un ojo, pese a que fue operada de cataratas en el Hospital San  Camilo.                                                                                                                                                                                                                     \" src=\"https:\/\/i0.wp.com\/www.eltrabajo.cl\/portal\/wp-content\/uploads\/2014\/02\/Maria-Herrera-300x288.jpg?resize=300%2C288\" width=\"300\" height=\"288\" srcset=\"https:\/\/i0.wp.com\/eltrabajo.cl\/portal\/wp-content\/uploads\/2014\/02\/Maria-Herrera.jpg?resize=300%2C288&amp;ssl=1 300w, https:\/\/i0.wp.com\/eltrabajo.cl\/portal\/wp-content\/uploads\/2014\/02\/Maria-Herrera.jpg?resize=155%2C150&amp;ssl=1 155w, https:\/\/i0.wp.com\/eltrabajo.cl\/portal\/wp-content\/uploads\/2014\/02\/Maria-Herrera.jpg?resize=150%2C144&amp;ssl=1 150w, https:\/\/i0.wp.com\/eltrabajo.cl\/portal\/wp-content\/uploads\/2014\/02\/Maria-Herrera.jpg?resize=400%2C384&amp;ssl=1 400w, https:\/\/i0.wp.com\/eltrabajo.cl\/portal\/wp-content\/uploads\/2014\/02\/Maria-Herrera.jpg?w=529&amp;ssl=1 529w\" sizes=\"auto, (max-width: 300px) 100vw, 300px\" \/><\/a><figcaption id=\"caption-attachment-43056\" class=\"wp-caption-text\">La se\u00f1ora Mar\u00eda Herrera no tiene visi\u00f3n en un ojo, pese a que fue operada de cataratas en el Hospital San Camilo.<\/figcaption><\/figure>\n<p>Desilusionada del sistema de atenci\u00f3n p\u00fablica de salud y particularmente de la atenci\u00f3n del Hospital San Camilo de San Felipe, dijo estar la vecina identificada como Mar\u00eda Herrera Caballero, quien luego de someterse a una operaci\u00f3n de cataratas, a fines de octubre, todav\u00eda no puede ver, pero lo que es peor, ahora le dijeron que requiere de un trasplante de c\u00f3rnea. Seg\u00fan se\u00f1al\u00f3, en octubre de 2013 fue llamada desde el establecimiento asistencial para someterse a una operaci\u00f3n de cataratas. Ese d\u00eda fue operada ella y otras dos personas, al cabo de lo cual se le inform\u00f3 que deb\u00eda acudir a controles peri\u00f3dicos.<br \/>\nA la semana de la cirug\u00eda, Mar\u00eda Herrera asegura que no ten\u00eda ning\u00fan avance en cuanto a la visi\u00f3n, y as\u00ed fue al siguiente y al tercer control, sin recibir mayor informaci\u00f3n de parte de la doctora que le atendi\u00f3, de apellido Oliva, quien solamente se limit\u00f3 a decirle que esta situaci\u00f3n era normal. Fue as\u00ed que al no registrar ninguna mejora, Mar\u00eda Herrera consult\u00f3 a un m\u00e9dico especialista de Santiago, quien tras someterla a varios ex\u00e1menes, le dijo que el da\u00f1o que presentaba en la c\u00f3rnea era significativo y por lo tanto, requiere de trasplante.<br \/>\n\u00abNo hubo al principio ning\u00fan problema, porque todo sali\u00f3 r\u00e1pido. El grave problema que tengo yo, es que el 24 de octubre me operaron y hasta el d\u00eda de hoy, no veo con un ojo. Producto de esto un sobrino m\u00edo me llev\u00f3 con el m\u00e9dico a Santiago, para tener otra opini\u00f3n, y me dijeron que con la operaci\u00f3n de cataratas, me hab\u00edan da\u00f1ado la c\u00f3rnea\u00bb, se\u00f1al\u00f3 Herrera. Precis\u00f3 que la profesional le recet\u00f3 una serie de medicamentos, no obstante en caso de no mejorar, tendr\u00e1 que someterse a una cirug\u00eda de trasplante de c\u00f3rnea.<br \/>\n\u00abEso para m\u00ed son palabras mayores, porque yo no tengo los recursos para un trasplante. Estoy desilusionada del hospital, donde fui a tres controles, pero no fui m\u00e1s, porque me dijeron que no pod\u00edan decirme cu\u00e1nto tiempo demorar\u00eda\u00bb, expres\u00f3 la vecina sanfelipe\u00f1a. Si bien la se\u00f1ora Mar\u00eda no habl\u00f3 de negligencia en este caso, manifest\u00f3 que las respuestas y la atenci\u00f3n recibidas en el San Camilo dejan mucho que desear.<br \/>\n\u00abLo m\u00edo es s\u00faper lamentable, a m\u00ed me tiene s\u00faper bajoneada, me tiene mal, porque uno no tiene dinero para ir a una cl\u00ednica y recibir un buena atenci\u00f3n\u00bb, indic\u00f3 a Diario El Trabajo. Su marido en tanto, decidi\u00f3 acercarse a Radio 10 y Diario El Trabajo para hacer p\u00fablica su denuncia, indignado por este hecho que afecta sobremanera la calidad de vida de su esposa y que, de traducirse en una cirug\u00eda de trasplante de c\u00f3rnea, significar\u00e1 probablemente un gasto alt\u00edsimo de recursos. Cabe consignar que hasta el cierre de esta nota el Hospital San Camilo no se hab\u00eda pronunciado acerca de este caso.<\/p>\n","protected":false},"excerpt":{"rendered":"<p>Desilusionada del sistema de atenci\u00f3n p\u00fablica de salud y particularmente de la atenci\u00f3n del Hospital San Camilo de San Felipe, dijo estar la vecina identificada como Mar\u00eda Herrera Caballero, quien luego de&#8230;<\/p>\n","protected":false},"author":1,"featured_media":43056,"comment_status":"open","ping_status":"closed","sticky":false,"template":"","format":"standard","meta":{"advanced_seo_description":"","jetpack_seo_html_title":"","jetpack_seo_noindex":false,"_jetpack_memberships_contains_paid_content":false,"footnotes":""},"categories":[15],"tags":[],"class_list":["post-43055","post","type-post","status-publish","format-standard","has-post-thumbnail","hentry","category-comunidad"],"jetpack_featured_media_url":"https:\/\/i0.wp.com\/eltrabajo.cl\/portal\/wp-content\/uploads\/2014\/02\/Maria-Herrera.jpg?fit=529%2C509&ssl=1","jetpack_sharing_enabled":true,"jetpack_likes_enabled":true,"jetpack-related-posts":[],"_links":{"self":[{"href":"https:\/\/eltrabajo.cl\/portal\/wp-json\/wp\/v2\/posts\/43055","targetHints":{"allow":["GET"]}}],"collection":[{"href":"https:\/\/eltrabajo.cl\/portal\/wp-json\/wp\/v2\/posts"}],"about":[{"href":"https:\/\/eltrabajo.cl\/portal\/wp-json\/wp\/v2\/types\/post"}],"author":[{"embeddable":true,"href":"https:\/\/eltrabajo.cl\/portal\/wp-json\/wp\/v2\/users\/1"}],"replies":[{"embeddable":true,"href":"https:\/\/eltrabajo.cl\/portal\/wp-json\/wp\/v2\/comments?post=43055"}],"version-history":[{"count":0,"href":"https:\/\/eltrabajo.cl\/portal\/wp-json\/wp\/v2\/posts\/43055\/revisions"}],"wp:featuredmedia":[{"embeddable":true,"href":"https:\/\/eltrabajo.cl\/portal\/wp-json\/wp\/v2\/media\/43056"}],"wp:attachment":[{"href":"https:\/\/eltrabajo.cl\/portal\/wp-json\/wp\/v2\/media?parent=43055"}],"wp:term":[{"taxonomy":"category","embeddable":true,"href":"https:\/\/eltrabajo.cl\/portal\/wp-json\/wp\/v2\/categories?post=43055"},{"taxonomy":"post_tag","embeddable":true,"href":"https:\/\/eltrabajo.cl\/portal\/wp-json\/wp\/v2\/tags?post=43055"}],"curies":[{"name":"wp","href":"https:\/\/api.w.org\/{rel}","templated":true}]}}