{"id":43063,"date":"2014-02-13T12:23:38","date_gmt":"2014-02-13T15:23:38","guid":{"rendered":"http:\/\/www.eltrabajo.cl\/portal\/?p=43063"},"modified":"2014-02-13T12:25:18","modified_gmt":"2014-02-13T15:25:18","slug":"municipalidad-inicia-proceso-para-sacar-a-comerciantes-de-la-terraza","status":"publish","type":"post","link":"https:\/\/eltrabajo.cl\/portal\/municipalidad-inicia-proceso-para-sacar-a-comerciantes-de-la-terraza\/","title":{"rendered":"Municipalidad inicia proceso para sacar a comerciantes de la terraza"},"content":{"rendered":"<ul>\n<li><strong>Licitan proyecto para construir paseo artesanal.<\/strong><\/li>\n<\/ul>\n<p>Una gran noticia fue dada a conocer en horas de esta ma\u00f1ana de ayer mi\u00e9rcoles en la plaza de armas San Felipe, la noticia se\u00f1ala que oficialmente se comenz\u00f3 a partir del d\u00eda 12 de febrero, con el proceso de licitaci\u00f3n para la construcci\u00f3n de los locales que albergar\u00e1n definitivamente a los 24 comerciantes que actualmente se encuentran ubicados en la terraza de la Plaza de Armas de nuestra comuna.<br \/>\nLo anterior ser\u00e1 posible gracias a los recursos obtenidos por la presentaci\u00f3n de un proyecto encargado a la Secpla del municipio, al Fondo Nacional de Desarrollo regional (FNDR), permitiendo materializar uno de los principales compromisos adquiridos por la actual administraci\u00f3n del Alcalde Patricio Freire, la construcci\u00f3n de un Pueblito Artesanal, el que se ubicar\u00e1 a un costado de la feria municipal. Esto ser\u00e1 muy beneficioso, ya que ser\u00e1 complementado con el proyecto que contempla el hermoseamiento y mejoramiento de las \u00e1reas verdes de Avenida Yungay, lo que se espera se convierta, en el corto plazo en un importante polo de desarrollo tur\u00edstico y comercial de nuestra ciudad.<br \/>\nCon esto se recuperar\u00e1 una zona importante de nuestra ciudad como es la Terraza, permitiendo que los locatarios contin\u00faen con sus actividades de manera absolutamente normal, regresando este paseo peatonal a la utilizaci\u00f3n de todos los sanfelipe\u00f1os. Este proyecto fue ampliamente socializado por el Alcalde Freire, del cual participaron directamente los comerciantes, quienes aportaron con sus ideas e inquietudes, logrando que sea considerado como un importante polo tur\u00edstico para nuestra ciudad, contando con todas las comodidades para los locatarios como para los visitantes.<br \/>\nLas obras abarcar\u00e1n una superficie de 544 m2 y la estructura ser\u00e1 una mezcla de alba\u00f1iler\u00eda y estructura met\u00e1lica, contemplando adem\u00e1s la construcci\u00f3n de una p\u00e9rgola, permitiendo as\u00ed el descanso a la sombra para los visitantes, visualiz\u00e1ndolo como un importante y atractivo polo de comercio y turismo, entregando una obra de excelente calidad, involucrando todo esto una inversi\u00f3n cercana a los $50 millones, con recursos obtenidos por el Fondo de Inversi\u00f3n Regional de Intervenci\u00f3n Local, provenientes del Gobierno Regional, esperando que el inicio de las obras sea a comienzos de abril. Se espera que las obras tengan una duraci\u00f3n de 75 d\u00edas corridos, esperando poder hacer la presentaci\u00f3n de los trabajos en el mes de agosto.<\/p>\n<p><strong>ESPACIO FAMILIAR<\/strong><br \/>\nUna pol\u00edtica clara del Alcalde Freire, hace relaci\u00f3n con la recuperaci\u00f3n de los espacios p\u00fablicos para el esparcimiento familiar, poniendo \u00e9nfasis en el damero central, adoptando diferentes medidas para evitar que se contin\u00faen generando situaciones an\u00f3malas, como las acontecidas con los lavadores de autos, por lo que ya se han coordinado acciones con carabineros, para erradicar esta pr\u00e1ctica del centro de la ciudad.<br \/>\nOtros proyectos aprobados incluyen el del mejoramiento integral del frontis del terminal rodoviario, lo que en una primera etapa incluir\u00e1 la mejora de luminarias peatonales, mobiliario y cambio de superficie y cubierta de las veredas y baldosas, abordando tambi\u00e9n, construcci\u00f3n y mejoras a los andenes, debido a las dificultades que actualmente reviste esta situaci\u00f3n a los usuarios, alcanzando un monto cercano a los $64 millones.<br \/>\nA esto debemos sumar la aprobaci\u00f3n del proyecto presentado para la mejora de las veredas de Avenida Hermanos Carrera Oriente, otro requerimiento realizado por los vecinos de la comuna. Por \u00faltimo, se mejorara el cierre perimetral del consultorio Segismundo Iturra Taito, el que incluir\u00e1 un acceso desde dos puntos, para comodidad de los usuarios. El total las obras suman un total aproximado a los $130 millones.<br \/>\nDe lo anterior se puede destacar el alto nivel de gesti\u00f3n demostrado por la administraci\u00f3n del Alcalde Freire, la que en poco m\u00e1s de un a\u00f1o ha concretado parte importante sus objetivos, como evitar la construcci\u00f3n de estacionamientos subterr\u00e1neos que destruyeran el centro de la ciudad y la localizaci\u00f3n definitiva del nuevo Estadio Municipal, logrando con esto, que el grado de participaci\u00f3n de los vecinos en la toma de decisi\u00f3n a nivel ciudad, sea un factor preponderante, hecho que hoy es relevante, en la construcci\u00f3n de una ciudad participativa y con visi\u00f3n de futuro.<br \/>\nSeg\u00fan lo se\u00f1alado por Jorge Jara Catal\u00e1n, Alcalde (S) de la Municipalidad de San Felipe, con estas medidas, \u00abNuestro Alcalde Patricio Freire responde a la confianza depositada por la ciudadan\u00eda en la \u00faltimas elecciones, esperando que la pr\u00f3xima semana, cuando asuma el Alcalde Freire, se re\u00fana con los comerciantes para entregarles, personalmente, detalles del proyecto\u00bb.<\/p>\n<div class=\"tiled-gallery type-rectangular tiled-gallery-unresized\" data-original-width=\"640\" data-carousel-extra='null' itemscope itemtype=\"http:\/\/schema.org\/ImageGallery\" > <div class=\"gallery-row\" style=\"width: 640px; height: 425px;\" data-original-width=\"640\" data-original-height=\"425\" > <div class=\"gallery-group images-1\" style=\"width: 319px; height: 425px;\" data-original-width=\"319\" data-original-height=\"425\" > <div class=\"tiled-gallery-item tiled-gallery-item-large\" itemprop=\"associatedMedia\" itemscope itemtype=\"http:\/\/schema.org\/ImageObject\"> <a href=\"https:\/\/eltrabajo.cl\/portal\/municipalidad-inicia-proceso-para-sacar-a-comerciantes-de-la-terraza\/jorge-jara-10\/\" border=\"0\" itemprop=\"url\"> <meta itemprop=\"width\" content=\"315\"> <meta itemprop=\"height\" content=\"421\"> <img decoding=\"async\" class=\"\" data-attachment-id=\"43064\" data-orig-file=\"https:\/\/eltrabajo.cl\/portal\/wp-content\/uploads\/2014\/02\/Jorge-Jara-e1392304972580.jpg\" data-orig-size=\"300,401\" data-comments-opened=\"1\" data-image-meta=\"{&quot;aperture&quot;:&quot;9&quot;,&quot;credit&quot;:&quot;&quot;,&quot;camera&quot;:&quot;Canon EOS REBEL T3i&quot;,&quot;caption&quot;:&quot;&quot;,&quot;created_timestamp&quot;:&quot;1296066630&quot;,&quot;copyright&quot;:&quot;&quot;,&quot;focal_length&quot;:&quot;27&quot;,&quot;iso&quot;:&quot;1600&quot;,&quot;shutter_speed&quot;:&quot;0.004&quot;,&quot;title&quot;:&quot;&quot;}\" data-image-title=\"Jorge Jara\" data-image-description=\"&lt;p&gt;El alcalde (S) de San Felipe, Jorge Jara, se\u00f1al\u00f3 que esperan durante el mes aniversario de la comuna, entregar al uso p\u00fablico, la terraza de la Plaza de Armas. &lt;\/p&gt; \" data-medium-file=\"https:\/\/i0.wp.com\/eltrabajo.cl\/portal\/wp-content\/uploads\/2014\/02\/Jorge-Jara-e1392304972580.jpg?fit=224%2C300&#038;ssl=1\" data-large-file=\"https:\/\/i0.wp.com\/eltrabajo.cl\/portal\/wp-content\/uploads\/2014\/02\/Jorge-Jara-e1392304972580.jpg?fit=300%2C401&#038;ssl=1\" src=\"https:\/\/i0.wp.com\/eltrabajo.cl\/portal\/wp-content\/uploads\/2014\/02\/Jorge-Jara-e1392304972580.jpg?w=315&#038;h=421&#038;ssl=1\" width=\"315\" height=\"421\" loading=\"lazy\" data-original-width=\"315\" data-original-height=\"421\" itemprop=\"http:\/\/schema.org\/image\" title=\"Jorge Jara\" alt=\"El alcalde (S) de San Felipe, Jorge Jara, se\u00f1al\u00f3 que esperan durante el mes aniversario de la comuna, entregar al uso p\u00fablico, la terraza de la Plaza de Armas.\" style=\"width: 315px; height: 421px;\" \/> <\/a> <div class=\"tiled-gallery-caption\" itemprop=\"caption description\"> El alcalde (S) de San Felipe, Jorge Jara, se\u00f1al\u00f3 que esperan durante el mes aniversario de la comuna, entregar al uso p\u00fablico, la terraza de la Plaza de Armas. <\/div> <\/div> <\/div> <!-- close group --> <div class=\"gallery-group images-2\" style=\"width: 321px; height: 425px;\" data-original-width=\"321\" data-original-height=\"425\" > <div class=\"tiled-gallery-item tiled-gallery-item-large\" itemprop=\"associatedMedia\" itemscope itemtype=\"http:\/\/schema.org\/ImageObject\"> <a href=\"https:\/\/eltrabajo.cl\/portal\/municipalidad-inicia-proceso-para-sacar-a-comerciantes-de-la-terraza\/estado-de-la-terraza\/\" border=\"0\" itemprop=\"url\"> <meta itemprop=\"width\" content=\"317\"> <meta itemprop=\"height\" content=\"212\"> <img decoding=\"async\" class=\"\" data-attachment-id=\"43065\" data-orig-file=\"https:\/\/eltrabajo.cl\/portal\/wp-content\/uploads\/2014\/02\/Estado-de-la-Terraza.jpg\" data-orig-size=\"529,353\" data-comments-opened=\"1\" data-image-meta=\"{&quot;aperture&quot;:&quot;5&quot;,&quot;credit&quot;:&quot;&quot;,&quot;camera&quot;:&quot;Canon EOS REBEL T3i&quot;,&quot;caption&quot;:&quot;&quot;,&quot;created_timestamp&quot;:&quot;1296066481&quot;,&quot;copyright&quot;:&quot;&quot;,&quot;focal_length&quot;:&quot;18&quot;,&quot;iso&quot;:&quot;1600&quot;,&quot;shutter_speed&quot;:&quot;0.016666666666667&quot;,&quot;title&quot;:&quot;&quot;}\" data-image-title=\"Estado de la Terraza\" data-image-description=\"&lt;p&gt;Definitivamente las condiciones est\u00e9ticas de la terraza en la actualidad, no son las mejores. &lt;\/p&gt; \" data-medium-file=\"https:\/\/i0.wp.com\/eltrabajo.cl\/portal\/wp-content\/uploads\/2014\/02\/Estado-de-la-Terraza.jpg?fit=300%2C200&#038;ssl=1\" data-large-file=\"https:\/\/i0.wp.com\/eltrabajo.cl\/portal\/wp-content\/uploads\/2014\/02\/Estado-de-la-Terraza.jpg?fit=529%2C353&#038;ssl=1\" src=\"https:\/\/i0.wp.com\/eltrabajo.cl\/portal\/wp-content\/uploads\/2014\/02\/Estado-de-la-Terraza.jpg?w=317&#038;h=212&#038;ssl=1\" srcset=\"https:\/\/i0.wp.com\/eltrabajo.cl\/portal\/wp-content\/uploads\/2014\/02\/Estado-de-la-Terraza.jpg?w=529&amp;ssl=1 529w, https:\/\/i0.wp.com\/eltrabajo.cl\/portal\/wp-content\/uploads\/2014\/02\/Estado-de-la-Terraza.jpg?resize=200%2C133&amp;ssl=1 200w, https:\/\/i0.wp.com\/eltrabajo.cl\/portal\/wp-content\/uploads\/2014\/02\/Estado-de-la-Terraza.jpg?resize=300%2C200&amp;ssl=1 300w, https:\/\/i0.wp.com\/eltrabajo.cl\/portal\/wp-content\/uploads\/2014\/02\/Estado-de-la-Terraza.jpg?resize=150%2C100&amp;ssl=1 150w, https:\/\/i0.wp.com\/eltrabajo.cl\/portal\/wp-content\/uploads\/2014\/02\/Estado-de-la-Terraza.jpg?resize=400%2C266&amp;ssl=1 400w\" width=\"317\" height=\"212\" loading=\"lazy\" data-original-width=\"317\" data-original-height=\"212\" itemprop=\"http:\/\/schema.org\/image\" title=\"Estado de la Terraza\" alt=\"Definitivamente las condiciones est\u00e9ticas de la terraza en la actualidad, no son las mejores.\" style=\"width: 317px; height: 212px;\" \/> <\/a> <div class=\"tiled-gallery-caption\" itemprop=\"caption description\"> Definitivamente las condiciones est\u00e9ticas de la terraza en la actualidad, no son las mejores. <\/div> <\/div> <div class=\"tiled-gallery-item tiled-gallery-item-large\" itemprop=\"associatedMedia\" itemscope itemtype=\"http:\/\/schema.org\/ImageObject\"> <a href=\"https:\/\/eltrabajo.cl\/portal\/municipalidad-inicia-proceso-para-sacar-a-comerciantes-de-la-terraza\/feria-artesanal\/\" border=\"0\" itemprop=\"url\"> <meta itemprop=\"width\" content=\"317\"> <meta itemprop=\"height\" content=\"205\"> <img decoding=\"async\" class=\"\" data-attachment-id=\"43066\" data-orig-file=\"https:\/\/eltrabajo.cl\/portal\/wp-content\/uploads\/2014\/02\/Feria-Artesanal.jpg\" data-orig-size=\"529,342\" data-comments-opened=\"1\" data-image-meta=\"{&quot;aperture&quot;:&quot;10&quot;,&quot;credit&quot;:&quot;&quot;,&quot;camera&quot;:&quot;Canon EOS REBEL T3i&quot;,&quot;caption&quot;:&quot;&quot;,&quot;created_timestamp&quot;:&quot;1296066544&quot;,&quot;copyright&quot;:&quot;&quot;,&quot;focal_length&quot;:&quot;18&quot;,&quot;iso&quot;:&quot;1600&quot;,&quot;shutter_speed&quot;:&quot;0.003125&quot;,&quot;title&quot;:&quot;&quot;}\" data-image-title=\"Feria Artesanal\" data-image-description=\"&lt;p&gt;La terraza de la Plaza de Armas ha estado ocupada por a\u00f1os por 24 artesanos, que si bien pagan al municipio por el uso de este espacio, de igual manera son criticados por la utilizaci\u00f3n de este espacio.&lt;\/p&gt; \" data-medium-file=\"https:\/\/i0.wp.com\/eltrabajo.cl\/portal\/wp-content\/uploads\/2014\/02\/Feria-Artesanal.jpg?fit=300%2C193&#038;ssl=1\" data-large-file=\"https:\/\/i0.wp.com\/eltrabajo.cl\/portal\/wp-content\/uploads\/2014\/02\/Feria-Artesanal.jpg?fit=529%2C342&#038;ssl=1\" src=\"https:\/\/i0.wp.com\/eltrabajo.cl\/portal\/wp-content\/uploads\/2014\/02\/Feria-Artesanal.jpg?w=317&#038;h=205&#038;ssl=1\" srcset=\"https:\/\/i0.wp.com\/eltrabajo.cl\/portal\/wp-content\/uploads\/2014\/02\/Feria-Artesanal.jpg?w=529&amp;ssl=1 529w, https:\/\/i0.wp.com\/eltrabajo.cl\/portal\/wp-content\/uploads\/2014\/02\/Feria-Artesanal.jpg?resize=200%2C129&amp;ssl=1 200w, https:\/\/i0.wp.com\/eltrabajo.cl\/portal\/wp-content\/uploads\/2014\/02\/Feria-Artesanal.jpg?resize=300%2C193&amp;ssl=1 300w, https:\/\/i0.wp.com\/eltrabajo.cl\/portal\/wp-content\/uploads\/2014\/02\/Feria-Artesanal.jpg?resize=150%2C96&amp;ssl=1 150w, https:\/\/i0.wp.com\/eltrabajo.cl\/portal\/wp-content\/uploads\/2014\/02\/Feria-Artesanal.jpg?resize=400%2C258&amp;ssl=1 400w\" width=\"317\" height=\"205\" loading=\"lazy\" data-original-width=\"317\" data-original-height=\"205\" itemprop=\"http:\/\/schema.org\/image\" title=\"Feria Artesanal\" alt=\"La terraza de la Plaza de Armas ha estado ocupada por a\u00f1os por 24 artesanos, que si bien pagan al municipio por el uso de este espacio, de igual manera son criticados por la utilizaci\u00f3n de este espacio.\" style=\"width: 317px; height: 205px;\" \/> <\/a> <div class=\"tiled-gallery-caption\" itemprop=\"caption description\"> La terraza de la Plaza de Armas ha estado ocupada por a\u00f1os por 24 artesanos, que si bien pagan al municipio por el uso de este espacio, de igual manera son criticados por la utilizaci\u00f3n de este espacio. <\/div> <\/div> <\/div> <!-- close group --> <\/div> <!-- close row --> <\/div>\n","protected":false},"excerpt":{"rendered":"<p>Licitan proyecto para construir paseo artesanal. Una gran noticia fue dada a conocer en horas de esta ma\u00f1ana de ayer mi\u00e9rcoles en la plaza de armas San Felipe, la noticia se\u00f1ala que&#8230;<\/p>\n","protected":false},"author":1,"featured_media":43065,"comment_status":"open","ping_status":"closed","sticky":false,"template":"","format":"standard","meta":{"advanced_seo_description":"","jetpack_seo_html_title":"","jetpack_seo_noindex":false,"_jetpack_memberships_contains_paid_content":false,"footnotes":""},"categories":[15],"tags":[],"class_list":["post-43063","post","type-post","status-publish","format-standard","has-post-thumbnail","hentry","category-comunidad"],"jetpack_featured_media_url":"https:\/\/i0.wp.com\/eltrabajo.cl\/portal\/wp-content\/uploads\/2014\/02\/Estado-de-la-Terraza.jpg?fit=529%2C353&ssl=1","jetpack_sharing_enabled":true,"jetpack_likes_enabled":true,"jetpack-related-posts":[],"_links":{"self":[{"href":"https:\/\/eltrabajo.cl\/portal\/wp-json\/wp\/v2\/posts\/43063","targetHints":{"allow":["GET"]}}],"collection":[{"href":"https:\/\/eltrabajo.cl\/portal\/wp-json\/wp\/v2\/posts"}],"about":[{"href":"https:\/\/eltrabajo.cl\/portal\/wp-json\/wp\/v2\/types\/post"}],"author":[{"embeddable":true,"href":"https:\/\/eltrabajo.cl\/portal\/wp-json\/wp\/v2\/users\/1"}],"replies":[{"embeddable":true,"href":"https:\/\/eltrabajo.cl\/portal\/wp-json\/wp\/v2\/comments?post=43063"}],"version-history":[{"count":0,"href":"https:\/\/eltrabajo.cl\/portal\/wp-json\/wp\/v2\/posts\/43063\/revisions"}],"wp:featuredmedia":[{"embeddable":true,"href":"https:\/\/eltrabajo.cl\/portal\/wp-json\/wp\/v2\/media\/43065"}],"wp:attachment":[{"href":"https:\/\/eltrabajo.cl\/portal\/wp-json\/wp\/v2\/media?parent=43063"}],"wp:term":[{"taxonomy":"category","embeddable":true,"href":"https:\/\/eltrabajo.cl\/portal\/wp-json\/wp\/v2\/categories?post=43063"},{"taxonomy":"post_tag","embeddable":true,"href":"https:\/\/eltrabajo.cl\/portal\/wp-json\/wp\/v2\/tags?post=43063"}],"curies":[{"name":"wp","href":"https:\/\/api.w.org\/{rel}","templated":true}]}}