{"id":43158,"date":"2014-02-17T09:00:21","date_gmt":"2014-02-17T12:00:21","guid":{"rendered":"http:\/\/www.eltrabajo.cl\/portal\/?p=43158"},"modified":"2014-02-17T09:19:37","modified_gmt":"2014-02-17T12:19:37","slug":"conductor-municipal-se-acoge-a-retiro-tras-42-anos-de-servicio-publico","status":"publish","type":"post","link":"https:\/\/eltrabajo.cl\/portal\/conductor-municipal-se-acoge-a-retiro-tras-42-anos-de-servicio-publico\/","title":{"rendered":"Conocido conductor municipal se acoge a retiro tras 42 a\u00f1os de servicio"},"content":{"rendered":"<figure id=\"attachment_43159\" aria-describedby=\"caption-attachment-43159\" style=\"width: 300px\" class=\"wp-caption alignleft\"><a href=\"http:\/\/www.eltrabajo.cl\/portal\/2014\/02\/conductor-municipal-se-acoge-a-retiro-tras-42-anos-de-servicio-publico\/roberto-gonzalez\/\" rel=\"attachment wp-att-43159\"><img data-recalc-dims=\"1\" loading=\"lazy\" decoding=\"async\" class=\"size-medium wp-image-43159\" alt=\"Roberto Gonz\u00e1lez trabaj\u00f3 42 a\u00f1os como funcionario de la Municipalidad de San Felipe. \" src=\"https:\/\/i0.wp.com\/www.eltrabajo.cl\/portal\/wp-content\/uploads\/2014\/02\/Roberto-Gonzalez-300x276.jpg?resize=300%2C276\" width=\"300\" height=\"276\" srcset=\"https:\/\/i0.wp.com\/eltrabajo.cl\/portal\/wp-content\/uploads\/2014\/02\/Roberto-Gonzalez.jpg?resize=300%2C276&amp;ssl=1 300w, https:\/\/i0.wp.com\/eltrabajo.cl\/portal\/wp-content\/uploads\/2014\/02\/Roberto-Gonzalez.jpg?resize=162%2C150&amp;ssl=1 162w, https:\/\/i0.wp.com\/eltrabajo.cl\/portal\/wp-content\/uploads\/2014\/02\/Roberto-Gonzalez.jpg?resize=150%2C138&amp;ssl=1 150w, https:\/\/i0.wp.com\/eltrabajo.cl\/portal\/wp-content\/uploads\/2014\/02\/Roberto-Gonzalez.jpg?resize=400%2C368&amp;ssl=1 400w, https:\/\/i0.wp.com\/eltrabajo.cl\/portal\/wp-content\/uploads\/2014\/02\/Roberto-Gonzalez.jpg?w=529&amp;ssl=1 529w\" sizes=\"auto, (max-width: 300px) 100vw, 300px\" \/><\/a><figcaption id=\"caption-attachment-43159\" class=\"wp-caption-text\">Roberto Gonz\u00e1lez trabaj\u00f3 42 a\u00f1os como funcionario de la Municipalidad de San Felipe.<\/figcaption><\/figure>\n<p>\u2018De a dulce y de agraz\u2019. As\u00ed califica su paso por la Municipalidad de San Felipe, el funcionario Roberto Gonz\u00e1lez, quien luego de 42 a\u00f1os de servicio p\u00fablico, este viernes se acogi\u00f3 a retiro voluntario, realizando su \u00faltima labor para el \u00e1rea de Comunicaciones de la corporaci\u00f3n, trasladando a los periodistas y reporteros al sector de Calle Ortiz. Roberto Gonz\u00e1lez lleg\u00f3 al municipio con 23 a\u00f1os de edad. Ya se hab\u00eda casado y entonces la labor era bastante m\u00e1s sacrificada que ahora, ya que por ejemplo, las horas extraordinarias de trabajo no eran canceladas, como tampoco hab\u00eda bonos, ni gratificaciones.<br \/>\nPese a esto, el funcionario municipal realizaba su labor con alegr\u00eda y mucho gusto. Era para \u00e9l un orgullo desempe\u00f1arse en este servicio p\u00fablico, reconociendo eso s\u00ed, que la ciudad de San Felipe era muy diferente.<br \/>\n\u00abLa poblaci\u00f3n era m\u00e1s peque\u00f1a y claro, los sectores poblados tambi\u00e9n. Hab\u00eda muy pocas poblaciones, as\u00ed que viv\u00ed todo el proceso de crecimiento de San Felipe, cada inauguraci\u00f3n de nuevas villas, cada construcci\u00f3n, conozco cada pasaje, cada calle. S\u00e9 d\u00f3nde est\u00e1 cada lugar de la comuna, porque fui conoci\u00e9ndolo desde su creaci\u00f3n\u00bb, cont\u00f3 a Diario El Trabajo Roberto Gonz\u00e1lez.<br \/>\nAs\u00ed tambi\u00e9n, fueron muchos los alcaldes con los que tuvo la oportunidad de trabajar. Partiendo por Juan Fuentes Gallardo, hasta este 2014, en que el municipio es liderado por Patricio Freire Canto. Esto signific\u00f3 que le tocara tambi\u00e9n vivir todo el per\u00edodo de Dictadura Militar, partiendo por el Golpe de Estado. Cuenta que al asumir el poder el Ej\u00e9rcito los veh\u00edculos municipales eran utilizados para fines castrenses.<\/p>\n<p>MUCHO SACRIFICIO<br \/>\n\u00abMuchos camiones fueron requisados por el Regimiento Yungay, entonces yo pas\u00e9 a trabajar para el Ej\u00e9rcito, aunque me pagaba el sueldo la municipalidad. Fue un per\u00edodo sacrificado, pero fueron m\u00e1s los a\u00f1os en que me los pas\u00e9 sin ver a mis hijas (3), ya que el trabajo ac\u00e1 significaba estar disponible todo el tiempo, entonces a mis hijas las ve\u00eda durmiendo en las ma\u00f1anas cuando sal\u00eda y durmiendo en las noches cuando regresaba. Me perd\u00ed toda su infancia\u00bb, cuenta el chofer municipal.<br \/>\nSi de an\u00e9cdotas se trata, Gonz\u00e1lez coment\u00f3 que son much\u00edsimas, pero recuerda con cari\u00f1o la \u00e9poca de Juan Fuentes, cuando el municipio s\u00f3lo ten\u00eda camiones destinados a la recolecci\u00f3n de basura.<br \/>\n\u00abA veces el alcalde me mandaba a buscar alg\u00fan galvano o premio a Vi\u00f1a del Mar o a Santiago. Entonces hab\u00eda que ir en el cami\u00f3n de la basura, as\u00ed que yo lo lavaba muy bien, lo dejaba lo m\u00e1s limpio posible y part\u00eda a lugares como el Casino. Ac\u00e1 lleg\u00f3 el primer veh\u00edculo chico, despu\u00e9s del Golpe. Lleg\u00f3 al municipio un Renault del a\u00f1o 1973, que era de propiedad de la secretaria de Salvador Allende, ese fue el primer auto que tuvo la municipalidad, porque hasta entonces, eran puros camiones\u00bb, manifest\u00f3 Gonz\u00e1lez.<br \/>\nGonz\u00e1lez dice estar agradecido del servicio p\u00fablico, porque tuvo la ocasi\u00f3n de conocer a mucha gente buena, compartir con excelentes compa\u00f1eros de trabajo y dedicarse a realizar un trabajo que si bien muchos no reconocen, tiene un valor important\u00edsimo en el quehacer municipal.<br \/>\nDon Roberto no ten\u00eda ganas de hablar con los medios. Dijo que le costaba expresar sus sentimientos. Sin embargo al rato volvi\u00f3 y dijo que pod\u00eda contar algunas an\u00e9cdotas. Fue as\u00ed como termin\u00f3 hablando de diferentes aspectos de su carrera municipal. Fueron 42 a\u00f1os de servicio p\u00fablico y aunque podr\u00eda pensarse que Roberto Gonz\u00e1lez se dedicar\u00e1 ahora a descansar, lo cierto es que desea continuar trabajando. Luego de sus vacaciones, tiene contemplado comprarse un autom\u00f3vil e incorporarse como taxista en las calles de San Felipe. Total, se las conoce de memoria.<\/p>\n","protected":false},"excerpt":{"rendered":"<p>\u2018De a dulce y de agraz\u2019. As\u00ed califica su paso por la Municipalidad de San Felipe, el funcionario Roberto Gonz\u00e1lez, quien luego de 42 a\u00f1os de servicio p\u00fablico, este viernes se acogi\u00f3&#8230;<\/p>\n","protected":false},"author":1,"featured_media":43159,"comment_status":"open","ping_status":"closed","sticky":false,"template":"","format":"standard","meta":{"advanced_seo_description":"","jetpack_seo_html_title":"","jetpack_seo_noindex":false,"_jetpack_memberships_contains_paid_content":false,"footnotes":""},"categories":[15],"tags":[],"class_list":["post-43158","post","type-post","status-publish","format-standard","has-post-thumbnail","hentry","category-comunidad"],"jetpack_featured_media_url":"https:\/\/i0.wp.com\/eltrabajo.cl\/portal\/wp-content\/uploads\/2014\/02\/Roberto-Gonzalez.jpg?fit=529%2C488&ssl=1","jetpack_sharing_enabled":true,"jetpack_likes_enabled":true,"jetpack-related-posts":[],"_links":{"self":[{"href":"https:\/\/eltrabajo.cl\/portal\/wp-json\/wp\/v2\/posts\/43158","targetHints":{"allow":["GET"]}}],"collection":[{"href":"https:\/\/eltrabajo.cl\/portal\/wp-json\/wp\/v2\/posts"}],"about":[{"href":"https:\/\/eltrabajo.cl\/portal\/wp-json\/wp\/v2\/types\/post"}],"author":[{"embeddable":true,"href":"https:\/\/eltrabajo.cl\/portal\/wp-json\/wp\/v2\/users\/1"}],"replies":[{"embeddable":true,"href":"https:\/\/eltrabajo.cl\/portal\/wp-json\/wp\/v2\/comments?post=43158"}],"version-history":[{"count":0,"href":"https:\/\/eltrabajo.cl\/portal\/wp-json\/wp\/v2\/posts\/43158\/revisions"}],"wp:featuredmedia":[{"embeddable":true,"href":"https:\/\/eltrabajo.cl\/portal\/wp-json\/wp\/v2\/media\/43159"}],"wp:attachment":[{"href":"https:\/\/eltrabajo.cl\/portal\/wp-json\/wp\/v2\/media?parent=43158"}],"wp:term":[{"taxonomy":"category","embeddable":true,"href":"https:\/\/eltrabajo.cl\/portal\/wp-json\/wp\/v2\/categories?post=43158"},{"taxonomy":"post_tag","embeddable":true,"href":"https:\/\/eltrabajo.cl\/portal\/wp-json\/wp\/v2\/tags?post=43158"}],"curies":[{"name":"wp","href":"https:\/\/api.w.org\/{rel}","templated":true}]}}