{"id":43203,"date":"2014-02-18T09:34:34","date_gmt":"2014-02-18T12:34:34","guid":{"rendered":"http:\/\/www.eltrabajo.cl\/portal\/?p=43203"},"modified":"2014-02-18T09:34:45","modified_gmt":"2014-02-18T12:34:45","slug":"artista-sanfelipeno-gano-el-primer-festival-de-muralismo-2014","status":"publish","type":"post","link":"https:\/\/eltrabajo.cl\/portal\/artista-sanfelipeno-gano-el-primer-festival-de-muralismo-2014\/","title":{"rendered":"Artista sanfelipe\u00f1o gan\u00f3 el primer Festival de muralismo 2014"},"content":{"rendered":"<figure id=\"attachment_43205\" aria-describedby=\"caption-attachment-43205\" style=\"width: 300px\" class=\"wp-caption alignleft\"><a href=\"http:\/\/www.eltrabajo.cl\/portal\/2014\/02\/artista-sanfelipeno-gano-el-primer-festival-de-muralismo-2014\/allan-salinas\/\" rel=\"attachment wp-att-43205\"><img data-recalc-dims=\"1\" loading=\"lazy\" decoding=\"async\" class=\"size-medium wp-image-43205\" alt=\"Allan Salinas, ganador del Festival Muralista 2014 de Putaendo.\" src=\"https:\/\/i0.wp.com\/www.eltrabajo.cl\/portal\/wp-content\/uploads\/2014\/02\/Allan-Salinas-300x266.jpg?resize=300%2C266\" width=\"300\" height=\"266\" srcset=\"https:\/\/i0.wp.com\/eltrabajo.cl\/portal\/wp-content\/uploads\/2014\/02\/Allan-Salinas.jpg?resize=300%2C266&amp;ssl=1 300w, https:\/\/i0.wp.com\/eltrabajo.cl\/portal\/wp-content\/uploads\/2014\/02\/Allan-Salinas.jpg?resize=168%2C150&amp;ssl=1 168w, https:\/\/i0.wp.com\/eltrabajo.cl\/portal\/wp-content\/uploads\/2014\/02\/Allan-Salinas.jpg?resize=150%2C133&amp;ssl=1 150w, https:\/\/i0.wp.com\/eltrabajo.cl\/portal\/wp-content\/uploads\/2014\/02\/Allan-Salinas.jpg?resize=400%2C355&amp;ssl=1 400w, https:\/\/i0.wp.com\/eltrabajo.cl\/portal\/wp-content\/uploads\/2014\/02\/Allan-Salinas.jpg?w=529&amp;ssl=1 529w\" sizes=\"auto, (max-width: 300px) 100vw, 300px\" \/><\/a><figcaption id=\"caption-attachment-43205\" class=\"wp-caption-text\">Allan Salinas, ganador del Festival Muralista 2014 de Putaendo.<\/figcaption><\/figure>\n<p><strong>PUTAENDO.-<\/strong> Allan Salinas Saavedra, de San Felipe, con su dise\u00f1o \u2018Tierra de Tesoros\u2019, fue el ganador indiscutido del primer Festival de Muralismo Putaendo 2014, organizado por el colectivo juvenil \u2018Galer\u00eda al Aire Libre\u2019, que dirige Susana Gallardo y el Municipio putaendino, con el patrocinio de Putaendo Uno y Bar 27. Los jurados coincidieron en que su obra balanceaba muy bien las formas con volumen y las planas. Su mural est\u00e1 ubicado por Avenida Ej\u00e9rcito Libertador, casi esquina Chacabuco, en un muro de propiedad de la Sra. Nora Henr\u00edquez, que saltaba de alegr\u00eda al saber que en su muro se quedaba el primer lugar.<\/p>\n<p><strong>DISE\u00d1O ACLAMADO<\/strong><br \/>\nTal fue el gusto que caus\u00f3 la obra de Salinas, que la organizaci\u00f3n del Festival le pidi\u00f3 que extendiese el dise\u00f1o hacia ambos lados, para cubrir otros diez metros, lo que se efectuar\u00e1 en las pr\u00f3ximas semanas.<br \/>\nAllan fue secundado por \u2018su hermano\u2019 -como \u00e9l lo llama- Jos\u00e9 Luis Gonz\u00e1lez. Al conocer el resultado, a eso de las 21:00 horas de este s\u00e1bado, tras una larga jornada de casi doce horas de trabajo continuo, los j\u00f3venes dejaron salir toda su emoci\u00f3n. Dos j\u00f3venes sanfelipe\u00f1os, hijos del esfuerzo. Incluso Allan deb\u00eda partir en las pr\u00f3ximas horas a trabajar a Calama, pero antes pasar\u00e1n este lunes por la Municipalidad de Putaendo para cobrar su premio de $350.000 en la oficina del Alcalde. El joven muralista agradeci\u00f3 el premio se\u00f1alando que \u00abqueremos agradecer esta linda oportunidad que nos han dado a los j\u00f3venes de otras ciudades de poder participar con lo que nos gusta hacer. Amen esto que hacen con sus muros, porque no se hace en otras partes, por lo menos, no en nuestra ciudad\u00bb.<br \/>\nEl segundo lugar se lo llev\u00f3 M\u00e1ximo Aracena, con su obra \u2018Ra\u00edces\u2019 y que se ubica en un muro de Avenida Ej\u00e9rcito Libertador casi al llegar a Eduardo Weggener. El tercer premio fue para Alvaro Reyes y su dise\u00f1o \u2018Putaendo\u2019.<br \/>\nEl festival se inici\u00f3 por la ma\u00f1ana, con una ceremonia de inauguraci\u00f3n que cont\u00f3 con la presencia del Alcalde Guillermo Reyes y otras autoridades, dirigentes, vecinos y amantes del muralismo. En la ocasi\u00f3n se entreg\u00f3 un reconocimiento a mas de 30 gestores de cultura, por su apoyo a la labor muralista que viene realizando \u2018Galer\u00eda al Aire Libre\u2019 hace ya un tiempo, entre los cuales tambi\u00e9n estuvo este medio de comunicaci\u00f3n.<\/p>\n<p><strong>ARTISTAS PRESENTES<\/strong><br \/>\nPara engalanar la ceremonia inaugural, la m\u00fasica y el baile se hicieron presentes, con la participaci\u00f3n del destacado guitarrista putaendino Julio Quijanes, que nuevamente sorprendi\u00f3 a todos con su maestr\u00eda. Luego los j\u00f3venes de \u2018Semillas del Orolonco\u2019 presentaron el colorido cuadro \u00a1Cacharpaya\u2019, haciendo participar al p\u00fablico presente. Para cerrar el acto se present\u00f3 el Grupo Folcl\u00f3rico San Antonio de Putaendo, con sus m\u00fasicos y bailarines en seis piezas de un cuadro de zona central que denominan \u2018Aconcagua Huasa\u2019.<br \/>\nLa sede de la Junta de Vecinos de Villa Mercedes acogi\u00f3 a los pintores y sus ayudantes en los momentos de descanso y especialmente para recibir su bien ganada colaci\u00f3n.<br \/>\nA las 18:00 horas nuevamente lleg\u00f3 el p\u00fablico hasta el escenario al aire libre, para recibir a las bandas que acompa\u00f1aron el trabajo de los muralistas. All\u00ed destac\u00f3 con fuerza un emergente d\u00fao formado por dos j\u00f3venes putaendinos, In\u00e9s Villablanca y Germ\u00e1n Cifuentes. Ellos se hacen llamar simplemente \u2018Germ\u00e1n e In\u00e9s\u2019, pero su humildad se queda corta para mostrar la calidad que exhibieron en su presentaci\u00f3n, tanto Germ\u00e1n en la m\u00fasica, como In\u00e9s en la voz principal, para interpretar temas de V\u00edctor Jara, Silvio Rodr\u00edguez y Elizabeth Morris.<br \/>\nM\u00e1s tarde un grupo consagrado en Aconcagua, De Ron A Ritmo, bajo la direcci\u00f3n de Carlos Gallardo, present\u00f3 temas originales de excelente factura, siempre en la l\u00ednea latinoamericanista que les caracteriza. Todo un agrado escucharlos. A la hora de la premiaci\u00f3n, el Presidente del Jurado, Cristi\u00e1n del Vitto, destac\u00f3 el trabajo realizado por la organizaci\u00f3n \u2018Galer\u00eda Al Aire Libre\u2019 para \u00absacar adelante esta linda iniciativa del Festival, una clara muestra que el arte y la cultura pueden estar en la calle al alcance de todos\u00bb. Otro tanto se\u00f1al\u00f3 Ra\u00fal Orosco, Coordinador General del Movimiento Internacional de Muralistas \u00cdtalo Grassi, con sede en Argentina.<br \/>\nPor su parte, el Alcalde Reyes se\u00f1al\u00f3 que \u00abme siento muy orgulloso del trabajo que Susana (Gallardo) y sus j\u00f3venes han desarrollado. Ahora nuestro desaf\u00edo es seguir buscando m\u00e1s muros por todo Putaendo, para seguir llenando de colores nuestras calles. Nuestra gente se merece disfrutar tambi\u00e9n con esta forma de cultura\u00bb.<br \/>\nSusana Gallardo cerr\u00f3 la jornada agradeciendo la participaci\u00f3n de los j\u00f3venes, el apoyo del municipio y todas las instituciones amigas que colaboraron. Especialmente el esfuerzo realizado por el equipo de jurados que viaj\u00f3 desde Argentina para colaborar en la tarea, relevando el trabajo realizado a un gran sitial.<\/p>\n<div class=\"tiled-gallery type-rectangular tiled-gallery-unresized\" data-original-width=\"640\" data-carousel-extra='null' itemscope itemtype=\"http:\/\/schema.org\/ImageGallery\" > <div class=\"gallery-row\" style=\"width: 640px; height: 306px;\" data-original-width=\"640\" data-original-height=\"306\" > <div class=\"gallery-group images-1\" style=\"width: 402px; height: 306px;\" data-original-width=\"402\" data-original-height=\"306\" > <div class=\"tiled-gallery-item tiled-gallery-item-large\" itemprop=\"associatedMedia\" itemscope itemtype=\"http:\/\/schema.org\/ImageObject\"> <a href=\"https:\/\/eltrabajo.cl\/portal\/artista-sanfelipeno-gano-el-primer-festival-de-muralismo-2014\/mural1-3\/\" border=\"0\" itemprop=\"url\"> <meta itemprop=\"width\" content=\"398\"> <meta itemprop=\"height\" content=\"302\"> <img decoding=\"async\" class=\"\" data-attachment-id=\"43204\" data-orig-file=\"https:\/\/eltrabajo.cl\/portal\/wp-content\/uploads\/2014\/02\/Mural11.jpg\" data-orig-size=\"529,401\" data-comments-opened=\"1\" data-image-meta=\"{&quot;aperture&quot;:&quot;3.1&quot;,&quot;credit&quot;:&quot;&quot;,&quot;camera&quot;:&quot;ST200 \\\/ ST200F \\\/ ST201 \\\/ ST201F \\\/ ST205F&quot;,&quot;caption&quot;:&quot;&quot;,&quot;created_timestamp&quot;:&quot;1392498559&quot;,&quot;copyright&quot;:&quot;COPYRIGHT, 2010&quot;,&quot;focal_length&quot;:&quot;4.9&quot;,&quot;iso&quot;:&quot;640&quot;,&quot;shutter_speed&quot;:&quot;0.033333333333333&quot;,&quot;title&quot;:&quot;&quot;}\" data-image-title=\"Mural1\" data-image-description=\"&lt;p&gt;TIERRA DE TESOROS.- Allan Salinas Saavedra, de San Felipe, con su dise\u00f1o \u2018Tierra de Tesoros\u2019, fue el ganador indiscutido del primer Festival de Muralismo Putaendo 2014.&lt;\/p&gt; \" data-medium-file=\"https:\/\/i0.wp.com\/eltrabajo.cl\/portal\/wp-content\/uploads\/2014\/02\/Mural11.jpg?fit=300%2C227&#038;ssl=1\" data-large-file=\"https:\/\/i0.wp.com\/eltrabajo.cl\/portal\/wp-content\/uploads\/2014\/02\/Mural11.jpg?fit=529%2C401&#038;ssl=1\" src=\"https:\/\/i0.wp.com\/eltrabajo.cl\/portal\/wp-content\/uploads\/2014\/02\/Mural11.jpg?w=398&#038;h=302&#038;ssl=1\" srcset=\"https:\/\/i0.wp.com\/eltrabajo.cl\/portal\/wp-content\/uploads\/2014\/02\/Mural11.jpg?w=529&amp;ssl=1 529w, https:\/\/i0.wp.com\/eltrabajo.cl\/portal\/wp-content\/uploads\/2014\/02\/Mural11.jpg?resize=197%2C150&amp;ssl=1 197w, https:\/\/i0.wp.com\/eltrabajo.cl\/portal\/wp-content\/uploads\/2014\/02\/Mural11.jpg?resize=300%2C227&amp;ssl=1 300w, https:\/\/i0.wp.com\/eltrabajo.cl\/portal\/wp-content\/uploads\/2014\/02\/Mural11.jpg?resize=150%2C113&amp;ssl=1 150w, https:\/\/i0.wp.com\/eltrabajo.cl\/portal\/wp-content\/uploads\/2014\/02\/Mural11.jpg?resize=400%2C303&amp;ssl=1 400w\" width=\"398\" height=\"302\" loading=\"lazy\" data-original-width=\"398\" data-original-height=\"302\" itemprop=\"http:\/\/schema.org\/image\" title=\"Mural1\" alt=\"TIERRA DE TESOROS.- Allan Salinas Saavedra, de San Felipe, con su dise\u00f1o \u2018Tierra de Tesoros\u2019, fue el ganador indiscutido del primer Festival de Muralismo Putaendo 2014.\" style=\"width: 398px; height: 302px;\" \/> <\/a> <div class=\"tiled-gallery-caption\" itemprop=\"caption description\"> TIERRA DE TESOROS.- Allan Salinas Saavedra, de San Felipe, con su dise\u00f1o \u2018Tierra de Tesoros\u2019, fue el ganador indiscutido del primer Festival de Muralismo Putaendo 2014. <\/div> <\/div> <\/div> <!-- close group --> <div class=\"gallery-group images-2\" style=\"width: 238px; height: 306px;\" data-original-width=\"238\" data-original-height=\"306\" > <div class=\"tiled-gallery-item tiled-gallery-item-small\" itemprop=\"associatedMedia\" itemscope itemtype=\"http:\/\/schema.org\/ImageObject\"> <a href=\"https:\/\/eltrabajo.cl\/portal\/artista-sanfelipeno-gano-el-primer-festival-de-muralismo-2014\/ambiente1-2\/\" border=\"0\" itemprop=\"url\"> <meta itemprop=\"width\" content=\"234\"> <meta itemprop=\"height\" content=\"178\"> <img decoding=\"async\" class=\"\" data-attachment-id=\"43206\" data-orig-file=\"https:\/\/eltrabajo.cl\/portal\/wp-content\/uploads\/2014\/02\/Ambiente1.jpg\" data-orig-size=\"529,401\" data-comments-opened=\"1\" data-image-meta=\"{&quot;aperture&quot;:&quot;5&quot;,&quot;credit&quot;:&quot;&quot;,&quot;camera&quot;:&quot;ST200 \\\/ ST200F \\\/ ST201 \\\/ ST201F \\\/ ST205F&quot;,&quot;caption&quot;:&quot;&quot;,&quot;created_timestamp&quot;:&quot;1392465578&quot;,&quot;copyright&quot;:&quot;COPYRIGHT, 2010&quot;,&quot;focal_length&quot;:&quot;15.9&quot;,&quot;iso&quot;:&quot;80&quot;,&quot;shutter_speed&quot;:&quot;0.002&quot;,&quot;title&quot;:&quot;&quot;}\" data-image-title=\"Ambiente1\" data-image-description=\"&lt;p&gt;ALEGRE JORNADA.- El ambiente fue alegre y lleno de artistas amantes de la cueca y el folklore.&lt;\/p&gt; \" data-medium-file=\"https:\/\/i0.wp.com\/eltrabajo.cl\/portal\/wp-content\/uploads\/2014\/02\/Ambiente1.jpg?fit=300%2C227&#038;ssl=1\" data-large-file=\"https:\/\/i0.wp.com\/eltrabajo.cl\/portal\/wp-content\/uploads\/2014\/02\/Ambiente1.jpg?fit=529%2C401&#038;ssl=1\" src=\"https:\/\/i0.wp.com\/eltrabajo.cl\/portal\/wp-content\/uploads\/2014\/02\/Ambiente1.jpg?w=234&#038;h=178&#038;ssl=1\" srcset=\"https:\/\/i0.wp.com\/eltrabajo.cl\/portal\/wp-content\/uploads\/2014\/02\/Ambiente1.jpg?w=529&amp;ssl=1 529w, https:\/\/i0.wp.com\/eltrabajo.cl\/portal\/wp-content\/uploads\/2014\/02\/Ambiente1.jpg?resize=197%2C150&amp;ssl=1 197w, https:\/\/i0.wp.com\/eltrabajo.cl\/portal\/wp-content\/uploads\/2014\/02\/Ambiente1.jpg?resize=300%2C227&amp;ssl=1 300w, https:\/\/i0.wp.com\/eltrabajo.cl\/portal\/wp-content\/uploads\/2014\/02\/Ambiente1.jpg?resize=150%2C113&amp;ssl=1 150w, https:\/\/i0.wp.com\/eltrabajo.cl\/portal\/wp-content\/uploads\/2014\/02\/Ambiente1.jpg?resize=400%2C303&amp;ssl=1 400w\" width=\"234\" height=\"178\" loading=\"lazy\" data-original-width=\"234\" data-original-height=\"178\" itemprop=\"http:\/\/schema.org\/image\" title=\"Ambiente1\" alt=\"ALEGRE JORNADA.- El ambiente fue alegre y lleno de artistas amantes de la cueca y el folklore.\" style=\"width: 234px; height: 178px;\" \/> <\/a> <div class=\"tiled-gallery-caption\" itemprop=\"caption description\"> ALEGRE JORNADA.- El ambiente fue alegre y lleno de artistas amantes de la cueca y el folklore. <\/div> <\/div> <div class=\"tiled-gallery-item tiled-gallery-item-small\" itemprop=\"associatedMedia\" itemscope itemtype=\"http:\/\/schema.org\/ImageObject\"> <a href=\"https:\/\/eltrabajo.cl\/portal\/artista-sanfelipeno-gano-el-primer-festival-de-muralismo-2014\/elenco1\/\" border=\"0\" itemprop=\"url\"> <meta itemprop=\"width\" content=\"234\"> <meta itemprop=\"height\" content=\"120\"> <img decoding=\"async\" class=\"\" data-attachment-id=\"43207\" data-orig-file=\"https:\/\/eltrabajo.cl\/portal\/wp-content\/uploads\/2014\/02\/Elenco1.jpg\" data-orig-size=\"529,272\" data-comments-opened=\"1\" data-image-meta=\"{&quot;aperture&quot;:&quot;3.1&quot;,&quot;credit&quot;:&quot;&quot;,&quot;camera&quot;:&quot;ST200 \\\/ ST200F \\\/ ST201 \\\/ ST201F \\\/ ST205F&quot;,&quot;caption&quot;:&quot;&quot;,&quot;created_timestamp&quot;:&quot;1392497617&quot;,&quot;copyright&quot;:&quot;COPYRIGHT, 2010&quot;,&quot;focal_length&quot;:&quot;4.9&quot;,&quot;iso&quot;:&quot;640&quot;,&quot;shutter_speed&quot;:&quot;0.033333333333333&quot;,&quot;title&quot;:&quot;&quot;}\" data-image-title=\"Elenco1\" data-image-description=\"&lt;p&gt;ORGANIZADORES.- El Alcalde Guillermo Reyes particip\u00f3 activamente en este festival muralista en Putaendo, tambi\u00e9n pag\u00f3 a los ganadores ayer lunes en la ma\u00f1ana.&lt;\/p&gt; \" data-medium-file=\"https:\/\/i0.wp.com\/eltrabajo.cl\/portal\/wp-content\/uploads\/2014\/02\/Elenco1.jpg?fit=300%2C154&#038;ssl=1\" data-large-file=\"https:\/\/i0.wp.com\/eltrabajo.cl\/portal\/wp-content\/uploads\/2014\/02\/Elenco1.jpg?fit=529%2C272&#038;ssl=1\" src=\"https:\/\/i0.wp.com\/eltrabajo.cl\/portal\/wp-content\/uploads\/2014\/02\/Elenco1.jpg?w=234&#038;h=120&#038;ssl=1\" srcset=\"https:\/\/i0.wp.com\/eltrabajo.cl\/portal\/wp-content\/uploads\/2014\/02\/Elenco1.jpg?w=529&amp;ssl=1 529w, https:\/\/i0.wp.com\/eltrabajo.cl\/portal\/wp-content\/uploads\/2014\/02\/Elenco1.jpg?resize=200%2C102&amp;ssl=1 200w, https:\/\/i0.wp.com\/eltrabajo.cl\/portal\/wp-content\/uploads\/2014\/02\/Elenco1.jpg?resize=300%2C154&amp;ssl=1 300w, https:\/\/i0.wp.com\/eltrabajo.cl\/portal\/wp-content\/uploads\/2014\/02\/Elenco1.jpg?resize=150%2C77&amp;ssl=1 150w, https:\/\/i0.wp.com\/eltrabajo.cl\/portal\/wp-content\/uploads\/2014\/02\/Elenco1.jpg?resize=400%2C205&amp;ssl=1 400w\" width=\"234\" height=\"120\" loading=\"lazy\" data-original-width=\"234\" data-original-height=\"120\" itemprop=\"http:\/\/schema.org\/image\" title=\"Elenco1\" alt=\"ORGANIZADORES.- El Alcalde Guillermo Reyes particip\u00f3 activamente en este festival muralista en Putaendo, tambi\u00e9n pag\u00f3 a los ganadores ayer lunes en la ma\u00f1ana.\" style=\"width: 234px; height: 120px;\" \/> <\/a> <div class=\"tiled-gallery-caption\" itemprop=\"caption description\"> ORGANIZADORES.- El Alcalde Guillermo Reyes particip\u00f3 activamente en este festival muralista en Putaendo, tambi\u00e9n pag\u00f3 a los ganadores ayer lunes en la ma\u00f1ana. <\/div> <\/div> <\/div> <!-- close group --> <\/div> <!-- close row --> <\/div>\n","protected":false},"excerpt":{"rendered":"<p>PUTAENDO.- Allan Salinas Saavedra, de San Felipe, con su dise\u00f1o \u2018Tierra de Tesoros\u2019, fue el ganador indiscutido del primer Festival de Muralismo Putaendo 2014, organizado por el colectivo juvenil \u2018Galer\u00eda al Aire&#8230;<\/p>\n","protected":false},"author":1,"featured_media":43205,"comment_status":"open","ping_status":"closed","sticky":false,"template":"","format":"standard","meta":{"advanced_seo_description":"","jetpack_seo_html_title":"","jetpack_seo_noindex":false,"_jetpack_memberships_contains_paid_content":false,"footnotes":""},"categories":[15],"tags":[],"class_list":["post-43203","post","type-post","status-publish","format-standard","has-post-thumbnail","hentry","category-comunidad"],"jetpack_featured_media_url":"https:\/\/i0.wp.com\/eltrabajo.cl\/portal\/wp-content\/uploads\/2014\/02\/Allan-Salinas.jpg?fit=529%2C470&ssl=1","jetpack_sharing_enabled":true,"jetpack_likes_enabled":true,"jetpack-related-posts":[],"_links":{"self":[{"href":"https:\/\/eltrabajo.cl\/portal\/wp-json\/wp\/v2\/posts\/43203","targetHints":{"allow":["GET"]}}],"collection":[{"href":"https:\/\/eltrabajo.cl\/portal\/wp-json\/wp\/v2\/posts"}],"about":[{"href":"https:\/\/eltrabajo.cl\/portal\/wp-json\/wp\/v2\/types\/post"}],"author":[{"embeddable":true,"href":"https:\/\/eltrabajo.cl\/portal\/wp-json\/wp\/v2\/users\/1"}],"replies":[{"embeddable":true,"href":"https:\/\/eltrabajo.cl\/portal\/wp-json\/wp\/v2\/comments?post=43203"}],"version-history":[{"count":0,"href":"https:\/\/eltrabajo.cl\/portal\/wp-json\/wp\/v2\/posts\/43203\/revisions"}],"wp:featuredmedia":[{"embeddable":true,"href":"https:\/\/eltrabajo.cl\/portal\/wp-json\/wp\/v2\/media\/43205"}],"wp:attachment":[{"href":"https:\/\/eltrabajo.cl\/portal\/wp-json\/wp\/v2\/media?parent=43203"}],"wp:term":[{"taxonomy":"category","embeddable":true,"href":"https:\/\/eltrabajo.cl\/portal\/wp-json\/wp\/v2\/categories?post=43203"},{"taxonomy":"post_tag","embeddable":true,"href":"https:\/\/eltrabajo.cl\/portal\/wp-json\/wp\/v2\/tags?post=43203"}],"curies":[{"name":"wp","href":"https:\/\/api.w.org\/{rel}","templated":true}]}}