{"id":43210,"date":"2014-02-18T09:39:56","date_gmt":"2014-02-18T12:39:56","guid":{"rendered":"http:\/\/www.eltrabajo.cl\/portal\/?p=43210"},"modified":"2014-02-18T09:39:56","modified_gmt":"2014-02-18T12:39:56","slug":"todo-un-exito-resulto-tour-patrimonial-a-los-tumulos-de-bellavista","status":"publish","type":"post","link":"https:\/\/eltrabajo.cl\/portal\/todo-un-exito-resulto-tour-patrimonial-a-los-tumulos-de-bellavista\/","title":{"rendered":"Todo un \u00e9xito result\u00f3 Tour Patrimonial a los t\u00famulos de Bellavista"},"content":{"rendered":"<p>Saber la importancia de un sitio arqueol\u00f3gico y que est\u00e1 m\u00e1s cerca de lo que la gente imagina, adem\u00e1s de conocerlo en terreno, eran algunos de los objetivos del tour patrimonial a los T\u00famulos de Bellavista, que se realiz\u00f3 este domingo 16 de febrero y cumpli\u00f3 plenamente su objetivo. La cita era a las 10:00 horas y el punto de encuentro fue la Plaza C\u00edvica de San Felipe, hasta donde llegaron m\u00e1s de 40 personas, entre adultos y ni\u00f1os, varias familias completas, quienes estaban entusiasmados por comenzar el recorrido.<br \/>\nLuego de un viaje de algunos minutos, los participantes comenzaron el recorrido hasta uno de los cerros en el sector de Bellavista, caminando por alrededor de 30 minutos, donde pudieron conocer la forma en que los integrantes de la cultura Aconcagua sepultaban a las personas.<br \/>\n\u00abLas personas vieron este cementerio de t\u00famulos, que son estas protuberancias de tierra que hac\u00edan para enterrar los de la cultura Aconcagua, tambi\u00e9n aprendieron que no hab\u00eda un solo tipo de ser humano que viv\u00eda ac\u00e1, sino que eran culturas inter-digitadas que compart\u00edan ciertos trueques, pero no compart\u00edan todas sus costumbres\u00bb, dijo Roberto Mercado, el gu\u00eda de la visita al lugar.<br \/>\nLos t\u00famulos de Bellavista constituyen el lugar donde los integrantes de la cultura Aconcagua enterraban a las personas, de manera extendida y con ofrendas como alimentos, con su vestuario o sus joyas. Y para conocer m\u00e1s de este tema es que la actividad fue organizada por el Departamento de Cultura de la Municipalidad de San Felipe, que buscaba rescatar parte de la historia de nuestra zona, tal como es el objetivo del Alcalde Patricio Freire.<br \/>\n\u00abEsto da la posibilidad de que los sanfelipe\u00f1os conozcan que en la comuna hay sitios arqueol\u00f3gicos e hist\u00f3ricos que son relevantes y la idea es promover que conozcamos nuestro entorno y nuestras ra\u00edces\u00bb, se\u00f1al\u00f3 el Coordinador de Cultura, Ricardo Ruiz.<br \/>\nLos asistentes participaron activamente en el recorrido, aportando informaci\u00f3n o realizando preguntas en los distintos lugares que visitaban, acerca de la historia del sector y calificaron la actividad como muy positiva, ya que les permiti\u00f3 saber de la comuna donde viven, se\u00f1alando que muchas veces han recorrido el valle sin conocer en profundidad cada sector.<br \/>\nPara Mariela Contreras fue una experiencia muy enriquecedora. \u00abFue una experiencia muy rica venir, conocer algo m\u00e1s de la cultura del lugar donde nacimos, porque no ten\u00eda conocimiento de este cementerio, ni de las costumbres, es un paseo agradable y se conoce gente de la zona\u00bb. Una opini\u00f3n similar manifest\u00f3 Carlos Arellano, quien destac\u00f3 la presencia de personas de distintas edades. \u00abS\u00faper bonita experiencia, harta cultura, estamos tan cerca de zonas patrimoniales, las vemos a diario y no tenemos idea de que se tratan, la idea es que se sigan haciendo estas actividades y es interesante ver personas de todas las edades\u00bb.<br \/>\nEl tour patrimonial se continuar\u00e1 realizando en las pr\u00f3ximas semanas, con recorridos en distintos sectores y los interesados en participar deben inscribirse en el mail cultura@sanfe.cl \u00f3 al Fono 250 9082.<\/p>\n<div class=\"tiled-gallery type-rectangular tiled-gallery-unresized\" data-original-width=\"640\" data-carousel-extra='null' itemscope itemtype=\"http:\/\/schema.org\/ImageGallery\" > <div class=\"gallery-row\" style=\"width: 640px; height: 99px;\" data-original-width=\"640\" data-original-height=\"99\" > <div class=\"gallery-group images-1\" style=\"width: 172px; height: 99px;\" data-original-width=\"172\" data-original-height=\"99\" > <div class=\"tiled-gallery-item tiled-gallery-item-small\" itemprop=\"associatedMedia\" itemscope itemtype=\"http:\/\/schema.org\/ImageObject\"> <a href=\"https:\/\/eltrabajo.cl\/portal\/todo-un-exito-resulto-tour-patrimonial-a-los-tumulos-de-bellavista\/tumulos1\/\" border=\"0\" itemprop=\"url\"> <meta itemprop=\"width\" content=\"168\"> <meta itemprop=\"height\" content=\"95\"> <img decoding=\"async\" class=\"\" data-attachment-id=\"43212\" data-orig-file=\"https:\/\/eltrabajo.cl\/portal\/wp-content\/uploads\/2014\/02\/tumulos1.jpg\" data-orig-size=\"528,300\" data-comments-opened=\"1\" data-image-meta=\"{&quot;aperture&quot;:&quot;8&quot;,&quot;credit&quot;:&quot;&quot;,&quot;camera&quot;:&quot;DMC-FZ20&quot;,&quot;caption&quot;:&quot;&quot;,&quot;created_timestamp&quot;:&quot;1392552351&quot;,&quot;copyright&quot;:&quot;&quot;,&quot;focal_length&quot;:&quot;24.8&quot;,&quot;iso&quot;:&quot;100&quot;,&quot;shutter_speed&quot;:&quot;0.005&quot;,&quot;title&quot;:&quot;&quot;}\" data-image-title=\"tumulos1\" data-image-description=\"&lt;p&gt;Los t\u00famulos de Bellavista constituyen el lugar donde los integrantes de la cultura Aconcagua enterraban a las personas.&lt;\/p&gt; \" data-medium-file=\"https:\/\/i0.wp.com\/eltrabajo.cl\/portal\/wp-content\/uploads\/2014\/02\/tumulos1.jpg?fit=300%2C170&#038;ssl=1\" data-large-file=\"https:\/\/i0.wp.com\/eltrabajo.cl\/portal\/wp-content\/uploads\/2014\/02\/tumulos1.jpg?fit=528%2C300&#038;ssl=1\" src=\"https:\/\/i0.wp.com\/eltrabajo.cl\/portal\/wp-content\/uploads\/2014\/02\/tumulos1.jpg?w=168&#038;h=95&#038;ssl=1\" srcset=\"https:\/\/i0.wp.com\/eltrabajo.cl\/portal\/wp-content\/uploads\/2014\/02\/tumulos1.jpg?w=528&amp;ssl=1 528w, https:\/\/i0.wp.com\/eltrabajo.cl\/portal\/wp-content\/uploads\/2014\/02\/tumulos1.jpg?resize=200%2C113&amp;ssl=1 200w, https:\/\/i0.wp.com\/eltrabajo.cl\/portal\/wp-content\/uploads\/2014\/02\/tumulos1.jpg?resize=300%2C170&amp;ssl=1 300w, https:\/\/i0.wp.com\/eltrabajo.cl\/portal\/wp-content\/uploads\/2014\/02\/tumulos1.jpg?resize=150%2C85&amp;ssl=1 150w, https:\/\/i0.wp.com\/eltrabajo.cl\/portal\/wp-content\/uploads\/2014\/02\/tumulos1.jpg?resize=400%2C227&amp;ssl=1 400w\" width=\"168\" height=\"95\" loading=\"lazy\" data-original-width=\"168\" data-original-height=\"95\" itemprop=\"http:\/\/schema.org\/image\" title=\"tumulos1\" alt=\"Los t\u00famulos de Bellavista constituyen el lugar donde los integrantes de la cultura Aconcagua enterraban a las personas.\" style=\"width: 168px; height: 95px;\" \/> <\/a> <div class=\"tiled-gallery-caption\" itemprop=\"caption description\"> Los t\u00famulos de Bellavista constituyen el lugar donde los integrantes de la cultura Aconcagua enterraban a las personas. <\/div> <\/div> <\/div> <!-- close group --> <div class=\"gallery-group images-1\" style=\"width: 130px; height: 99px;\" data-original-width=\"130\" data-original-height=\"99\" > <div class=\"tiled-gallery-item tiled-gallery-item-small\" itemprop=\"associatedMedia\" itemscope itemtype=\"http:\/\/schema.org\/ImageObject\"> <a href=\"https:\/\/eltrabajo.cl\/portal\/todo-un-exito-resulto-tour-patrimonial-a-los-tumulos-de-bellavista\/tumulos3\/\" border=\"0\" itemprop=\"url\"> <meta itemprop=\"width\" content=\"126\"> <meta itemprop=\"height\" content=\"95\"> <img decoding=\"async\" class=\"\" data-attachment-id=\"43214\" data-orig-file=\"https:\/\/eltrabajo.cl\/portal\/wp-content\/uploads\/2014\/02\/tumulos3.jpg\" data-orig-size=\"528,398\" data-comments-opened=\"1\" data-image-meta=\"{&quot;aperture&quot;:&quot;0&quot;,&quot;credit&quot;:&quot;&quot;,&quot;camera&quot;:&quot;&quot;,&quot;caption&quot;:&quot;&quot;,&quot;created_timestamp&quot;:&quot;0&quot;,&quot;copyright&quot;:&quot;&quot;,&quot;focal_length&quot;:&quot;0&quot;,&quot;iso&quot;:&quot;0&quot;,&quot;shutter_speed&quot;:&quot;0&quot;,&quot;title&quot;:&quot;&quot;}\" data-image-title=\"tumulos3\" data-image-description=\"&lt;p&gt;Los asistentes participaron activamente en el recorrido, aportando informaci\u00f3n o realizando preguntas en los distintos lugares que visitaban. (Foto: huellaaconcagua.cl).&lt;\/p&gt; \" data-medium-file=\"https:\/\/i0.wp.com\/eltrabajo.cl\/portal\/wp-content\/uploads\/2014\/02\/tumulos3.jpg?fit=300%2C226&#038;ssl=1\" data-large-file=\"https:\/\/i0.wp.com\/eltrabajo.cl\/portal\/wp-content\/uploads\/2014\/02\/tumulos3.jpg?fit=528%2C398&#038;ssl=1\" src=\"https:\/\/i0.wp.com\/eltrabajo.cl\/portal\/wp-content\/uploads\/2014\/02\/tumulos3.jpg?w=126&#038;h=95&#038;ssl=1\" srcset=\"https:\/\/i0.wp.com\/eltrabajo.cl\/portal\/wp-content\/uploads\/2014\/02\/tumulos3.jpg?w=528&amp;ssl=1 528w, https:\/\/i0.wp.com\/eltrabajo.cl\/portal\/wp-content\/uploads\/2014\/02\/tumulos3.jpg?resize=200%2C150&amp;ssl=1 200w, https:\/\/i0.wp.com\/eltrabajo.cl\/portal\/wp-content\/uploads\/2014\/02\/tumulos3.jpg?resize=300%2C226&amp;ssl=1 300w, https:\/\/i0.wp.com\/eltrabajo.cl\/portal\/wp-content\/uploads\/2014\/02\/tumulos3.jpg?resize=150%2C113&amp;ssl=1 150w, https:\/\/i0.wp.com\/eltrabajo.cl\/portal\/wp-content\/uploads\/2014\/02\/tumulos3.jpg?resize=400%2C301&amp;ssl=1 400w\" width=\"126\" height=\"95\" loading=\"lazy\" data-original-width=\"126\" data-original-height=\"95\" itemprop=\"http:\/\/schema.org\/image\" title=\"tumulos3\" alt=\"Los asistentes participaron activamente en el recorrido, aportando informaci\u00f3n o realizando preguntas en los distintos lugares que visitaban. (Foto: huellaaconcagua.cl).\" style=\"width: 126px; height: 95px;\" \/> <\/a> <div class=\"tiled-gallery-caption\" itemprop=\"caption description\"> Los asistentes participaron activamente en el recorrido, aportando informaci\u00f3n o realizando preguntas en los distintos lugares que visitaban. (Foto: huellaaconcagua.cl). <\/div> <\/div> <\/div> <!-- close group --> <div class=\"gallery-group images-1\" style=\"width: 169px; height: 99px;\" data-original-width=\"169\" data-original-height=\"99\" > <div class=\"tiled-gallery-item tiled-gallery-item-small\" itemprop=\"associatedMedia\" itemscope itemtype=\"http:\/\/schema.org\/ImageObject\"> <a href=\"https:\/\/eltrabajo.cl\/portal\/todo-un-exito-resulto-tour-patrimonial-a-los-tumulos-de-bellavista\/tumulos2\/\" border=\"0\" itemprop=\"url\"> <meta itemprop=\"width\" content=\"165\"> <meta itemprop=\"height\" content=\"95\"> <img decoding=\"async\" class=\"\" data-attachment-id=\"43213\" data-orig-file=\"https:\/\/eltrabajo.cl\/portal\/wp-content\/uploads\/2014\/02\/tumulos2.jpg\" data-orig-size=\"529,305\" data-comments-opened=\"1\" data-image-meta=\"{&quot;aperture&quot;:&quot;0&quot;,&quot;credit&quot;:&quot;&quot;,&quot;camera&quot;:&quot;&quot;,&quot;caption&quot;:&quot;&quot;,&quot;created_timestamp&quot;:&quot;0&quot;,&quot;copyright&quot;:&quot;&quot;,&quot;focal_length&quot;:&quot;0&quot;,&quot;iso&quot;:&quot;0&quot;,&quot;shutter_speed&quot;:&quot;0&quot;,&quot;title&quot;:&quot;&quot;}\" data-image-title=\"tumulos2\" data-image-description=\"&lt;p&gt;Hermosos parajes adornaron el tour patrimonial.&lt;\/p&gt; \" data-medium-file=\"https:\/\/i0.wp.com\/eltrabajo.cl\/portal\/wp-content\/uploads\/2014\/02\/tumulos2.jpg?fit=300%2C172&#038;ssl=1\" data-large-file=\"https:\/\/i0.wp.com\/eltrabajo.cl\/portal\/wp-content\/uploads\/2014\/02\/tumulos2.jpg?fit=529%2C305&#038;ssl=1\" src=\"https:\/\/i0.wp.com\/eltrabajo.cl\/portal\/wp-content\/uploads\/2014\/02\/tumulos2.jpg?w=165&#038;h=95&#038;ssl=1\" srcset=\"https:\/\/i0.wp.com\/eltrabajo.cl\/portal\/wp-content\/uploads\/2014\/02\/tumulos2.jpg?w=529&amp;ssl=1 529w, https:\/\/i0.wp.com\/eltrabajo.cl\/portal\/wp-content\/uploads\/2014\/02\/tumulos2.jpg?resize=200%2C115&amp;ssl=1 200w, https:\/\/i0.wp.com\/eltrabajo.cl\/portal\/wp-content\/uploads\/2014\/02\/tumulos2.jpg?resize=300%2C172&amp;ssl=1 300w, https:\/\/i0.wp.com\/eltrabajo.cl\/portal\/wp-content\/uploads\/2014\/02\/tumulos2.jpg?resize=150%2C86&amp;ssl=1 150w, https:\/\/i0.wp.com\/eltrabajo.cl\/portal\/wp-content\/uploads\/2014\/02\/tumulos2.jpg?resize=400%2C230&amp;ssl=1 400w\" width=\"165\" height=\"95\" loading=\"lazy\" data-original-width=\"165\" data-original-height=\"95\" itemprop=\"http:\/\/schema.org\/image\" title=\"tumulos2\" alt=\"Hermosos parajes adornaron el tour patrimonial.\" style=\"width: 165px; height: 95px;\" \/> <\/a> <div class=\"tiled-gallery-caption\" itemprop=\"caption description\"> Hermosos parajes adornaron el tour patrimonial. <\/div> <\/div> <\/div> <!-- close group --> <div class=\"gallery-group images-1\" style=\"width: 169px; height: 99px;\" data-original-width=\"169\" data-original-height=\"99\" > <div class=\"tiled-gallery-item tiled-gallery-item-small\" itemprop=\"associatedMedia\" itemscope itemtype=\"http:\/\/schema.org\/ImageObject\"> <a href=\"https:\/\/eltrabajo.cl\/portal\/todo-un-exito-resulto-tour-patrimonial-a-los-tumulos-de-bellavista\/tumulos\/\" border=\"0\" itemprop=\"url\"> <meta itemprop=\"width\" content=\"165\"> <meta itemprop=\"height\" content=\"95\"> <img decoding=\"async\" class=\"\" data-attachment-id=\"43211\" data-orig-file=\"https:\/\/eltrabajo.cl\/portal\/wp-content\/uploads\/2014\/02\/tumulos.jpg\" data-orig-size=\"529,305\" data-comments-opened=\"1\" data-image-meta=\"{&quot;aperture&quot;:&quot;0&quot;,&quot;credit&quot;:&quot;&quot;,&quot;camera&quot;:&quot;&quot;,&quot;caption&quot;:&quot;&quot;,&quot;created_timestamp&quot;:&quot;0&quot;,&quot;copyright&quot;:&quot;&quot;,&quot;focal_length&quot;:&quot;0&quot;,&quot;iso&quot;:&quot;0&quot;,&quot;shutter_speed&quot;:&quot;0&quot;,&quot;title&quot;:&quot;&quot;}\" data-image-title=\"tumulos\" data-image-description=\"&lt;p&gt;Gran cantidad de personas participaron del Tour Patrimonial, quedando bastante satisfechos con el recorrido.&lt;\/p&gt; \" data-medium-file=\"https:\/\/i0.wp.com\/eltrabajo.cl\/portal\/wp-content\/uploads\/2014\/02\/tumulos.jpg?fit=300%2C172&#038;ssl=1\" data-large-file=\"https:\/\/i0.wp.com\/eltrabajo.cl\/portal\/wp-content\/uploads\/2014\/02\/tumulos.jpg?fit=529%2C305&#038;ssl=1\" src=\"https:\/\/i0.wp.com\/eltrabajo.cl\/portal\/wp-content\/uploads\/2014\/02\/tumulos.jpg?w=165&#038;h=95&#038;ssl=1\" srcset=\"https:\/\/i0.wp.com\/eltrabajo.cl\/portal\/wp-content\/uploads\/2014\/02\/tumulos.jpg?w=529&amp;ssl=1 529w, https:\/\/i0.wp.com\/eltrabajo.cl\/portal\/wp-content\/uploads\/2014\/02\/tumulos.jpg?resize=200%2C115&amp;ssl=1 200w, https:\/\/i0.wp.com\/eltrabajo.cl\/portal\/wp-content\/uploads\/2014\/02\/tumulos.jpg?resize=300%2C172&amp;ssl=1 300w, https:\/\/i0.wp.com\/eltrabajo.cl\/portal\/wp-content\/uploads\/2014\/02\/tumulos.jpg?resize=150%2C86&amp;ssl=1 150w, https:\/\/i0.wp.com\/eltrabajo.cl\/portal\/wp-content\/uploads\/2014\/02\/tumulos.jpg?resize=400%2C230&amp;ssl=1 400w\" width=\"165\" height=\"95\" loading=\"lazy\" data-original-width=\"165\" data-original-height=\"95\" itemprop=\"http:\/\/schema.org\/image\" title=\"tumulos\" alt=\"Gran cantidad de personas participaron del Tour Patrimonial, quedando bastante satisfechos con el recorrido.\" style=\"width: 165px; height: 95px;\" \/> <\/a> <div class=\"tiled-gallery-caption\" itemprop=\"caption description\"> Gran cantidad de personas participaron del Tour Patrimonial, quedando bastante satisfechos con el recorrido. <\/div> <\/div> <\/div> <!-- close group --> <\/div> <!-- close row --> <\/div>\n","protected":false},"excerpt":{"rendered":"<p>Saber la importancia de un sitio arqueol\u00f3gico y que est\u00e1 m\u00e1s cerca de lo que la gente imagina, adem\u00e1s de conocerlo en terreno, eran algunos de los objetivos del tour patrimonial a&#8230;<\/p>\n","protected":false},"author":1,"featured_media":43214,"comment_status":"open","ping_status":"closed","sticky":false,"template":"","format":"standard","meta":{"advanced_seo_description":"","jetpack_seo_html_title":"","jetpack_seo_noindex":false,"_jetpack_memberships_contains_paid_content":false,"footnotes":""},"categories":[15],"tags":[],"class_list":["post-43210","post","type-post","status-publish","format-standard","has-post-thumbnail","hentry","category-comunidad"],"jetpack_featured_media_url":"https:\/\/i0.wp.com\/eltrabajo.cl\/portal\/wp-content\/uploads\/2014\/02\/tumulos3.jpg?fit=528%2C398&ssl=1","jetpack_sharing_enabled":true,"jetpack_likes_enabled":true,"jetpack-related-posts":[],"_links":{"self":[{"href":"https:\/\/eltrabajo.cl\/portal\/wp-json\/wp\/v2\/posts\/43210","targetHints":{"allow":["GET"]}}],"collection":[{"href":"https:\/\/eltrabajo.cl\/portal\/wp-json\/wp\/v2\/posts"}],"about":[{"href":"https:\/\/eltrabajo.cl\/portal\/wp-json\/wp\/v2\/types\/post"}],"author":[{"embeddable":true,"href":"https:\/\/eltrabajo.cl\/portal\/wp-json\/wp\/v2\/users\/1"}],"replies":[{"embeddable":true,"href":"https:\/\/eltrabajo.cl\/portal\/wp-json\/wp\/v2\/comments?post=43210"}],"version-history":[{"count":0,"href":"https:\/\/eltrabajo.cl\/portal\/wp-json\/wp\/v2\/posts\/43210\/revisions"}],"wp:featuredmedia":[{"embeddable":true,"href":"https:\/\/eltrabajo.cl\/portal\/wp-json\/wp\/v2\/media\/43214"}],"wp:attachment":[{"href":"https:\/\/eltrabajo.cl\/portal\/wp-json\/wp\/v2\/media?parent=43210"}],"wp:term":[{"taxonomy":"category","embeddable":true,"href":"https:\/\/eltrabajo.cl\/portal\/wp-json\/wp\/v2\/categories?post=43210"},{"taxonomy":"post_tag","embeddable":true,"href":"https:\/\/eltrabajo.cl\/portal\/wp-json\/wp\/v2\/tags?post=43210"}],"curies":[{"name":"wp","href":"https:\/\/api.w.org\/{rel}","templated":true}]}}