{"id":43266,"date":"2014-02-19T09:32:01","date_gmt":"2014-02-19T12:32:01","guid":{"rendered":"http:\/\/www.eltrabajo.cl\/portal\/?p=43266"},"modified":"2014-02-19T10:08:58","modified_gmt":"2014-02-19T13:08:58","slug":"peques-de-escuelas-de-verano-participaron-en-entretenidas-actividades","status":"publish","type":"post","link":"https:\/\/eltrabajo.cl\/portal\/peques-de-escuelas-de-verano-participaron-en-entretenidas-actividades\/","title":{"rendered":"Entretenidas actividades realizan peque\u00f1os en escuelas de verano"},"content":{"rendered":"<p><strong>CALLE LARGA.-<\/strong> Con el objetivo de facilitar la inserci\u00f3n laboral y la permanencia de la mujer en el mercado del trabajo agr\u00edcola de temporada, la Municipalidad de Calle Larga implement\u00f3 en la comuna dos Escuelas de Verano, espacios que han brindado un adecuado cuidado a los ni\u00f1os mientras sus madres se encuentran trabajando. Gracias al convenio realizado con la Secretar\u00eda Regional Ministerial de Desarrollo Social, fue posible que estos espacios funcionaran en las escuelas Cristo Redentor de San Vicente y La Pampilla, del sector centro, entreg\u00e1ndoles a los m\u00e1s peque\u00f1os un cuidado integral donde adem\u00e1s de desarrollar actividades extra program\u00e1ticas, ellos recibieron cuidados y alimentaci\u00f3n.<br \/>\nViajes al Zool\u00f3gico Metropolitano; al Programa Buenos D\u00edas a Todos de TVN, como tambi\u00e9n al Acuapark de Pe\u00f1alol\u00e9n, pudieron disfrutar los ni\u00f1os que durante todo el verano aprendieron y se entretuvieron mientras sus madres trabajaban en campos y predios de la zona.<br \/>\n\u00abLas escuelas de verano que han funcionado durante toda esta temporada en Calle Larga han sido de gran ayuda a las mam\u00e1s de la comuna, que desarrollan labores principalmente agr\u00edcolas durante el verano. Los m\u00e1s peque\u00f1os han sido atendidos de muy buena forma y han disfrutado de viajes y entretenciones a diferentes lugares que muchos de ellos nunca hab\u00edan visitado\u00bb, sostuvo Natalia N\u00fa\u00f1ez, Directora Subrogante de la Direcci\u00f3n de Desarrollo Comunitario.<br \/>\nDurante este a\u00f1o el aporte realizado por empresas de la zona fue de gran ayuda para el desarrollo de las escuelas de verano de la comuna. Ferreter\u00eda Carrami\u00f1ana, Pepe Yahama y Fundo El Guindal, entregaron diversos aportes que permitieron que los ni\u00f1os contaran con m\u00e1s y mejores materiales escolares para desarrollar sus actividades.<\/p>\n<div class=\"tiled-gallery type-rectangular tiled-gallery-unresized\" data-original-width=\"640\" data-carousel-extra='null' itemscope itemtype=\"http:\/\/schema.org\/ImageGallery\" > <div class=\"gallery-row\" style=\"width: 640px; height: 244px;\" data-original-width=\"640\" data-original-height=\"244\" > <div class=\"gallery-group images-1\" style=\"width: 320px; height: 244px;\" data-original-width=\"320\" data-original-height=\"244\" > <div class=\"tiled-gallery-item tiled-gallery-item-large\" itemprop=\"associatedMedia\" itemscope itemtype=\"http:\/\/schema.org\/ImageObject\"> <a href=\"https:\/\/eltrabajo.cl\/portal\/peques-de-escuelas-de-verano-participaron-en-entretenidas-actividades\/verano2\/\" border=\"0\" itemprop=\"url\"> <meta itemprop=\"width\" content=\"316\"> <meta itemprop=\"height\" content=\"240\"> <img decoding=\"async\" class=\"\" data-attachment-id=\"43268\" data-orig-file=\"https:\/\/eltrabajo.cl\/portal\/wp-content\/uploads\/2014\/02\/Verano2.jpg\" data-orig-size=\"529,401\" data-comments-opened=\"1\" data-image-meta=\"{&quot;aperture&quot;:&quot;0&quot;,&quot;credit&quot;:&quot;&quot;,&quot;camera&quot;:&quot;&quot;,&quot;caption&quot;:&quot;&quot;,&quot;created_timestamp&quot;:&quot;0&quot;,&quot;copyright&quot;:&quot;&quot;,&quot;focal_length&quot;:&quot;0&quot;,&quot;iso&quot;:&quot;0&quot;,&quot;shutter_speed&quot;:&quot;0&quot;,&quot;title&quot;:&quot;&quot;}\" data-image-title=\"Verano2\" data-image-description=\"&lt;p&gt;Este jueves culminan las actividades de las escuelas de verano en Calle Larga, con una ceremonia que se realizar\u00e1 a las 15:00 horas en la Escuela La Pampilla.&lt;\/p&gt; \" data-medium-file=\"https:\/\/i0.wp.com\/eltrabajo.cl\/portal\/wp-content\/uploads\/2014\/02\/Verano2.jpg?fit=300%2C227&#038;ssl=1\" data-large-file=\"https:\/\/i0.wp.com\/eltrabajo.cl\/portal\/wp-content\/uploads\/2014\/02\/Verano2.jpg?fit=529%2C401&#038;ssl=1\" src=\"https:\/\/i0.wp.com\/eltrabajo.cl\/portal\/wp-content\/uploads\/2014\/02\/Verano2.jpg?w=316&#038;h=240&#038;ssl=1\" srcset=\"https:\/\/i0.wp.com\/eltrabajo.cl\/portal\/wp-content\/uploads\/2014\/02\/Verano2.jpg?w=529&amp;ssl=1 529w, https:\/\/i0.wp.com\/eltrabajo.cl\/portal\/wp-content\/uploads\/2014\/02\/Verano2.jpg?resize=197%2C150&amp;ssl=1 197w, https:\/\/i0.wp.com\/eltrabajo.cl\/portal\/wp-content\/uploads\/2014\/02\/Verano2.jpg?resize=300%2C227&amp;ssl=1 300w, https:\/\/i0.wp.com\/eltrabajo.cl\/portal\/wp-content\/uploads\/2014\/02\/Verano2.jpg?resize=150%2C113&amp;ssl=1 150w, https:\/\/i0.wp.com\/eltrabajo.cl\/portal\/wp-content\/uploads\/2014\/02\/Verano2.jpg?resize=400%2C303&amp;ssl=1 400w\" width=\"316\" height=\"240\" loading=\"lazy\" data-original-width=\"316\" data-original-height=\"240\" itemprop=\"http:\/\/schema.org\/image\" title=\"Verano2\" alt=\"Este jueves culminan las actividades de las escuelas de verano en Calle Larga, con una ceremonia que se realizar\u00e1 a las 15:00 horas en la Escuela La Pampilla.\" style=\"width: 316px; height: 240px;\" \/> <\/a> <div class=\"tiled-gallery-caption\" itemprop=\"caption description\"> Este jueves culminan las actividades de las escuelas de verano en Calle Larga, con una ceremonia que se realizar\u00e1 a las 15:00 horas en la Escuela La Pampilla. <\/div> <\/div> <\/div> <!-- close group --> <div class=\"gallery-group images-1\" style=\"width: 320px; height: 244px;\" data-original-width=\"320\" data-original-height=\"244\" > <div class=\"tiled-gallery-item tiled-gallery-item-large\" itemprop=\"associatedMedia\" itemscope itemtype=\"http:\/\/schema.org\/ImageObject\"> <a href=\"https:\/\/eltrabajo.cl\/portal\/peques-de-escuelas-de-verano-participaron-en-entretenidas-actividades\/verano1\/\" border=\"0\" itemprop=\"url\"> <meta itemprop=\"width\" content=\"316\"> <meta itemprop=\"height\" content=\"240\"> <img decoding=\"async\" class=\"\" data-attachment-id=\"43267\" data-orig-file=\"https:\/\/eltrabajo.cl\/portal\/wp-content\/uploads\/2014\/02\/Verano1.jpg\" data-orig-size=\"529,401\" data-comments-opened=\"1\" data-image-meta=\"{&quot;aperture&quot;:&quot;0&quot;,&quot;credit&quot;:&quot;&quot;,&quot;camera&quot;:&quot;&quot;,&quot;caption&quot;:&quot;&quot;,&quot;created_timestamp&quot;:&quot;0&quot;,&quot;copyright&quot;:&quot;&quot;,&quot;focal_length&quot;:&quot;0&quot;,&quot;iso&quot;:&quot;0&quot;,&quot;shutter_speed&quot;:&quot;0&quot;,&quot;title&quot;:&quot;&quot;}\" data-image-title=\"Verano1\" data-image-description=\"&lt;p&gt;Viajes al zool\u00f3gico, a canales de televisi\u00f3n, a parques acu\u00e1ticos, entre otras actividades, disfrutaron los m\u00e1s peque\u00f1os.&lt;\/p&gt; \" data-medium-file=\"https:\/\/i0.wp.com\/eltrabajo.cl\/portal\/wp-content\/uploads\/2014\/02\/Verano1.jpg?fit=300%2C227&#038;ssl=1\" data-large-file=\"https:\/\/i0.wp.com\/eltrabajo.cl\/portal\/wp-content\/uploads\/2014\/02\/Verano1.jpg?fit=529%2C401&#038;ssl=1\" src=\"https:\/\/i0.wp.com\/eltrabajo.cl\/portal\/wp-content\/uploads\/2014\/02\/Verano1.jpg?w=316&#038;h=240&#038;ssl=1\" srcset=\"https:\/\/i0.wp.com\/eltrabajo.cl\/portal\/wp-content\/uploads\/2014\/02\/Verano1.jpg?w=529&amp;ssl=1 529w, https:\/\/i0.wp.com\/eltrabajo.cl\/portal\/wp-content\/uploads\/2014\/02\/Verano1.jpg?resize=197%2C150&amp;ssl=1 197w, https:\/\/i0.wp.com\/eltrabajo.cl\/portal\/wp-content\/uploads\/2014\/02\/Verano1.jpg?resize=300%2C227&amp;ssl=1 300w, https:\/\/i0.wp.com\/eltrabajo.cl\/portal\/wp-content\/uploads\/2014\/02\/Verano1.jpg?resize=150%2C113&amp;ssl=1 150w, https:\/\/i0.wp.com\/eltrabajo.cl\/portal\/wp-content\/uploads\/2014\/02\/Verano1.jpg?resize=400%2C303&amp;ssl=1 400w\" width=\"316\" height=\"240\" loading=\"lazy\" data-original-width=\"316\" data-original-height=\"240\" itemprop=\"http:\/\/schema.org\/image\" title=\"Verano1\" alt=\"Viajes al zool\u00f3gico, a canales de televisi\u00f3n, a parques acu\u00e1ticos, entre otras actividades, disfrutaron los m\u00e1s peque\u00f1os.\" style=\"width: 316px; height: 240px;\" \/> <\/a> <div class=\"tiled-gallery-caption\" itemprop=\"caption description\"> Viajes al zool\u00f3gico, a canales de televisi\u00f3n, a parques acu\u00e1ticos, entre otras actividades, disfrutaron los m\u00e1s peque\u00f1os. <\/div> <\/div> <\/div> <!-- close group --> <\/div> <!-- close row --> <\/div>\n","protected":false},"excerpt":{"rendered":"<p>CALLE LARGA.- Con el objetivo de facilitar la inserci\u00f3n laboral y la permanencia de la mujer en el mercado del trabajo agr\u00edcola de temporada, la Municipalidad de Calle Larga implement\u00f3 en la&#8230;<\/p>\n","protected":false},"author":1,"featured_media":43267,"comment_status":"open","ping_status":"closed","sticky":false,"template":"","format":"standard","meta":{"advanced_seo_description":"","jetpack_seo_html_title":"","jetpack_seo_noindex":false,"_jetpack_memberships_contains_paid_content":false,"footnotes":""},"categories":[15],"tags":[],"class_list":["post-43266","post","type-post","status-publish","format-standard","has-post-thumbnail","hentry","category-comunidad"],"jetpack_featured_media_url":"https:\/\/i0.wp.com\/eltrabajo.cl\/portal\/wp-content\/uploads\/2014\/02\/Verano1.jpg?fit=529%2C401&ssl=1","jetpack_sharing_enabled":true,"jetpack_likes_enabled":true,"jetpack-related-posts":[],"_links":{"self":[{"href":"https:\/\/eltrabajo.cl\/portal\/wp-json\/wp\/v2\/posts\/43266","targetHints":{"allow":["GET"]}}],"collection":[{"href":"https:\/\/eltrabajo.cl\/portal\/wp-json\/wp\/v2\/posts"}],"about":[{"href":"https:\/\/eltrabajo.cl\/portal\/wp-json\/wp\/v2\/types\/post"}],"author":[{"embeddable":true,"href":"https:\/\/eltrabajo.cl\/portal\/wp-json\/wp\/v2\/users\/1"}],"replies":[{"embeddable":true,"href":"https:\/\/eltrabajo.cl\/portal\/wp-json\/wp\/v2\/comments?post=43266"}],"version-history":[{"count":0,"href":"https:\/\/eltrabajo.cl\/portal\/wp-json\/wp\/v2\/posts\/43266\/revisions"}],"wp:featuredmedia":[{"embeddable":true,"href":"https:\/\/eltrabajo.cl\/portal\/wp-json\/wp\/v2\/media\/43267"}],"wp:attachment":[{"href":"https:\/\/eltrabajo.cl\/portal\/wp-json\/wp\/v2\/media?parent=43266"}],"wp:term":[{"taxonomy":"category","embeddable":true,"href":"https:\/\/eltrabajo.cl\/portal\/wp-json\/wp\/v2\/categories?post=43266"},{"taxonomy":"post_tag","embeddable":true,"href":"https:\/\/eltrabajo.cl\/portal\/wp-json\/wp\/v2\/tags?post=43266"}],"curies":[{"name":"wp","href":"https:\/\/api.w.org\/{rel}","templated":true}]}}