{"id":43270,"date":"2014-02-19T10:01:44","date_gmt":"2014-02-19T13:01:44","guid":{"rendered":"http:\/\/www.eltrabajo.cl\/portal\/?p=43270"},"modified":"2014-02-19T10:02:21","modified_gmt":"2014-02-19T13:02:21","slug":"americo-los-jaivas-illapu-y-los-bunkers-se-presentaran-en-el-palmenia-pizarro","status":"publish","type":"post","link":"https:\/\/eltrabajo.cl\/portal\/americo-los-jaivas-illapu-y-los-bunkers-se-presentaran-en-el-palmenia-pizarro\/","title":{"rendered":"Am\u00e9rico, Los Jaivas, Illapu y Los Bunkers en el Palmenia Pizarro"},"content":{"rendered":"<ul>\n<li><strong>Evento se realizar\u00e1 el 7 y 8 de febrero:<\/strong><\/li>\n<\/ul>\n<p>El humor estar\u00e1 a cargo del Profesor Rossa y del Huaso Filomeno.<br \/>\nUna atractiva parrilla art\u00edstica es la que contempla la Municipalidad de San Felipe para la 15\u00aa versi\u00f3n del Festival de la Canci\u00f3n Palmenia Pizarro, que se realizar\u00e1 este 7 y 8 de marzo en el Estadio Municipal, confirmando la ma\u00f1ana de ayer el Alcalde Patricio Freire, que en la oportunidad se presentar\u00e1n Illapu, Los Bunkers, Los Jaivas y Am\u00e9rico, adem\u00e1s del humor del Huaso Filomeno y el Profesor Rosa.<br \/>\nEn conferencia de prensa ofrecida este martes por la m\u00e1xima autoridad comunal, se dio a conocer oficialmente la parrilla art\u00edstica de la versi\u00f3n XV certamen, ocasi\u00f3n que explic\u00f3 que debido a problemas con la productora que hab\u00eda postulado a la licitaci\u00f3n respectiva, fue postergado para los d\u00edas viernes 7 y s\u00e1bado 8 de marzo, asumiendo la municipalidad la organizaci\u00f3n total y directa del evento.<br \/>\nEste 2014 el Alcalde Freire inform\u00f3 que nuevamente la animaci\u00f3n del evento estar\u00e1 a cargo de Leo Caprile, quedando ya establecida la programaci\u00f3n del viernes 7 de marzo, con Illapu en la apertura, el humor del Huaso Filomeno y los \u00e9xitos de Los Bunkers. El d\u00eda s\u00e1bado 8, abrir\u00e1 la jornada Los Jaivas, continuando con el humor del Profesor Rossa y la clausura a cargo de Am\u00e9rico. Asimismo, la autoridad anunci\u00f3 que los artistas locales tambi\u00e9n estar\u00e1n presentes en el escenario del Festival Palmenia Pizarro este 2014, con la actuaci\u00f3n de int\u00e9rpretes de dilatada trayectoria en el ambiente musical aconcag\u00fcino, tanto en la m\u00fasica popular como ranchera.<br \/>\nConsultado el alcalde por el costo total del Palmenia Pizarro, dijo que asciende a 90 millones de pesos, de los cuales 49 millones de pesos corresponde a aporte municipal, en tanto el resto ser\u00e1 financiado con aportes de Sernatur y aporte de empresas que acogieron la solicitud de auspicio formulada por la municipalidad.<br \/>\nEl Alcalde Patricio Freire, fue enf\u00e1tico en se\u00f1alar que si en su momento se tom\u00f3 la determinaci\u00f3n de postergar el festival, que tradicionalmente se hab\u00eda realizado el primer fin de semana de febrero, se hizo pensando en potenciar el evento y entregar un espect\u00e1culo de primer nivel. \u00abHemos puesto todo nuestro esfuerzo logrando un festival que contar\u00e1 con sonido, iluminaci\u00f3n, escenario y artistas de categor\u00eda reconocida a nivel nacional e internacional\u00bb, asever\u00f3 la autoridad comunal.<br \/>\nEl Festival Palmenia Pizarro 2014 se realizar\u00e1 en el Estadio Municipal, comenzando en sus dos jornadas a las 20:00 horas, como siempre con entrada totalmente gratuita, sentenciando Patricio Freire que \u00abesta es una fiesta musical de todos, un regalo para todos los vecinos, este a\u00f1o en especial pensando en la mujeres en su d\u00eda y con lo cual esperamos despedir el verano\u00bb.<\/p>\n<div class=\"tiled-gallery type-rectangular tiled-gallery-unresized\" data-original-width=\"640\" data-carousel-extra='null' itemscope itemtype=\"http:\/\/schema.org\/ImageGallery\" > <div class=\"gallery-row\" style=\"width: 640px; height: 341px;\" data-original-width=\"640\" data-original-height=\"341\" > <div class=\"gallery-group images-1\" style=\"width: 370px; height: 341px;\" data-original-width=\"370\" data-original-height=\"341\" > <div class=\"tiled-gallery-item tiled-gallery-item-large\" itemprop=\"associatedMedia\" itemscope itemtype=\"http:\/\/schema.org\/ImageObject\"> <a href=\"https:\/\/eltrabajo.cl\/portal\/americo-los-jaivas-illapu-y-los-bunkers-se-presentaran-en-el-palmenia-pizarro\/alcalde-en-conferencia\/\" border=\"0\" itemprop=\"url\"> <meta itemprop=\"width\" content=\"366\"> <meta itemprop=\"height\" content=\"337\"> <img decoding=\"async\" class=\"\" data-attachment-id=\"43271\" data-orig-file=\"https:\/\/eltrabajo.cl\/portal\/wp-content\/uploads\/2014\/02\/Alcalde-en-Conferencia.jpg\" data-orig-size=\"529,486\" data-comments-opened=\"1\" data-image-meta=\"{&quot;aperture&quot;:&quot;5&quot;,&quot;credit&quot;:&quot;&quot;,&quot;camera&quot;:&quot;Canon EOS REBEL T3i&quot;,&quot;caption&quot;:&quot;&quot;,&quot;created_timestamp&quot;:&quot;1296584025&quot;,&quot;copyright&quot;:&quot;&quot;,&quot;focal_length&quot;:&quot;39&quot;,&quot;iso&quot;:&quot;320&quot;,&quot;shutter_speed&quot;:&quot;0.02&quot;,&quot;title&quot;:&quot;&quot;}\" data-image-title=\"Alcalde en Conferencia\" data-image-description=\"&lt;p&gt;En conferencia de prensa, el Alcalde Patricio Freire dio a conocer la parrilla art\u00edstica del Festival Palmenia Pizarro.&lt;\/p&gt; \" data-medium-file=\"https:\/\/i0.wp.com\/eltrabajo.cl\/portal\/wp-content\/uploads\/2014\/02\/Alcalde-en-Conferencia.jpg?fit=300%2C275&#038;ssl=1\" data-large-file=\"https:\/\/i0.wp.com\/eltrabajo.cl\/portal\/wp-content\/uploads\/2014\/02\/Alcalde-en-Conferencia.jpg?fit=529%2C486&#038;ssl=1\" src=\"https:\/\/i0.wp.com\/eltrabajo.cl\/portal\/wp-content\/uploads\/2014\/02\/Alcalde-en-Conferencia.jpg?w=366&#038;h=337&#038;ssl=1\" srcset=\"https:\/\/i0.wp.com\/eltrabajo.cl\/portal\/wp-content\/uploads\/2014\/02\/Alcalde-en-Conferencia.jpg?w=529&amp;ssl=1 529w, https:\/\/i0.wp.com\/eltrabajo.cl\/portal\/wp-content\/uploads\/2014\/02\/Alcalde-en-Conferencia.jpg?resize=163%2C150&amp;ssl=1 163w, https:\/\/i0.wp.com\/eltrabajo.cl\/portal\/wp-content\/uploads\/2014\/02\/Alcalde-en-Conferencia.jpg?resize=300%2C275&amp;ssl=1 300w, https:\/\/i0.wp.com\/eltrabajo.cl\/portal\/wp-content\/uploads\/2014\/02\/Alcalde-en-Conferencia.jpg?resize=150%2C137&amp;ssl=1 150w, https:\/\/i0.wp.com\/eltrabajo.cl\/portal\/wp-content\/uploads\/2014\/02\/Alcalde-en-Conferencia.jpg?resize=400%2C367&amp;ssl=1 400w\" width=\"366\" height=\"337\" loading=\"lazy\" data-original-width=\"366\" data-original-height=\"337\" itemprop=\"http:\/\/schema.org\/image\" title=\"Alcalde en Conferencia\" alt=\"En conferencia de prensa, el Alcalde Patricio Freire dio a conocer la parrilla art\u00edstica del Festival Palmenia Pizarro.\" style=\"width: 366px; height: 337px;\" \/> <\/a> <div class=\"tiled-gallery-caption\" itemprop=\"caption description\"> En conferencia de prensa, el Alcalde Patricio Freire dio a conocer la parrilla art\u00edstica del Festival Palmenia Pizarro. <\/div> <\/div> <\/div> <!-- close group --> <div class=\"gallery-group images-2\" style=\"width: 270px; height: 341px;\" data-original-width=\"270\" data-original-height=\"341\" > <div class=\"tiled-gallery-item tiled-gallery-item-large\" itemprop=\"associatedMedia\" itemscope itemtype=\"http:\/\/schema.org\/ImageObject\"> <a href=\"https:\/\/eltrabajo.cl\/portal\/americo-los-jaivas-illapu-y-los-bunkers-se-presentaran-en-el-palmenia-pizarro\/gala-radio-pudahuel\/\" border=\"0\" itemprop=\"url\"> <meta itemprop=\"width\" content=\"266\"> <meta itemprop=\"height\" content=\"180\"> <img decoding=\"async\" class=\"\" data-attachment-id=\"43272\" data-orig-file=\"https:\/\/eltrabajo.cl\/portal\/wp-content\/uploads\/2014\/02\/Americo-6.jpg\" data-orig-size=\"529,358\" data-comments-opened=\"1\" data-image-meta=\"{&quot;aperture&quot;:&quot;3.5&quot;,&quot;credit&quot;:&quot;Francisco Longa&quot;,&quot;camera&quot;:&quot;Canon EOS-1D Mark IV&quot;,&quot;caption&quot;:&quot;10 de MAYO 2013 \\\/ SANTIAGO\\nAmerico, durante la gala de la radio Pudahuel, realizada en el Movistar Arena.\\nFOTO: FRANCISCO LONGA \\\/ AGENCIAUNO.&quot;,&quot;created_timestamp&quot;:&quot;1368228691&quot;,&quot;copyright&quot;:&quot;Francisco Longa \\\/Agenciauno&quot;,&quot;focal_length&quot;:&quot;50&quot;,&quot;iso&quot;:&quot;1250&quot;,&quot;shutter_speed&quot;:&quot;0.004&quot;,&quot;title&quot;:&quot;Gala Radio Pudahuel&quot;}\" data-image-title=\"Gala Radio Pudahuel\" data-image-description=\"&lt;p&gt;El cantante nacional Am\u00e9rico, se presentar\u00e1 por primera vez en el Festival Palmenia Pizarro, en su versi\u00f3n decimoquinta.&lt;\/p&gt; \" data-medium-file=\"https:\/\/i0.wp.com\/eltrabajo.cl\/portal\/wp-content\/uploads\/2014\/02\/Americo-6.jpg?fit=300%2C203&#038;ssl=1\" data-large-file=\"https:\/\/i0.wp.com\/eltrabajo.cl\/portal\/wp-content\/uploads\/2014\/02\/Americo-6.jpg?fit=529%2C358&#038;ssl=1\" src=\"https:\/\/i0.wp.com\/eltrabajo.cl\/portal\/wp-content\/uploads\/2014\/02\/Americo-6.jpg?w=266&#038;h=180&#038;ssl=1\" srcset=\"https:\/\/i0.wp.com\/eltrabajo.cl\/portal\/wp-content\/uploads\/2014\/02\/Americo-6.jpg?w=529&amp;ssl=1 529w, https:\/\/i0.wp.com\/eltrabajo.cl\/portal\/wp-content\/uploads\/2014\/02\/Americo-6.jpg?resize=200%2C135&amp;ssl=1 200w, https:\/\/i0.wp.com\/eltrabajo.cl\/portal\/wp-content\/uploads\/2014\/02\/Americo-6.jpg?resize=300%2C203&amp;ssl=1 300w, https:\/\/i0.wp.com\/eltrabajo.cl\/portal\/wp-content\/uploads\/2014\/02\/Americo-6.jpg?resize=150%2C101&amp;ssl=1 150w, https:\/\/i0.wp.com\/eltrabajo.cl\/portal\/wp-content\/uploads\/2014\/02\/Americo-6.jpg?resize=400%2C270&amp;ssl=1 400w\" width=\"266\" height=\"180\" loading=\"lazy\" data-original-width=\"266\" data-original-height=\"180\" itemprop=\"http:\/\/schema.org\/image\" title=\"Gala Radio Pudahuel\" alt=\"El cantante nacional Am\u00e9rico, se presentar\u00e1 por primera vez en el Festival Palmenia Pizarro, en su versi\u00f3n decimoquinta.\" style=\"width: 266px; height: 180px;\" \/> <\/a> <div class=\"tiled-gallery-caption\" itemprop=\"caption description\"> El cantante nacional Am\u00e9rico, se presentar\u00e1 por primera vez en el Festival Palmenia Pizarro, en su versi\u00f3n decimoquinta. <\/div> <\/div> <div class=\"tiled-gallery-item tiled-gallery-item-large\" itemprop=\"associatedMedia\" itemscope itemtype=\"http:\/\/schema.org\/ImageObject\"> <a href=\"https:\/\/eltrabajo.cl\/portal\/americo-los-jaivas-illapu-y-los-bunkers-se-presentaran-en-el-palmenia-pizarro\/huaso-filomeno\/\" border=\"0\" itemprop=\"url\"> <meta itemprop=\"width\" content=\"266\"> <meta itemprop=\"height\" content=\"153\"> <img decoding=\"async\" class=\"\" data-attachment-id=\"43273\" data-orig-file=\"https:\/\/eltrabajo.cl\/portal\/wp-content\/uploads\/2014\/02\/huaso-filomeno.jpg\" data-orig-size=\"528,304\" data-comments-opened=\"1\" data-image-meta=\"{&quot;aperture&quot;:&quot;0&quot;,&quot;credit&quot;:&quot;&quot;,&quot;camera&quot;:&quot;&quot;,&quot;caption&quot;:&quot;&quot;,&quot;created_timestamp&quot;:&quot;0&quot;,&quot;copyright&quot;:&quot;&quot;,&quot;focal_length&quot;:&quot;0&quot;,&quot;iso&quot;:&quot;0&quot;,&quot;shutter_speed&quot;:&quot;0&quot;,&quot;title&quot;:&quot;&quot;}\" data-image-title=\"huaso filomeno\" data-image-description=\"&lt;p&gt;El Huaso Filomeno e Iv\u00e1n Arenas (El Profesor Rossa) pondr\u00e1n la cuota de humor al XV Festival Palmenia Pizarro.&lt;\/p&gt; \" data-medium-file=\"https:\/\/i0.wp.com\/eltrabajo.cl\/portal\/wp-content\/uploads\/2014\/02\/huaso-filomeno.jpg?fit=300%2C172&#038;ssl=1\" data-large-file=\"https:\/\/i0.wp.com\/eltrabajo.cl\/portal\/wp-content\/uploads\/2014\/02\/huaso-filomeno.jpg?fit=528%2C304&#038;ssl=1\" src=\"https:\/\/i0.wp.com\/eltrabajo.cl\/portal\/wp-content\/uploads\/2014\/02\/huaso-filomeno.jpg?w=266&#038;h=153&#038;ssl=1\" srcset=\"https:\/\/i0.wp.com\/eltrabajo.cl\/portal\/wp-content\/uploads\/2014\/02\/huaso-filomeno.jpg?w=528&amp;ssl=1 528w, https:\/\/i0.wp.com\/eltrabajo.cl\/portal\/wp-content\/uploads\/2014\/02\/huaso-filomeno.jpg?resize=200%2C115&amp;ssl=1 200w, https:\/\/i0.wp.com\/eltrabajo.cl\/portal\/wp-content\/uploads\/2014\/02\/huaso-filomeno.jpg?resize=300%2C172&amp;ssl=1 300w, https:\/\/i0.wp.com\/eltrabajo.cl\/portal\/wp-content\/uploads\/2014\/02\/huaso-filomeno.jpg?resize=150%2C86&amp;ssl=1 150w, https:\/\/i0.wp.com\/eltrabajo.cl\/portal\/wp-content\/uploads\/2014\/02\/huaso-filomeno.jpg?resize=400%2C230&amp;ssl=1 400w\" width=\"266\" height=\"153\" loading=\"lazy\" data-original-width=\"266\" data-original-height=\"153\" itemprop=\"http:\/\/schema.org\/image\" title=\"huaso filomeno\" alt=\"El Huaso Filomeno e Iv\u00e1n Arenas (El Profesor Rossa) pondr\u00e1n la cuota de humor al XV Festival Palmenia Pizarro.\" style=\"width: 266px; height: 153px;\" \/> <\/a> <div class=\"tiled-gallery-caption\" itemprop=\"caption description\"> El Huaso Filomeno e Iv\u00e1n Arenas (El Profesor Rossa) pondr\u00e1n la cuota de humor al XV Festival Palmenia Pizarro. <\/div> <\/div> <\/div> <!-- close group --> <\/div> <!-- close row --> <div class=\"gallery-row\" style=\"width: 640px; height: 109px;\" data-original-width=\"640\" data-original-height=\"109\" > <div class=\"gallery-group images-1\" style=\"width: 159px; height: 109px;\" data-original-width=\"159\" data-original-height=\"109\" > <div class=\"tiled-gallery-item tiled-gallery-item-small\" itemprop=\"associatedMedia\" itemscope itemtype=\"http:\/\/schema.org\/ImageObject\"> <a href=\"https:\/\/eltrabajo.cl\/portal\/americo-los-jaivas-illapu-y-los-bunkers-se-presentaran-en-el-palmenia-pizarro\/illapu-2011-2\/\" border=\"0\" itemprop=\"url\"> <meta itemprop=\"width\" content=\"155\"> <meta itemprop=\"height\" content=\"105\"> <img decoding=\"async\" class=\"\" data-attachment-id=\"43274\" data-orig-file=\"https:\/\/eltrabajo.cl\/portal\/wp-content\/uploads\/2014\/02\/Illapu-2011.jpg\" data-orig-size=\"529,357\" data-comments-opened=\"1\" data-image-meta=\"{&quot;aperture&quot;:&quot;0&quot;,&quot;credit&quot;:&quot;&quot;,&quot;camera&quot;:&quot;&quot;,&quot;caption&quot;:&quot;&quot;,&quot;created_timestamp&quot;:&quot;0&quot;,&quot;copyright&quot;:&quot;&quot;,&quot;focal_length&quot;:&quot;0&quot;,&quot;iso&quot;:&quot;0&quot;,&quot;shutter_speed&quot;:&quot;0&quot;,&quot;title&quot;:&quot;&quot;}\" data-image-title=\"Illapu 2011\" data-image-description=\"&lt;p&gt;Illapu tambi\u00e9n ser\u00e1 de la partida y estar\u00e1 abriendo la jornada inaugural el 7 de marzo.&lt;\/p&gt; \" data-medium-file=\"https:\/\/i0.wp.com\/eltrabajo.cl\/portal\/wp-content\/uploads\/2014\/02\/Illapu-2011.jpg?fit=300%2C202&#038;ssl=1\" data-large-file=\"https:\/\/i0.wp.com\/eltrabajo.cl\/portal\/wp-content\/uploads\/2014\/02\/Illapu-2011.jpg?fit=529%2C357&#038;ssl=1\" src=\"https:\/\/i0.wp.com\/eltrabajo.cl\/portal\/wp-content\/uploads\/2014\/02\/Illapu-2011.jpg?w=155&#038;h=105&#038;ssl=1\" srcset=\"https:\/\/i0.wp.com\/eltrabajo.cl\/portal\/wp-content\/uploads\/2014\/02\/Illapu-2011.jpg?w=529&amp;ssl=1 529w, https:\/\/i0.wp.com\/eltrabajo.cl\/portal\/wp-content\/uploads\/2014\/02\/Illapu-2011.jpg?resize=200%2C134&amp;ssl=1 200w, https:\/\/i0.wp.com\/eltrabajo.cl\/portal\/wp-content\/uploads\/2014\/02\/Illapu-2011.jpg?resize=300%2C202&amp;ssl=1 300w, https:\/\/i0.wp.com\/eltrabajo.cl\/portal\/wp-content\/uploads\/2014\/02\/Illapu-2011.jpg?resize=150%2C101&amp;ssl=1 150w, https:\/\/i0.wp.com\/eltrabajo.cl\/portal\/wp-content\/uploads\/2014\/02\/Illapu-2011.jpg?resize=400%2C269&amp;ssl=1 400w\" width=\"155\" height=\"105\" loading=\"lazy\" data-original-width=\"155\" data-original-height=\"105\" itemprop=\"http:\/\/schema.org\/image\" title=\"Illapu 2011\" alt=\"Illapu tambi\u00e9n ser\u00e1 de la partida y estar\u00e1 abriendo la jornada inaugural el 7 de marzo.\" style=\"width: 155px; height: 105px;\" \/> <\/a> <div class=\"tiled-gallery-caption\" itemprop=\"caption description\"> Illapu tambi\u00e9n ser\u00e1 de la partida y estar\u00e1 abriendo la jornada inaugural el 7 de marzo. <\/div> <\/div> <\/div> <!-- close group --> <div class=\"gallery-group images-1\" style=\"width: 159px; height: 109px;\" data-original-width=\"159\" data-original-height=\"109\" > <div class=\"tiled-gallery-item tiled-gallery-item-small\" itemprop=\"associatedMedia\" itemscope itemtype=\"http:\/\/schema.org\/ImageObject\"> <a href=\"https:\/\/eltrabajo.cl\/portal\/americo-los-jaivas-illapu-y-los-bunkers-se-presentaran-en-el-palmenia-pizarro\/los-bunkers\/\" border=\"0\" itemprop=\"url\"> <meta itemprop=\"width\" content=\"155\"> <meta itemprop=\"height\" content=\"105\"> <img decoding=\"async\" class=\"\" data-attachment-id=\"43275\" data-orig-file=\"https:\/\/eltrabajo.cl\/portal\/wp-content\/uploads\/2014\/02\/los-bunkers.jpg\" data-orig-size=\"529,358\" data-comments-opened=\"1\" data-image-meta=\"{&quot;aperture&quot;:&quot;9.5&quot;,&quot;credit&quot;:&quot;&quot;,&quot;camera&quot;:&quot;Canon EOS 10D&quot;,&quot;caption&quot;:&quot;&quot;,&quot;created_timestamp&quot;:&quot;1123076192&quot;,&quot;copyright&quot;:&quot;&quot;,&quot;focal_length&quot;:&quot;50&quot;,&quot;iso&quot;:&quot;400&quot;,&quot;shutter_speed&quot;:&quot;0.022222222222222&quot;,&quot;title&quot;:&quot;&quot;}\" data-image-title=\"los-bunkers\" data-image-description=\"&lt;p&gt;Los Bunkers, el grupo nacional m\u00e1s importante en la actualidad, estar\u00e1 brindando todos sus grandes \u00e9xitos al cierre de la noche inaugural del certamen sanfelipe\u00f1o.&lt;\/p&gt; \" data-medium-file=\"https:\/\/i0.wp.com\/eltrabajo.cl\/portal\/wp-content\/uploads\/2014\/02\/los-bunkers.jpg?fit=300%2C203&#038;ssl=1\" data-large-file=\"https:\/\/i0.wp.com\/eltrabajo.cl\/portal\/wp-content\/uploads\/2014\/02\/los-bunkers.jpg?fit=529%2C358&#038;ssl=1\" src=\"https:\/\/i0.wp.com\/eltrabajo.cl\/portal\/wp-content\/uploads\/2014\/02\/los-bunkers.jpg?w=155&#038;h=105&#038;ssl=1\" srcset=\"https:\/\/i0.wp.com\/eltrabajo.cl\/portal\/wp-content\/uploads\/2014\/02\/los-bunkers.jpg?w=529&amp;ssl=1 529w, https:\/\/i0.wp.com\/eltrabajo.cl\/portal\/wp-content\/uploads\/2014\/02\/los-bunkers.jpg?resize=200%2C135&amp;ssl=1 200w, https:\/\/i0.wp.com\/eltrabajo.cl\/portal\/wp-content\/uploads\/2014\/02\/los-bunkers.jpg?resize=300%2C203&amp;ssl=1 300w, https:\/\/i0.wp.com\/eltrabajo.cl\/portal\/wp-content\/uploads\/2014\/02\/los-bunkers.jpg?resize=150%2C101&amp;ssl=1 150w, https:\/\/i0.wp.com\/eltrabajo.cl\/portal\/wp-content\/uploads\/2014\/02\/los-bunkers.jpg?resize=400%2C270&amp;ssl=1 400w\" width=\"155\" height=\"105\" loading=\"lazy\" data-original-width=\"155\" data-original-height=\"105\" itemprop=\"http:\/\/schema.org\/image\" title=\"los-bunkers\" alt=\"Los Bunkers, el grupo nacional m\u00e1s importante en la actualidad, estar\u00e1 brindando todos sus grandes \u00e9xitos al cierre de la noche inaugural del certamen sanfelipe\u00f1o.\" style=\"width: 155px; height: 105px;\" \/> <\/a> <div class=\"tiled-gallery-caption\" itemprop=\"caption description\"> Los Bunkers, el grupo nacional m\u00e1s importante en la actualidad, estar\u00e1 brindando todos sus grandes \u00e9xitos al cierre de la noche inaugural del certamen sanfelipe\u00f1o. <\/div> <\/div> <\/div> <!-- close group --> <div class=\"gallery-group images-1\" style=\"width: 159px; height: 109px;\" data-original-width=\"159\" data-original-height=\"109\" > <div class=\"tiled-gallery-item tiled-gallery-item-small\" itemprop=\"associatedMedia\" itemscope itemtype=\"http:\/\/schema.org\/ImageObject\"> <a href=\"https:\/\/eltrabajo.cl\/portal\/americo-los-jaivas-illapu-y-los-bunkers-se-presentaran-en-el-palmenia-pizarro\/los-jaivas-chacabuco\/\" border=\"0\" itemprop=\"url\"> <meta itemprop=\"width\" content=\"155\"> <meta itemprop=\"height\" content=\"105\"> <img decoding=\"async\" class=\"\" data-attachment-id=\"43276\" data-orig-file=\"https:\/\/eltrabajo.cl\/portal\/wp-content\/uploads\/2014\/02\/los-jaivas-chacabuco.jpg\" data-orig-size=\"529,357\" data-comments-opened=\"1\" data-image-meta=\"{&quot;aperture&quot;:&quot;10&quot;,&quot;credit&quot;:&quot;&quot;,&quot;camera&quot;:&quot;NIKON D90&quot;,&quot;caption&quot;:&quot;&quot;,&quot;created_timestamp&quot;:&quot;1320540790&quot;,&quot;copyright&quot;:&quot;&quot;,&quot;focal_length&quot;:&quot;50&quot;,&quot;iso&quot;:&quot;1000&quot;,&quot;shutter_speed&quot;:&quot;0.0125&quot;,&quot;title&quot;:&quot;&quot;}\" data-image-title=\"los-jaivas-chacabuco\" data-image-description=\"&lt;p&gt;El emblem\u00e1tico grupo Los Jaivas ser\u00e1 el encargado de abrir la segunda jornada.&lt;\/p&gt; \" data-medium-file=\"https:\/\/i0.wp.com\/eltrabajo.cl\/portal\/wp-content\/uploads\/2014\/02\/los-jaivas-chacabuco.jpg?fit=300%2C202&#038;ssl=1\" data-large-file=\"https:\/\/i0.wp.com\/eltrabajo.cl\/portal\/wp-content\/uploads\/2014\/02\/los-jaivas-chacabuco.jpg?fit=529%2C357&#038;ssl=1\" src=\"https:\/\/i0.wp.com\/eltrabajo.cl\/portal\/wp-content\/uploads\/2014\/02\/los-jaivas-chacabuco.jpg?w=155&#038;h=105&#038;ssl=1\" srcset=\"https:\/\/i0.wp.com\/eltrabajo.cl\/portal\/wp-content\/uploads\/2014\/02\/los-jaivas-chacabuco.jpg?w=529&amp;ssl=1 529w, https:\/\/i0.wp.com\/eltrabajo.cl\/portal\/wp-content\/uploads\/2014\/02\/los-jaivas-chacabuco.jpg?resize=200%2C134&amp;ssl=1 200w, https:\/\/i0.wp.com\/eltrabajo.cl\/portal\/wp-content\/uploads\/2014\/02\/los-jaivas-chacabuco.jpg?resize=300%2C202&amp;ssl=1 300w, https:\/\/i0.wp.com\/eltrabajo.cl\/portal\/wp-content\/uploads\/2014\/02\/los-jaivas-chacabuco.jpg?resize=150%2C101&amp;ssl=1 150w, https:\/\/i0.wp.com\/eltrabajo.cl\/portal\/wp-content\/uploads\/2014\/02\/los-jaivas-chacabuco.jpg?resize=400%2C269&amp;ssl=1 400w\" width=\"155\" height=\"105\" loading=\"lazy\" data-original-width=\"155\" data-original-height=\"105\" itemprop=\"http:\/\/schema.org\/image\" title=\"los-jaivas-chacabuco\" alt=\"El emblem\u00e1tico grupo Los Jaivas ser\u00e1 el encargado de abrir la segunda jornada.\" style=\"width: 155px; height: 105px;\" \/> <\/a> <div class=\"tiled-gallery-caption\" itemprop=\"caption description\"> El emblem\u00e1tico grupo Los Jaivas ser\u00e1 el encargado de abrir la segunda jornada. <\/div> <\/div> <\/div> <!-- close group --> <div class=\"gallery-group images-1\" style=\"width: 163px; height: 109px;\" data-original-width=\"163\" data-original-height=\"109\" > <div class=\"tiled-gallery-item tiled-gallery-item-small\" itemprop=\"associatedMedia\" itemscope itemtype=\"http:\/\/schema.org\/ImageObject\"> <a href=\"https:\/\/eltrabajo.cl\/portal\/americo-los-jaivas-illapu-y-los-bunkers-se-presentaran-en-el-palmenia-pizarro\/profesor-rossa\/\" border=\"0\" itemprop=\"url\"> <meta itemprop=\"width\" content=\"159\"> <meta itemprop=\"height\" content=\"105\"> <img decoding=\"async\" class=\"\" data-attachment-id=\"43277\" data-orig-file=\"https:\/\/eltrabajo.cl\/portal\/wp-content\/uploads\/2014\/02\/Profesor-Rossa.jpg\" data-orig-size=\"529,349\" data-comments-opened=\"1\" data-image-meta=\"{&quot;aperture&quot;:&quot;0&quot;,&quot;credit&quot;:&quot;Alvaro&quot;,&quot;camera&quot;:&quot;&quot;,&quot;caption&quot;:&quot;&quot;,&quot;created_timestamp&quot;:&quot;0&quot;,&quot;copyright&quot;:&quot;AVF&quot;,&quot;focal_length&quot;:&quot;0&quot;,&quot;iso&quot;:&quot;0&quot;,&quot;shutter_speed&quot;:&quot;0&quot;,&quot;title&quot;:&quot;&quot;}\" data-image-title=\"Profesor Rossa\" data-image-description=\"&lt;p&gt;El Huaso Filomeno e Iv\u00e1n Arenas (El Profesor Rossa) pondr\u00e1n la cuota de humor al XV Festival Palmenia Pizarro.&lt;\/p&gt; \" data-medium-file=\"https:\/\/i0.wp.com\/eltrabajo.cl\/portal\/wp-content\/uploads\/2014\/02\/Profesor-Rossa.jpg?fit=300%2C197&#038;ssl=1\" data-large-file=\"https:\/\/i0.wp.com\/eltrabajo.cl\/portal\/wp-content\/uploads\/2014\/02\/Profesor-Rossa.jpg?fit=529%2C349&#038;ssl=1\" src=\"https:\/\/i0.wp.com\/eltrabajo.cl\/portal\/wp-content\/uploads\/2014\/02\/Profesor-Rossa.jpg?w=159&#038;h=105&#038;ssl=1\" srcset=\"https:\/\/i0.wp.com\/eltrabajo.cl\/portal\/wp-content\/uploads\/2014\/02\/Profesor-Rossa.jpg?w=529&amp;ssl=1 529w, https:\/\/i0.wp.com\/eltrabajo.cl\/portal\/wp-content\/uploads\/2014\/02\/Profesor-Rossa.jpg?resize=200%2C131&amp;ssl=1 200w, https:\/\/i0.wp.com\/eltrabajo.cl\/portal\/wp-content\/uploads\/2014\/02\/Profesor-Rossa.jpg?resize=300%2C197&amp;ssl=1 300w, https:\/\/i0.wp.com\/eltrabajo.cl\/portal\/wp-content\/uploads\/2014\/02\/Profesor-Rossa.jpg?resize=150%2C98&amp;ssl=1 150w, https:\/\/i0.wp.com\/eltrabajo.cl\/portal\/wp-content\/uploads\/2014\/02\/Profesor-Rossa.jpg?resize=400%2C263&amp;ssl=1 400w\" width=\"159\" height=\"105\" loading=\"lazy\" data-original-width=\"159\" data-original-height=\"105\" itemprop=\"http:\/\/schema.org\/image\" title=\"Profesor Rossa\" alt=\"El Huaso Filomeno e Iv\u00e1n Arenas (El Profesor Rossa) pondr\u00e1n la cuota de humor al XV Festival Palmenia Pizarro.\" style=\"width: 159px; height: 105px;\" \/> <\/a> <div class=\"tiled-gallery-caption\" itemprop=\"caption description\"> El Huaso Filomeno e Iv\u00e1n Arenas (El Profesor Rossa) pondr\u00e1n la cuota de humor al XV Festival Palmenia Pizarro. <\/div> <\/div> <\/div> <!-- close group --> <\/div> <!-- close row --> <\/div>\n","protected":false},"excerpt":{"rendered":"<p>Evento se realizar\u00e1 el 7 y 8 de febrero: El humor estar\u00e1 a cargo del Profesor Rossa y del Huaso Filomeno. Una atractiva parrilla art\u00edstica es la que contempla la Municipalidad de&#8230;<\/p>\n","protected":false},"author":1,"featured_media":43275,"comment_status":"open","ping_status":"closed","sticky":false,"template":"","format":"standard","meta":{"advanced_seo_description":"","jetpack_seo_html_title":"","jetpack_seo_noindex":false,"_jetpack_memberships_contains_paid_content":false,"footnotes":""},"categories":[15],"tags":[],"class_list":["post-43270","post","type-post","status-publish","format-standard","has-post-thumbnail","hentry","category-comunidad"],"jetpack_featured_media_url":"https:\/\/i0.wp.com\/eltrabajo.cl\/portal\/wp-content\/uploads\/2014\/02\/los-bunkers.jpg?fit=529%2C358&ssl=1","jetpack_sharing_enabled":true,"jetpack_likes_enabled":true,"jetpack-related-posts":[],"_links":{"self":[{"href":"https:\/\/eltrabajo.cl\/portal\/wp-json\/wp\/v2\/posts\/43270","targetHints":{"allow":["GET"]}}],"collection":[{"href":"https:\/\/eltrabajo.cl\/portal\/wp-json\/wp\/v2\/posts"}],"about":[{"href":"https:\/\/eltrabajo.cl\/portal\/wp-json\/wp\/v2\/types\/post"}],"author":[{"embeddable":true,"href":"https:\/\/eltrabajo.cl\/portal\/wp-json\/wp\/v2\/users\/1"}],"replies":[{"embeddable":true,"href":"https:\/\/eltrabajo.cl\/portal\/wp-json\/wp\/v2\/comments?post=43270"}],"version-history":[{"count":0,"href":"https:\/\/eltrabajo.cl\/portal\/wp-json\/wp\/v2\/posts\/43270\/revisions"}],"wp:featuredmedia":[{"embeddable":true,"href":"https:\/\/eltrabajo.cl\/portal\/wp-json\/wp\/v2\/media\/43275"}],"wp:attachment":[{"href":"https:\/\/eltrabajo.cl\/portal\/wp-json\/wp\/v2\/media?parent=43270"}],"wp:term":[{"taxonomy":"category","embeddable":true,"href":"https:\/\/eltrabajo.cl\/portal\/wp-json\/wp\/v2\/categories?post=43270"},{"taxonomy":"post_tag","embeddable":true,"href":"https:\/\/eltrabajo.cl\/portal\/wp-json\/wp\/v2\/tags?post=43270"}],"curies":[{"name":"wp","href":"https:\/\/api.w.org\/{rel}","templated":true}]}}