{"id":43330,"date":"2014-02-20T09:05:31","date_gmt":"2014-02-20T12:05:31","guid":{"rendered":"http:\/\/www.eltrabajo.cl\/portal\/?p=43330"},"modified":"2014-02-20T09:05:39","modified_gmt":"2014-02-20T12:05:39","slug":"molestia-por-puestos-de-la-chaya-que-fueron-rematados-a-mitad-de-precio","status":"publish","type":"post","link":"https:\/\/eltrabajo.cl\/portal\/molestia-por-puestos-de-la-chaya-que-fueron-rematados-a-mitad-de-precio\/","title":{"rendered":"Molestia por puestos de la chaya que fueron rematados a mitad de precio"},"content":{"rendered":"<figure id=\"attachment_43331\" aria-describedby=\"caption-attachment-43331\" style=\"width: 528px\" class=\"wp-caption alignleft\"><a href=\"http:\/\/www.eltrabajo.cl\/portal\/2014\/02\/molestia-por-puestos-de-la-chaya-que-fueron-rematados-a-mitad-de-precio\/reclamo-chaya\/\" rel=\"attachment wp-att-43331\"><img data-recalc-dims=\"1\" loading=\"lazy\" decoding=\"async\" class=\"size-full wp-image-43331\" alt=\"Comerciantes que se instalaron con puestos para esta chaya en la Plaza de Putaendo, criticaron las diferencias de precios por piso y el que algunos vendan todo tipo de productos.\" src=\"https:\/\/i0.wp.com\/www.eltrabajo.cl\/portal\/wp-content\/uploads\/2014\/02\/reclamo-chaya.jpg?resize=528%2C322\" width=\"528\" height=\"322\" srcset=\"https:\/\/i0.wp.com\/eltrabajo.cl\/portal\/wp-content\/uploads\/2014\/02\/reclamo-chaya.jpg?w=528&amp;ssl=1 528w, https:\/\/i0.wp.com\/eltrabajo.cl\/portal\/wp-content\/uploads\/2014\/02\/reclamo-chaya.jpg?resize=200%2C121&amp;ssl=1 200w, https:\/\/i0.wp.com\/eltrabajo.cl\/portal\/wp-content\/uploads\/2014\/02\/reclamo-chaya.jpg?resize=300%2C182&amp;ssl=1 300w, https:\/\/i0.wp.com\/eltrabajo.cl\/portal\/wp-content\/uploads\/2014\/02\/reclamo-chaya.jpg?resize=150%2C91&amp;ssl=1 150w, https:\/\/i0.wp.com\/eltrabajo.cl\/portal\/wp-content\/uploads\/2014\/02\/reclamo-chaya.jpg?resize=400%2C243&amp;ssl=1 400w\" sizes=\"auto, (max-width: 528px) 100vw, 528px\" \/><\/a><figcaption id=\"caption-attachment-43331\" class=\"wp-caption-text\">Comerciantes que se instalaron con puestos para esta chaya en la Plaza de Putaendo, criticaron las diferencias de precios por piso y el que algunos vendan todo tipo de productos.<\/figcaption><\/figure>\n<p><strong>PUTAENDO.-<\/strong> Bastante molestos se encuentran algunos peque\u00f1os comerciantes de la comuna de Putaendo que remataron los puestos o pisos para el Carnaval de la Chaya, luego de comprobar que tres puestos fueron rematados pr\u00e1cticamente a mitad de precio del valor real que ellos debieron pagar.<br \/>\nElizabeth Osses junto a otra comerciante acudieron hasta el Concejo Municipal, que sesion\u00f3 la ma\u00f1ana de este mi\u00e9rcoles, y con documentos en mano le indicaron al alcalde y a los concejales que se sienten pasadas a llevar, pues se firm\u00f3 un contrato donde seg\u00fan lo mostrado se indica que al haberse adjudicado un puesto de chucher\u00edas, solo pod\u00edan vender lo que ah\u00ed expresamente dec\u00eda y no otro tipo de productos, y que hoy han visto como otros comerciantes, que por ejemplo se adjudicaron la venta de chaya, se encuentran vendiendo otros productos como pelotas saltarinas, m\u00e1scaras y otros elementos, incluidas las chucher\u00edas.<br \/>\nLo que m\u00e1s ha molestado a este grupo de comerciantes es que en el caso de Elizabeth Osses, ella ofert\u00f3 por un puesto de chucher\u00edas la suma de $130.000 y se lo adjudic\u00f3, a lo que se suman los $30.000 que debi\u00f3 pagar en el Servicio de Impuestos Internos, por lo que se\u00f1al\u00f3 que luego que a la municipalidad le quedaran tres puestos disponibles para juegos menores, se realiz\u00f3 una segunda venta en forma directa y que puntualmente otro comerciante hoy tambi\u00e9n est\u00e1 vendiendo chucher\u00edas luego de haber pagado solo $60.000.<br \/>\nElizabeth Osses asegura que de haber sabido eso tambi\u00e9n hubiese esperado que sobraran puestos para pagar mucho menos y no el valor que ofreci\u00f3, en un hecho que calific\u00f3 como impresentable y por eso decidi\u00f3 hacer el reclamo ante el Concejo Municipal, donde esperaba le hubiesen entregado una soluci\u00f3n m\u00e1s concreta, pero asegur\u00f3 que nada sac\u00f3 en limpio.<\/p>\n<p><strong>MEDIDAS MUNICIPALES<\/strong><br \/>\nEl tema fue analizado por el Concejo en pleno y uno de los encargados del evento y el alcalde, con el respaldo del Concejo Municipal, acordaron que se exigir\u00e1 a los comerciantes que solo vendan los productos para los cuales remataron los pisos, de lo contrario se proceder\u00e1 a la clausura de sus locales y se les devolver\u00e1 en forma proporcional el valor que pagaron por ello. Respecto a la diferencia de los pisos rematados, no hubo pronunciamiento y solo se dijo que la municipalidad deb\u00eda rematar los tres pisos disponibles al mejor postor, lo que fue hecho como se estableci\u00f3.<\/p>\n<p><strong>PROHIBEN ESPUMA EN AEROSOL<\/strong><br \/>\nEl Concejo Municipal de Putaendo junto al alcalde, luego de analizar los m\u00faltiples reclamos de los comerciantes y de la ciudadan\u00eda en cuanto a lo desagradable que se ha tornado encontrarse con el uso de la espuma en aerosol que en esta versi\u00f3n del Carnaval de la Chaya ha sido el producto de excelencia por ni\u00f1os, j\u00f3venes y adultos, acord\u00f3 que en uso de las facultades que tiene la municipalidad, ser\u00e1 emitido un decreto que prohibir\u00e1 en un bien de uso p\u00fablico como es la plaza de Putaendo, bajo la administraci\u00f3n del municipio, la venta y el uso de espuma en aerosol o \u2018spray\u2019 durante el desarrollo de los d\u00edas que quedan del Carnaval de la Chaya, y corresponder\u00e1 a Carabineros supervisar y hacer cumplir este decreto municipal.<br \/>\nA pesar que la municipalidad prohibi\u00f3 vender estos productos a los comerciantes que se adjudicaron puestos para la chaya, de igual forma algunos ambulantes se las ingenian para venderlas en la plaza y el comercio establecido que est\u00e1 en el centro de la comuna tambi\u00e9n se encuentra vendi\u00e9ndolos, lo que ha generado la molestia de varias personas que acuden noche a noche a la plaza de Putaendo.<br \/>\n<strong>Patricio Gallardo M.<\/strong><\/p>\n","protected":false},"excerpt":{"rendered":"<p>PUTAENDO.- Bastante molestos se encuentran algunos peque\u00f1os comerciantes de la comuna de Putaendo que remataron los puestos o pisos para el Carnaval de la Chaya, luego de comprobar que tres puestos fueron&#8230;<\/p>\n","protected":false},"author":1,"featured_media":43331,"comment_status":"open","ping_status":"closed","sticky":false,"template":"","format":"standard","meta":{"advanced_seo_description":"","jetpack_seo_html_title":"","jetpack_seo_noindex":false,"_jetpack_memberships_contains_paid_content":false,"footnotes":""},"categories":[15],"tags":[],"class_list":["post-43330","post","type-post","status-publish","format-standard","has-post-thumbnail","hentry","category-comunidad"],"jetpack_featured_media_url":"https:\/\/i0.wp.com\/eltrabajo.cl\/portal\/wp-content\/uploads\/2014\/02\/reclamo-chaya.jpg?fit=528%2C322&ssl=1","jetpack_sharing_enabled":true,"jetpack_likes_enabled":true,"jetpack-related-posts":[],"_links":{"self":[{"href":"https:\/\/eltrabajo.cl\/portal\/wp-json\/wp\/v2\/posts\/43330","targetHints":{"allow":["GET"]}}],"collection":[{"href":"https:\/\/eltrabajo.cl\/portal\/wp-json\/wp\/v2\/posts"}],"about":[{"href":"https:\/\/eltrabajo.cl\/portal\/wp-json\/wp\/v2\/types\/post"}],"author":[{"embeddable":true,"href":"https:\/\/eltrabajo.cl\/portal\/wp-json\/wp\/v2\/users\/1"}],"replies":[{"embeddable":true,"href":"https:\/\/eltrabajo.cl\/portal\/wp-json\/wp\/v2\/comments?post=43330"}],"version-history":[{"count":0,"href":"https:\/\/eltrabajo.cl\/portal\/wp-json\/wp\/v2\/posts\/43330\/revisions"}],"wp:featuredmedia":[{"embeddable":true,"href":"https:\/\/eltrabajo.cl\/portal\/wp-json\/wp\/v2\/media\/43331"}],"wp:attachment":[{"href":"https:\/\/eltrabajo.cl\/portal\/wp-json\/wp\/v2\/media?parent=43330"}],"wp:term":[{"taxonomy":"category","embeddable":true,"href":"https:\/\/eltrabajo.cl\/portal\/wp-json\/wp\/v2\/categories?post=43330"},{"taxonomy":"post_tag","embeddable":true,"href":"https:\/\/eltrabajo.cl\/portal\/wp-json\/wp\/v2\/tags?post=43330"}],"curies":[{"name":"wp","href":"https:\/\/api.w.org\/{rel}","templated":true}]}}