{"id":43344,"date":"2014-02-20T09:12:45","date_gmt":"2014-02-20T12:12:45","guid":{"rendered":"http:\/\/www.eltrabajo.cl\/portal\/?p=43344"},"modified":"2014-02-20T09:42:52","modified_gmt":"2014-02-20T12:42:52","slug":"serrania-rinconada-de-silva-mantiene-postura-por-terrenos-de-la-ermita","status":"publish","type":"post","link":"https:\/\/eltrabajo.cl\/portal\/serrania-rinconada-de-silva-mantiene-postura-por-terrenos-de-la-ermita\/","title":{"rendered":"Serran\u00eda Rda. de Silva mantiene postura por terrenos de La Ermita"},"content":{"rendered":"<figure id=\"attachment_43345\" aria-describedby=\"caption-attachment-43345\" style=\"width: 528px\" class=\"wp-caption alignleft\"><a href=\"http:\/\/www.eltrabajo.cl\/portal\/2014\/02\/serrania-rinconada-de-silva-mantiene-postura-por-terrenos-de-la-ermita\/hermita\/\" rel=\"attachment wp-att-43345\"><img data-recalc-dims=\"1\" loading=\"lazy\" decoding=\"async\" class=\"size-full wp-image-43345\" alt=\"La Ermita de la Serran\u00eda de Rinconada de Silva ser\u00e1 respetada como un lugar de oraci\u00f3n, asegur\u00f3 la nueva presidenta de la Serran\u00eda de Rinconada de Silva, Eva Araya.\" src=\"https:\/\/i0.wp.com\/www.eltrabajo.cl\/portal\/wp-content\/uploads\/2014\/02\/hermita.jpg?resize=528%2C401\" width=\"528\" height=\"401\" srcset=\"https:\/\/i0.wp.com\/eltrabajo.cl\/portal\/wp-content\/uploads\/2014\/02\/hermita.jpg?w=528&amp;ssl=1 528w, https:\/\/i0.wp.com\/eltrabajo.cl\/portal\/wp-content\/uploads\/2014\/02\/hermita.jpg?resize=197%2C150&amp;ssl=1 197w, https:\/\/i0.wp.com\/eltrabajo.cl\/portal\/wp-content\/uploads\/2014\/02\/hermita.jpg?resize=300%2C227&amp;ssl=1 300w, https:\/\/i0.wp.com\/eltrabajo.cl\/portal\/wp-content\/uploads\/2014\/02\/hermita.jpg?resize=150%2C113&amp;ssl=1 150w, https:\/\/i0.wp.com\/eltrabajo.cl\/portal\/wp-content\/uploads\/2014\/02\/hermita.jpg?resize=400%2C303&amp;ssl=1 400w\" sizes=\"auto, (max-width: 528px) 100vw, 528px\" \/><\/a><figcaption id=\"caption-attachment-43345\" class=\"wp-caption-text\">La Ermita de la Serran\u00eda de Rinconada de Silva ser\u00e1 respetada como un lugar de oraci\u00f3n, asegur\u00f3 la nueva presidenta de la Serran\u00eda de Rinconada de Silva, Eva Araya.<\/figcaption><\/figure>\n<p><strong>PUTAENDO.-<\/strong> Hace un par de semanas, la Serran\u00eda de Rinconada de Silva eligi\u00f3 su nueva directiva que ser\u00e1 encabezada por la se\u00f1ora Eva Araya, quien reemplazar\u00e1 en el cargo de presidente a Marta Silva, quien fue presidente de la entidad durante varios per\u00edodos. A pesar que ha existido bastante hermetismo referente a la elecci\u00f3n, que tampoco ha sido comunicada a lo menos a la opini\u00f3n p\u00fablica, nuestro medio contact\u00f3 telef\u00f3nicamente a la nueva presidente, Eva Araya.<br \/>\nEsta conversaci\u00f3n que fue de car\u00e1cter no oficial, nos permiti\u00f3 conocer espec\u00edficamente su postura referente al conflicto que en el \u00faltimo tiempo se ha suscitado entre la Serran\u00eda de Rinconada de Silva y la Parroquia Nuestra Se\u00f1ora del Carmen, luego que el Cura Ricardo G\u00f3mez p\u00fablicamente diera a conocer que est\u00e1n solicitando la regularizaci\u00f3n de los terrenos de La Ermita de los Ba\u00f1os del Parr\u00f3n y del Cristo de Madera a nombre de la parroquia.<br \/>\nEva Araya se\u00f1al\u00f3 que referente a este tema ella tiene su opini\u00f3n personal, pero que como presidente de la serran\u00eda debe interpretar lo que 180 comuneros votaron y acordaron e indic\u00f3 que qued\u00f3 claro que es imposible entregar los terrenos para que los administre un particular o la parroquia pues eso no est\u00e1 en los estatutos de la serran\u00eda, adem\u00e1s dijo que siempre ha existido y existe la voluntad de entregar un comodato a la parroquia que puede tener la seguridad que esos terrenos siempre ser\u00e1n para uso religioso.<br \/>\nLa dirigente agreg\u00f3 que le sorprenden las \u00faltimas informaciones que se\u00f1alan que la serran\u00eda no ha dado respuesta al p\u00fablico llamado que hiciera el Obispo Cristian Contreras para reunirse e indic\u00f3 que en dos ocasiones el Obispo Contreras no les ha querido recibir y que incluso se les habr\u00eda dicho que el obispo solo los recibir\u00eda por temas pastorales.<br \/>\nLa nueva presidente de la serran\u00eda dijo que no puede entregar m\u00e1s detalles y nos solicit\u00f3 comprender que la asamblea acord\u00f3 no hacer declaraciones a la prensa y que antes de fines de mes har\u00e1n llegar un comunicado de prensa formal y extensa, refiri\u00e9ndose al impasse con la Parroquia de Rinconada de Silva.<br \/>\nA pesar de intentar por varios medios conocer los nombres que componen de la nueva directiva y como se desarroll\u00f3 el proceso electoral, esto no fue posible ya que algunos comuneros y comuneras solicitaron encarecidamente en la elecci\u00f3n que los detalles no fueran entregados a nuestro medio.<br \/>\n<strong>Patricio Gallardo M.<\/strong><\/p>\n","protected":false},"excerpt":{"rendered":"<p>PUTAENDO.- Hace un par de semanas, la Serran\u00eda de Rinconada de Silva eligi\u00f3 su nueva directiva que ser\u00e1 encabezada por la se\u00f1ora Eva Araya, quien reemplazar\u00e1 en el cargo de presidente a&#8230;<\/p>\n","protected":false},"author":1,"featured_media":43345,"comment_status":"open","ping_status":"closed","sticky":false,"template":"","format":"standard","meta":{"advanced_seo_description":"","jetpack_seo_html_title":"","jetpack_seo_noindex":false,"_jetpack_memberships_contains_paid_content":false,"footnotes":""},"categories":[15],"tags":[],"class_list":["post-43344","post","type-post","status-publish","format-standard","has-post-thumbnail","hentry","category-comunidad"],"jetpack_featured_media_url":"https:\/\/i0.wp.com\/eltrabajo.cl\/portal\/wp-content\/uploads\/2014\/02\/hermita.jpg?fit=528%2C401&ssl=1","jetpack_sharing_enabled":true,"jetpack_likes_enabled":true,"jetpack-related-posts":[],"_links":{"self":[{"href":"https:\/\/eltrabajo.cl\/portal\/wp-json\/wp\/v2\/posts\/43344","targetHints":{"allow":["GET"]}}],"collection":[{"href":"https:\/\/eltrabajo.cl\/portal\/wp-json\/wp\/v2\/posts"}],"about":[{"href":"https:\/\/eltrabajo.cl\/portal\/wp-json\/wp\/v2\/types\/post"}],"author":[{"embeddable":true,"href":"https:\/\/eltrabajo.cl\/portal\/wp-json\/wp\/v2\/users\/1"}],"replies":[{"embeddable":true,"href":"https:\/\/eltrabajo.cl\/portal\/wp-json\/wp\/v2\/comments?post=43344"}],"version-history":[{"count":0,"href":"https:\/\/eltrabajo.cl\/portal\/wp-json\/wp\/v2\/posts\/43344\/revisions"}],"wp:featuredmedia":[{"embeddable":true,"href":"https:\/\/eltrabajo.cl\/portal\/wp-json\/wp\/v2\/media\/43345"}],"wp:attachment":[{"href":"https:\/\/eltrabajo.cl\/portal\/wp-json\/wp\/v2\/media?parent=43344"}],"wp:term":[{"taxonomy":"category","embeddable":true,"href":"https:\/\/eltrabajo.cl\/portal\/wp-json\/wp\/v2\/categories?post=43344"},{"taxonomy":"post_tag","embeddable":true,"href":"https:\/\/eltrabajo.cl\/portal\/wp-json\/wp\/v2\/tags?post=43344"}],"curies":[{"name":"wp","href":"https:\/\/api.w.org\/{rel}","templated":true}]}}