{"id":43462,"date":"2014-02-24T09:25:14","date_gmt":"2014-02-24T12:25:14","guid":{"rendered":"http:\/\/www.eltrabajo.cl\/portal\/?p=43462"},"modified":"2014-02-24T09:25:14","modified_gmt":"2014-02-24T12:25:14","slug":"reina-de-la-chaya-y-manuel-garcia-causan-furor-en-ultima-noche-de-carnaval","status":"publish","type":"post","link":"https:\/\/eltrabajo.cl\/portal\/reina-de-la-chaya-y-manuel-garcia-causan-furor-en-ultima-noche-de-carnaval\/","title":{"rendered":"Reina de la Chaya y Manuel Garc\u00eda causan furor en \u00faltima noche de carnaval"},"content":{"rendered":"<p><strong>PUTAENDO.-<\/strong> La \u00faltima noche del Carnaval de la Chaya estuvo marcada por la extraordinaria presentaci\u00f3n del trovador Manuel Garc\u00eda, la coronaci\u00f3n de la nueva reina de la Chaya Marcela Estay y la multitudinaria presentaci\u00f3n de los reggaetoneros de Eycy &amp; Cody.<br \/>\nCon la presencia del alcalde Guillermo Reyes, casi la totalidad del Concejo Municipal, el director regional de SERNATUR, Milos Miskovic y el nuevo intendente Ricardo Bravo que asumir\u00e1 sus funciones el pr\u00f3ximo 11 de marzo, se inici\u00f3 pasadas las 22:00 horas la \u00faltima noche del Carnaval de la Chaya con la presentaci\u00f3n de Manuel Garc\u00eda, que hizo un amplio recorrido por sus grandes y nuevos \u00e9xitos como \u201cHablar de Ti\u201d, \u201cT\u00e9mpera\u201d, \u201cAl final del Viaje\u201d entre otros y con su extraordinaria voz cautiv\u00f3 a todo el p\u00fablico.<br \/>\nEl punto negro de esta presentaci\u00f3n lo pusieron los asistentes del equipo t\u00e9cnico del artista, que sin respeto alguno insultaron delante de muchas personas al productor del evento, Cristopher Mercado, a los colegas del portal Dnoticias, a nuestro medio y al fot\u00f3grafo Jorge Menares, a quienes prohibieron grabar y tomar fotograf\u00edas de la presentaci\u00f3n.<br \/>\nDespu\u00e9s de la larga presentaci\u00f3n de Manuel Garc\u00eda vino el humor que estuvo a cargo de Millenium Show, quienes exhibieron una rutina incluso un poco parecida al d\u00fao del d\u00eda anterior, pero de igual manera entretuvo a todo el p\u00fablico presente.<br \/>\nPosteriormente se procedi\u00f3 a la coronaci\u00f3n de la nueva reina del Carnaval de la Chaya, que recay\u00f3 en la representante de la Parroquia San Antonio Marcela Estay, quien recibi\u00f3 la corona de manos del alcalde Guillermo Reyes, los concejales presentes y los miembros de la Uni\u00f3n Comunal de Juntas de Vecinos Valle de Putaendo Mar\u00eda Salinas, Mar\u00eda \u201cMayo\u201d Andrade y Claudio Tapia. Marcela Estay destac\u00f3 y agradeci\u00f3 todo el trabajo de sus colegas de la Parroquia San Antonio de Padua durante toda su candidatura a reina.<br \/>\nEl joven artista local Lyan El Ingenio Musical tuvo su oportunidad y se la jug\u00f3 al m\u00e1ximo para entregar sus canciones acompa\u00f1ado de dos bellas bailarinas y tambi\u00e9n recibi\u00f3 el aplauso de todo el p\u00fablico.<br \/>\nCerca de la 01:30 horas lleg\u00f3 el turno del grupo reggaetonero Eycy &amp; Cody que desde un principio desat\u00f3 la euforia del p\u00fablico, en su mayor\u00eda j\u00f3venes que pacientemente hab\u00edan esperado su presentaci\u00f3n y fue as\u00ed como la organizaci\u00f3n del evento comenz\u00f3 a retirar las sillas desde el palco pues la gran cantidad de j\u00f3venes hac\u00eda inminente el colapso de las barreras de seguridad, lo que finalmente ocurri\u00f3 en una peligrosa situaci\u00f3n que a pesar de los esfuerzos de los guardias de seguridad, los funcionarios municipales y el propio alcalde no se pudo evitar.<br \/>\nEl d\u00fao Eycy &amp; Cody finaliz\u00f3 su presentaci\u00f3n pasadas las dos de la madrugada y finalmente el grupo Los Chicos de Oro cerraron la \u00faltima noche del Carnaval de la Chaya con sus mejores \u00e9xitos hasta eso de las tres de la madrugada.<br \/>\nMilos Miskovic en conversaci\u00f3n con Putaendo Informa destac\u00f3 como la comuna de Putaendo tiene una riqueza patrimonial y tur\u00edstica enorme e indic\u00f3 que con mucho agrado hab\u00eda querido estar en la \u00faltima noche del Carnaval de la Chaya, adem\u00e1s felicit\u00f3 la organizaci\u00f3n y sobre todo el esfuerzo del alcalde Guillermo Reyes y del Concejo Municipal de Putaendo, a lo que se sumaron las palabras del nuevo intendente Ricardo Bravo, quien tambi\u00e9n felicit\u00f3 a las autoridades por organizar el Carnaval de la Chaya.<br \/>\n<strong>Patricio Gallardo M.<\/strong><\/p>\n<div class=\"tiled-gallery type-rectangular tiled-gallery-unresized\" data-original-width=\"640\" data-carousel-extra='null' itemscope itemtype=\"http:\/\/schema.org\/ImageGallery\" > <div class=\"gallery-row\" style=\"width: 640px; height: 315px;\" data-original-width=\"640\" data-original-height=\"315\" > <div class=\"gallery-group images-1\" style=\"width: 462px; height: 315px;\" data-original-width=\"462\" data-original-height=\"315\" > <div class=\"tiled-gallery-item tiled-gallery-item-large\" itemprop=\"associatedMedia\" itemscope itemtype=\"http:\/\/schema.org\/ImageObject\"> <a href=\"https:\/\/eltrabajo.cl\/portal\/reina-de-la-chaya-y-manuel-garcia-causan-furor-en-ultima-noche-de-carnaval\/alcalde-reyes-chaya\/\" border=\"0\" itemprop=\"url\"> <meta itemprop=\"width\" content=\"458\"> <meta itemprop=\"height\" content=\"311\"> <img decoding=\"async\" class=\"\" data-attachment-id=\"43463\" data-orig-file=\"https:\/\/eltrabajo.cl\/portal\/wp-content\/uploads\/2014\/02\/alcalde-reyes-chaya.jpg\" data-orig-size=\"528,358\" data-comments-opened=\"1\" data-image-meta=\"{&quot;aperture&quot;:&quot;5.6&quot;,&quot;credit&quot;:&quot;&quot;,&quot;camera&quot;:&quot;Canon EOS REBEL T3&quot;,&quot;caption&quot;:&quot;&quot;,&quot;created_timestamp&quot;:&quot;1380332013&quot;,&quot;copyright&quot;:&quot;&quot;,&quot;focal_length&quot;:&quot;21&quot;,&quot;iso&quot;:&quot;3200&quot;,&quot;shutter_speed&quot;:&quot;0.005&quot;,&quot;title&quot;:&quot;&quot;}\" data-image-title=\"alcalde reyes chaya\" data-image-description=\"&lt;p&gt;Con la presencia del alcalde Guillermo Reyes y casi la totalidad del Concejo Municipal, se inici\u00f3 pasadas las 22:00 horas la \u00faltima noche del Carnaval de la Chaya, evento que cont\u00f3 con un gran marco de p\u00fablico.&lt;\/p&gt; \" data-medium-file=\"https:\/\/i0.wp.com\/eltrabajo.cl\/portal\/wp-content\/uploads\/2014\/02\/alcalde-reyes-chaya.jpg?fit=300%2C203&#038;ssl=1\" data-large-file=\"https:\/\/i0.wp.com\/eltrabajo.cl\/portal\/wp-content\/uploads\/2014\/02\/alcalde-reyes-chaya.jpg?fit=528%2C358&#038;ssl=1\" src=\"https:\/\/i0.wp.com\/eltrabajo.cl\/portal\/wp-content\/uploads\/2014\/02\/alcalde-reyes-chaya.jpg?w=458&#038;h=311&#038;ssl=1\" srcset=\"https:\/\/i0.wp.com\/eltrabajo.cl\/portal\/wp-content\/uploads\/2014\/02\/alcalde-reyes-chaya.jpg?w=528&amp;ssl=1 528w, https:\/\/i0.wp.com\/eltrabajo.cl\/portal\/wp-content\/uploads\/2014\/02\/alcalde-reyes-chaya.jpg?resize=200%2C135&amp;ssl=1 200w, https:\/\/i0.wp.com\/eltrabajo.cl\/portal\/wp-content\/uploads\/2014\/02\/alcalde-reyes-chaya.jpg?resize=300%2C203&amp;ssl=1 300w, https:\/\/i0.wp.com\/eltrabajo.cl\/portal\/wp-content\/uploads\/2014\/02\/alcalde-reyes-chaya.jpg?resize=150%2C101&amp;ssl=1 150w, https:\/\/i0.wp.com\/eltrabajo.cl\/portal\/wp-content\/uploads\/2014\/02\/alcalde-reyes-chaya.jpg?resize=400%2C271&amp;ssl=1 400w\" width=\"458\" height=\"311\" loading=\"lazy\" data-original-width=\"458\" data-original-height=\"311\" itemprop=\"http:\/\/schema.org\/image\" title=\"alcalde reyes chaya\" alt=\"Con la presencia del alcalde Guillermo Reyes y casi la totalidad del Concejo Municipal, se inici\u00f3 pasadas las 22:00 horas la \u00faltima noche del Carnaval de la Chaya, evento que cont\u00f3 con un gran marco de p\u00fablico.\" style=\"width: 458px; height: 311px;\" \/> <\/a> <div class=\"tiled-gallery-caption\" itemprop=\"caption description\"> Con la presencia del alcalde Guillermo Reyes y casi la totalidad del Concejo Municipal, se inici\u00f3 pasadas las 22:00 horas la \u00faltima noche del Carnaval de la Chaya, evento que cont\u00f3 con un gran marco de p\u00fablico. <\/div> <\/div> <\/div> <!-- close group --> <div class=\"gallery-group images-2\" style=\"width: 178px; height: 315px;\" data-original-width=\"178\" data-original-height=\"315\" > <div class=\"tiled-gallery-item tiled-gallery-item-small\" itemprop=\"associatedMedia\" itemscope itemtype=\"http:\/\/schema.org\/ImageObject\"> <a href=\"https:\/\/eltrabajo.cl\/portal\/reina-de-la-chaya-y-manuel-garcia-causan-furor-en-ultima-noche-de-carnaval\/millenium-show-2\/\" border=\"0\" itemprop=\"url\"> <meta itemprop=\"width\" content=\"174\"> <meta itemprop=\"height\" content=\"126\"> <img decoding=\"async\" class=\"\" data-attachment-id=\"43464\" data-orig-file=\"https:\/\/eltrabajo.cl\/portal\/wp-content\/uploads\/2014\/02\/millenium-show.jpg\" data-orig-size=\"529,383\" data-comments-opened=\"1\" data-image-meta=\"{&quot;aperture&quot;:&quot;5.6&quot;,&quot;credit&quot;:&quot;&quot;,&quot;camera&quot;:&quot;Canon EOS REBEL T3&quot;,&quot;caption&quot;:&quot;&quot;,&quot;created_timestamp&quot;:&quot;1380326600&quot;,&quot;copyright&quot;:&quot;&quot;,&quot;focal_length&quot;:&quot;44&quot;,&quot;iso&quot;:&quot;3200&quot;,&quot;shutter_speed&quot;:&quot;0.005&quot;,&quot;title&quot;:&quot;&quot;}\" data-image-title=\"millenium show\" data-image-description=\"&lt;p&gt;Despu\u00e9s de la presentaci\u00f3n de Manuel Garc\u00eda vino el humor a cargo de Millenium Show.&lt;\/p&gt; \" data-medium-file=\"https:\/\/i0.wp.com\/eltrabajo.cl\/portal\/wp-content\/uploads\/2014\/02\/millenium-show.jpg?fit=300%2C217&#038;ssl=1\" data-large-file=\"https:\/\/i0.wp.com\/eltrabajo.cl\/portal\/wp-content\/uploads\/2014\/02\/millenium-show.jpg?fit=529%2C383&#038;ssl=1\" src=\"https:\/\/i0.wp.com\/eltrabajo.cl\/portal\/wp-content\/uploads\/2014\/02\/millenium-show.jpg?w=174&#038;h=126&#038;ssl=1\" srcset=\"https:\/\/i0.wp.com\/eltrabajo.cl\/portal\/wp-content\/uploads\/2014\/02\/millenium-show.jpg?w=529&amp;ssl=1 529w, https:\/\/i0.wp.com\/eltrabajo.cl\/portal\/wp-content\/uploads\/2014\/02\/millenium-show.jpg?resize=200%2C144&amp;ssl=1 200w, https:\/\/i0.wp.com\/eltrabajo.cl\/portal\/wp-content\/uploads\/2014\/02\/millenium-show.jpg?resize=300%2C217&amp;ssl=1 300w, https:\/\/i0.wp.com\/eltrabajo.cl\/portal\/wp-content\/uploads\/2014\/02\/millenium-show.jpg?resize=150%2C108&amp;ssl=1 150w, https:\/\/i0.wp.com\/eltrabajo.cl\/portal\/wp-content\/uploads\/2014\/02\/millenium-show.jpg?resize=400%2C289&amp;ssl=1 400w\" width=\"174\" height=\"126\" loading=\"lazy\" data-original-width=\"174\" data-original-height=\"126\" itemprop=\"http:\/\/schema.org\/image\" title=\"millenium show\" alt=\"Despu\u00e9s de la presentaci\u00f3n de Manuel Garc\u00eda vino el humor a cargo de Millenium Show.\" style=\"width: 174px; height: 126px;\" \/> <\/a> <div class=\"tiled-gallery-caption\" itemprop=\"caption description\"> Despu\u00e9s de la presentaci\u00f3n de Manuel Garc\u00eda vino el humor a cargo de Millenium Show. <\/div> <\/div> <div class=\"tiled-gallery-item tiled-gallery-item-small\" itemprop=\"associatedMedia\" itemscope itemtype=\"http:\/\/schema.org\/ImageObject\"> <a href=\"https:\/\/eltrabajo.cl\/portal\/reina-de-la-chaya-y-manuel-garcia-causan-furor-en-ultima-noche-de-carnaval\/reina1\/\" border=\"0\" itemprop=\"url\"> <meta itemprop=\"width\" content=\"174\"> <meta itemprop=\"height\" content=\"181\"> <img decoding=\"async\" class=\"\" data-attachment-id=\"43465\" data-orig-file=\"https:\/\/eltrabajo.cl\/portal\/wp-content\/uploads\/2014\/02\/Reina1.jpg\" data-orig-size=\"529,551\" data-comments-opened=\"1\" data-image-meta=\"{&quot;aperture&quot;:&quot;5.6&quot;,&quot;credit&quot;:&quot;&quot;,&quot;camera&quot;:&quot;Canon EOS REBEL T3&quot;,&quot;caption&quot;:&quot;&quot;,&quot;created_timestamp&quot;:&quot;1380330301&quot;,&quot;copyright&quot;:&quot;&quot;,&quot;focal_length&quot;:&quot;28&quot;,&quot;iso&quot;:&quot;3200&quot;,&quot;shutter_speed&quot;:&quot;0.005&quot;,&quot;title&quot;:&quot;&quot;}\" data-image-title=\"Reina1\" data-image-description=\"&lt;p&gt;Marcela Estay destac\u00f3 y agradeci\u00f3 todo el trabajo de sus colegas de la Parroquia San Antonio de Padua durante toda su candidatura a reina.&lt;\/p&gt; \" data-medium-file=\"https:\/\/i0.wp.com\/eltrabajo.cl\/portal\/wp-content\/uploads\/2014\/02\/Reina1.jpg?fit=288%2C300&#038;ssl=1\" data-large-file=\"https:\/\/i0.wp.com\/eltrabajo.cl\/portal\/wp-content\/uploads\/2014\/02\/Reina1.jpg?fit=529%2C551&#038;ssl=1\" src=\"https:\/\/i0.wp.com\/eltrabajo.cl\/portal\/wp-content\/uploads\/2014\/02\/Reina1.jpg?w=174&#038;h=181&#038;ssl=1\" srcset=\"https:\/\/i0.wp.com\/eltrabajo.cl\/portal\/wp-content\/uploads\/2014\/02\/Reina1.jpg?w=529&amp;ssl=1 529w, https:\/\/i0.wp.com\/eltrabajo.cl\/portal\/wp-content\/uploads\/2014\/02\/Reina1.jpg?resize=144%2C150&amp;ssl=1 144w, https:\/\/i0.wp.com\/eltrabajo.cl\/portal\/wp-content\/uploads\/2014\/02\/Reina1.jpg?resize=288%2C300&amp;ssl=1 288w, https:\/\/i0.wp.com\/eltrabajo.cl\/portal\/wp-content\/uploads\/2014\/02\/Reina1.jpg?resize=400%2C416&amp;ssl=1 400w\" width=\"174\" height=\"181\" loading=\"lazy\" data-original-width=\"174\" data-original-height=\"181\" itemprop=\"http:\/\/schema.org\/image\" title=\"Reina1\" alt=\"Marcela Estay destac\u00f3 y agradeci\u00f3 todo el trabajo de sus colegas de la Parroquia San Antonio de Padua durante toda su candidatura a reina.\" style=\"width: 174px; height: 181px;\" \/> <\/a> <div class=\"tiled-gallery-caption\" itemprop=\"caption description\"> Marcela Estay destac\u00f3 y agradeci\u00f3 todo el trabajo de sus colegas de la Parroquia San Antonio de Padua durante toda su candidatura a reina. <\/div> <\/div> <\/div> <!-- close group --> <\/div> <!-- close row --> <\/div>\n","protected":false},"excerpt":{"rendered":"<p>PUTAENDO.- La \u00faltima noche del Carnaval de la Chaya estuvo marcada por la extraordinaria presentaci\u00f3n del trovador Manuel Garc\u00eda, la coronaci\u00f3n de la nueva reina de la Chaya Marcela Estay y la&#8230;<\/p>\n","protected":false},"author":1,"featured_media":43465,"comment_status":"open","ping_status":"closed","sticky":false,"template":"","format":"standard","meta":{"advanced_seo_description":"","jetpack_seo_html_title":"","jetpack_seo_noindex":false,"_jetpack_memberships_contains_paid_content":false,"footnotes":""},"categories":[15],"tags":[],"class_list":["post-43462","post","type-post","status-publish","format-standard","has-post-thumbnail","hentry","category-comunidad"],"jetpack_featured_media_url":"https:\/\/i0.wp.com\/eltrabajo.cl\/portal\/wp-content\/uploads\/2014\/02\/Reina1.jpg?fit=529%2C551&ssl=1","jetpack_sharing_enabled":true,"jetpack_likes_enabled":true,"jetpack-related-posts":[],"_links":{"self":[{"href":"https:\/\/eltrabajo.cl\/portal\/wp-json\/wp\/v2\/posts\/43462","targetHints":{"allow":["GET"]}}],"collection":[{"href":"https:\/\/eltrabajo.cl\/portal\/wp-json\/wp\/v2\/posts"}],"about":[{"href":"https:\/\/eltrabajo.cl\/portal\/wp-json\/wp\/v2\/types\/post"}],"author":[{"embeddable":true,"href":"https:\/\/eltrabajo.cl\/portal\/wp-json\/wp\/v2\/users\/1"}],"replies":[{"embeddable":true,"href":"https:\/\/eltrabajo.cl\/portal\/wp-json\/wp\/v2\/comments?post=43462"}],"version-history":[{"count":0,"href":"https:\/\/eltrabajo.cl\/portal\/wp-json\/wp\/v2\/posts\/43462\/revisions"}],"wp:featuredmedia":[{"embeddable":true,"href":"https:\/\/eltrabajo.cl\/portal\/wp-json\/wp\/v2\/media\/43465"}],"wp:attachment":[{"href":"https:\/\/eltrabajo.cl\/portal\/wp-json\/wp\/v2\/media?parent=43462"}],"wp:term":[{"taxonomy":"category","embeddable":true,"href":"https:\/\/eltrabajo.cl\/portal\/wp-json\/wp\/v2\/categories?post=43462"},{"taxonomy":"post_tag","embeddable":true,"href":"https:\/\/eltrabajo.cl\/portal\/wp-json\/wp\/v2\/tags?post=43462"}],"curies":[{"name":"wp","href":"https:\/\/api.w.org\/{rel}","templated":true}]}}