{"id":43467,"date":"2014-02-24T09:27:33","date_gmt":"2014-02-24T12:27:33","guid":{"rendered":"http:\/\/www.eltrabajo.cl\/portal\/?p=43467"},"modified":"2014-02-24T09:27:33","modified_gmt":"2014-02-24T12:27:33","slug":"municipio-entrega-ayuda-a-familia-de-el-totoral-afectada-por-incendio","status":"publish","type":"post","link":"https:\/\/eltrabajo.cl\/portal\/municipio-entrega-ayuda-a-familia-de-el-totoral-afectada-por-incendio\/","title":{"rendered":"Municipio entrega ayuda a familia de El Totoral afectada por incendio"},"content":{"rendered":"<p>Hasta la Villa El Totoral lleg\u00f3 la ma\u00f1ana del viernes el administrador municipal de San Felipe Patricio Gonz\u00e1lez, junto al director de Desarrollo Comunitario Pablo Silva y profesionales de la empresa OHL, con la finalidad de efectuar una revisi\u00f3n de las condiciones en que quedaron las dependencias afectadas por un incendio intencional en la casa de la pobladora Elizabeth Lobos.<br \/>\nEn el lugar, los personeros municipales se reunieron con los due\u00f1os de casa, as\u00ed como con la presidenta de la Junta de Vecinos Marisol Dom\u00ednguez, con quienes coordinaron las acciones de reparaci\u00f3n de la vivienda, puntualmente en una ampliaci\u00f3n que fue en definitiva, la que result\u00f3 con serios da\u00f1os a prop\u00f3sito del siniestro.<br \/>\nLos arreglos estar\u00e1n a cargo del personal de OHL, que aportar\u00e1 material para los trabajos, en tanto que el resto del material ser\u00e1 adquirido por la municipalidad de San Felipe, que ha destinado una suma de dinero de emergencia, para adquirir los elementos de construcci\u00f3n necesarios.<br \/>\n\u201cVinimos con la gente de OHL, con quien hicimos una peque\u00f1a coordinaci\u00f3n hace una semana, porque queremos hacer un aporte definitivo y sustancial a la se\u00f1ora Elizabeth, ya que hemos hecho entrega de ayuda menor. Fue as\u00ed que hablamos con OHL a trav\u00e9s de Patricia, quien es la encargada de la parte social de la empresa, logrando una buena respuesta. As\u00ed que ahora estamos evaluando y viendo cu\u00e1nto es el material que necesitamos, por lo que esperamos que pr\u00f3ximamente puedan iniciarse las obras\u201d, se\u00f1al\u00f3 Patricio Gonz\u00e1lez.<br \/>\nLos trabajos consideran la reparaci\u00f3n de infraestructura, as\u00ed como las instalaciones el\u00e9ctricas, tarea que demandar\u00e1 de un aporte importante del municipio, ya que el ingeniero que hizo la evaluaci\u00f3n, manifest\u00f3 que el material que ten\u00eda la casa, no era el adecuado. Patricio Gonz\u00e1lez destac\u00f3 el sentido de responsabilidad social de la empresa OHL, en tanto que manifest\u00f3 que durante la ejecuci\u00f3n de los trabajos, no ser\u00e1 necesario que la familia salga de la casa.<\/p>\n<p>AGRADECEN AL MUNICIPIO<br \/>\nEn tanto la presidenta de la Junta de Vecinos de la Villa El Totoral, Marisol Dom\u00ednguez, manifest\u00f3 su agradecimiento a la municipalidad de San Felipe, por el apoyo que ha entregado a la familia de Elizabeth Lobos, as\u00ed como a la empresa OHL.<br \/>\n\u201cFuimos a pedir ayuda a la municipalidad, que nos dijo de inmediato que bueno y de don Patricio Gonz\u00e1lez no tengo nada que decir, porque nos acogi\u00f3 de muy buena manera. Estamos tambi\u00e9n muy agradecidos de los vecinos, que han sido muy solidarios con esta familia\u201d, manifest\u00f3 la dirigente.<br \/>\nComo se recuerda, a principios de febrero se registr\u00f3 este incendio, el que fue provocado por el hermano de la ex pareja de la hija de Elizabeth Lobos, quien lleg\u00f3 en su veh\u00edculo con un bid\u00f3n de bencina, el que derram\u00f3 en el dormitorio correspondiente a la ampliaci\u00f3n de la vivienda de El Totoral, prendiendo posteriormente fuego y d\u00e1ndose a la fuga. \u201cEste tipo trat\u00f3 de hacer da\u00f1o y con el auto me choc\u00f3 la ampliaci\u00f3n que hab\u00eda hecho con la ayuda de la junta de vecinos y en vista que no pudo hacer mucho, volvi\u00f3 de nuevo, comenz\u00f3 a lanzar piedras y me rompi\u00f3 los vidrios de las ventanas, que cayeron sobre los ni\u00f1os, una guagua de tres meses y otro ni\u00f1o de 3 a\u00f1os, por fortuna no les pas\u00f3 nada\u201d, relat\u00f3 en la oportunidad la due\u00f1a de casa a Diario El Trabajo.<br \/>\nElizabeth Lobos se\u00f1al\u00f3 que fue gracias a la ayuda de la junta de vecinos, de los pobladores de El Totoral y de j\u00f3venes de la Poblaci\u00f3n Juan Pablo II, que se pudo controlar el incendio y evitar que se desatara una tragedia, ya que asever\u00f3 que Bomberos lleg\u00f3 cuando el siniestro ya hab\u00eda sido pr\u00e1cticamente extinguido.<\/p>\n<div class=\"tiled-gallery type-rectangular tiled-gallery-unresized\" data-original-width=\"640\" data-carousel-extra='null' itemscope itemtype=\"http:\/\/schema.org\/ImageGallery\" > <div class=\"gallery-row\" style=\"width: 640px; height: 218px;\" data-original-width=\"640\" data-original-height=\"218\" > <div class=\"gallery-group images-1\" style=\"width: 320px; height: 218px;\" data-original-width=\"320\" data-original-height=\"218\" > <div class=\"tiled-gallery-item tiled-gallery-item-large\" itemprop=\"associatedMedia\" itemscope itemtype=\"http:\/\/schema.org\/ImageObject\"> <a href=\"https:\/\/eltrabajo.cl\/portal\/municipio-entrega-ayuda-a-familia-de-el-totoral-afectada-por-incendio\/visita-a-el-totoral\/\" border=\"0\" itemprop=\"url\"> <meta itemprop=\"width\" content=\"316\"> <meta itemprop=\"height\" content=\"214\"> <img decoding=\"async\" class=\"\" data-attachment-id=\"43469\" data-orig-file=\"https:\/\/eltrabajo.cl\/portal\/wp-content\/uploads\/2014\/02\/Visita-a-El-Totoral.jpg\" data-orig-size=\"529,358\" data-comments-opened=\"1\" data-image-meta=\"{&quot;aperture&quot;:&quot;11&quot;,&quot;credit&quot;:&quot;&quot;,&quot;camera&quot;:&quot;Canon EOS REBEL T3i&quot;,&quot;caption&quot;:&quot;&quot;,&quot;created_timestamp&quot;:&quot;1296848646&quot;,&quot;copyright&quot;:&quot;&quot;,&quot;focal_length&quot;:&quot;24&quot;,&quot;iso&quot;:&quot;1600&quot;,&quot;shutter_speed&quot;:&quot;0.003125&quot;,&quot;title&quot;:&quot;&quot;}\" data-image-title=\"Visita a El Totoral\" data-image-description=\"&lt;p&gt;Una visita a la Villa El Totoral, realiz\u00f3 el administrador municipal junto al Dideco y personal de OHL, para evaluar y programar las obras de reparaci\u00f3n de la vivienda que fue siniestrada.&lt;\/p&gt; \" data-medium-file=\"https:\/\/i0.wp.com\/eltrabajo.cl\/portal\/wp-content\/uploads\/2014\/02\/Visita-a-El-Totoral.jpg?fit=300%2C203&#038;ssl=1\" data-large-file=\"https:\/\/i0.wp.com\/eltrabajo.cl\/portal\/wp-content\/uploads\/2014\/02\/Visita-a-El-Totoral.jpg?fit=529%2C358&#038;ssl=1\" src=\"https:\/\/i0.wp.com\/eltrabajo.cl\/portal\/wp-content\/uploads\/2014\/02\/Visita-a-El-Totoral.jpg?w=316&#038;h=214&#038;ssl=1\" srcset=\"https:\/\/i0.wp.com\/eltrabajo.cl\/portal\/wp-content\/uploads\/2014\/02\/Visita-a-El-Totoral.jpg?w=529&amp;ssl=1 529w, https:\/\/i0.wp.com\/eltrabajo.cl\/portal\/wp-content\/uploads\/2014\/02\/Visita-a-El-Totoral.jpg?resize=200%2C135&amp;ssl=1 200w, https:\/\/i0.wp.com\/eltrabajo.cl\/portal\/wp-content\/uploads\/2014\/02\/Visita-a-El-Totoral.jpg?resize=300%2C203&amp;ssl=1 300w, https:\/\/i0.wp.com\/eltrabajo.cl\/portal\/wp-content\/uploads\/2014\/02\/Visita-a-El-Totoral.jpg?resize=150%2C101&amp;ssl=1 150w, https:\/\/i0.wp.com\/eltrabajo.cl\/portal\/wp-content\/uploads\/2014\/02\/Visita-a-El-Totoral.jpg?resize=400%2C270&amp;ssl=1 400w\" width=\"316\" height=\"214\" loading=\"lazy\" data-original-width=\"316\" data-original-height=\"214\" itemprop=\"http:\/\/schema.org\/image\" title=\"Visita a El Totoral\" alt=\"Una visita a la Villa El Totoral, realiz\u00f3 el administrador municipal junto al Dideco y personal de OHL, para evaluar y programar las obras de reparaci\u00f3n de la vivienda que fue siniestrada.\" style=\"width: 316px; height: 214px;\" \/> <\/a> <div class=\"tiled-gallery-caption\" itemprop=\"caption description\"> Una visita a la Villa El Totoral, realiz\u00f3 el administrador municipal junto al Dideco y personal de OHL, para evaluar y programar las obras de reparaci\u00f3n de la vivienda que fue siniestrada. <\/div> <\/div> <\/div> <!-- close group --> <div class=\"gallery-group images-1\" style=\"width: 320px; height: 218px;\" data-original-width=\"320\" data-original-height=\"218\" > <div class=\"tiled-gallery-item tiled-gallery-item-large\" itemprop=\"associatedMedia\" itemscope itemtype=\"http:\/\/schema.org\/ImageObject\"> <a href=\"https:\/\/eltrabajo.cl\/portal\/municipio-entrega-ayuda-a-familia-de-el-totoral-afectada-por-incendio\/patricio-gonzalez-y-marisol-dominguez\/\" border=\"0\" itemprop=\"url\"> <meta itemprop=\"width\" content=\"316\"> <meta itemprop=\"height\" content=\"214\"> <img decoding=\"async\" class=\"\" data-attachment-id=\"43468\" data-orig-file=\"https:\/\/eltrabajo.cl\/portal\/wp-content\/uploads\/2014\/02\/Patricio-Gonzalez-y-Marisol-Dominguez.jpg\" data-orig-size=\"529,358\" data-comments-opened=\"1\" data-image-meta=\"{&quot;aperture&quot;:&quot;14&quot;,&quot;credit&quot;:&quot;&quot;,&quot;camera&quot;:&quot;Canon EOS REBEL T3i&quot;,&quot;caption&quot;:&quot;&quot;,&quot;created_timestamp&quot;:&quot;1296848868&quot;,&quot;copyright&quot;:&quot;&quot;,&quot;focal_length&quot;:&quot;37&quot;,&quot;iso&quot;:&quot;800&quot;,&quot;shutter_speed&quot;:&quot;0.002&quot;,&quot;title&quot;:&quot;&quot;}\" data-image-title=\"Patricio Gonzalez y Marisol Dominguez\" data-image-description=\"&lt;p&gt;El administrador municipal Patricio Gonz\u00e1lez junto a la presidenta de la Junta de Vecinos de El Totoral, Marisol Dom\u00ednguez.&lt;\/p&gt; \" data-medium-file=\"https:\/\/i0.wp.com\/eltrabajo.cl\/portal\/wp-content\/uploads\/2014\/02\/Patricio-Gonzalez-y-Marisol-Dominguez.jpg?fit=300%2C203&#038;ssl=1\" data-large-file=\"https:\/\/i0.wp.com\/eltrabajo.cl\/portal\/wp-content\/uploads\/2014\/02\/Patricio-Gonzalez-y-Marisol-Dominguez.jpg?fit=529%2C358&#038;ssl=1\" src=\"https:\/\/i0.wp.com\/eltrabajo.cl\/portal\/wp-content\/uploads\/2014\/02\/Patricio-Gonzalez-y-Marisol-Dominguez.jpg?w=316&#038;h=214&#038;ssl=1\" srcset=\"https:\/\/i0.wp.com\/eltrabajo.cl\/portal\/wp-content\/uploads\/2014\/02\/Patricio-Gonzalez-y-Marisol-Dominguez.jpg?w=529&amp;ssl=1 529w, https:\/\/i0.wp.com\/eltrabajo.cl\/portal\/wp-content\/uploads\/2014\/02\/Patricio-Gonzalez-y-Marisol-Dominguez.jpg?resize=200%2C135&amp;ssl=1 200w, https:\/\/i0.wp.com\/eltrabajo.cl\/portal\/wp-content\/uploads\/2014\/02\/Patricio-Gonzalez-y-Marisol-Dominguez.jpg?resize=300%2C203&amp;ssl=1 300w, https:\/\/i0.wp.com\/eltrabajo.cl\/portal\/wp-content\/uploads\/2014\/02\/Patricio-Gonzalez-y-Marisol-Dominguez.jpg?resize=150%2C101&amp;ssl=1 150w, https:\/\/i0.wp.com\/eltrabajo.cl\/portal\/wp-content\/uploads\/2014\/02\/Patricio-Gonzalez-y-Marisol-Dominguez.jpg?resize=400%2C270&amp;ssl=1 400w\" width=\"316\" height=\"214\" loading=\"lazy\" data-original-width=\"316\" data-original-height=\"214\" itemprop=\"http:\/\/schema.org\/image\" title=\"Patricio Gonzalez y Marisol Dominguez\" alt=\"El administrador municipal Patricio Gonz\u00e1lez junto a la presidenta de la Junta de Vecinos de El Totoral, Marisol Dom\u00ednguez.\" style=\"width: 316px; height: 214px;\" \/> <\/a> <div class=\"tiled-gallery-caption\" itemprop=\"caption description\"> El administrador municipal Patricio Gonz\u00e1lez junto a la presidenta de la Junta de Vecinos de El Totoral, Marisol Dom\u00ednguez. <\/div> <\/div> <\/div> <!-- close group --> <\/div> <!-- close row --> <\/div>\n","protected":false},"excerpt":{"rendered":"<p>Hasta la Villa El Totoral lleg\u00f3 la ma\u00f1ana del viernes el administrador municipal de San Felipe Patricio Gonz\u00e1lez, junto al director de Desarrollo Comunitario Pablo Silva y profesionales de la empresa OHL,&#8230;<\/p>\n","protected":false},"author":1,"featured_media":43468,"comment_status":"open","ping_status":"closed","sticky":false,"template":"","format":"standard","meta":{"advanced_seo_description":"","jetpack_seo_html_title":"","jetpack_seo_noindex":false,"_jetpack_memberships_contains_paid_content":false,"footnotes":""},"categories":[15],"tags":[],"class_list":["post-43467","post","type-post","status-publish","format-standard","has-post-thumbnail","hentry","category-comunidad"],"jetpack_featured_media_url":"https:\/\/i0.wp.com\/eltrabajo.cl\/portal\/wp-content\/uploads\/2014\/02\/Patricio-Gonzalez-y-Marisol-Dominguez.jpg?fit=529%2C358&ssl=1","jetpack_sharing_enabled":true,"jetpack_likes_enabled":true,"jetpack-related-posts":[],"_links":{"self":[{"href":"https:\/\/eltrabajo.cl\/portal\/wp-json\/wp\/v2\/posts\/43467","targetHints":{"allow":["GET"]}}],"collection":[{"href":"https:\/\/eltrabajo.cl\/portal\/wp-json\/wp\/v2\/posts"}],"about":[{"href":"https:\/\/eltrabajo.cl\/portal\/wp-json\/wp\/v2\/types\/post"}],"author":[{"embeddable":true,"href":"https:\/\/eltrabajo.cl\/portal\/wp-json\/wp\/v2\/users\/1"}],"replies":[{"embeddable":true,"href":"https:\/\/eltrabajo.cl\/portal\/wp-json\/wp\/v2\/comments?post=43467"}],"version-history":[{"count":0,"href":"https:\/\/eltrabajo.cl\/portal\/wp-json\/wp\/v2\/posts\/43467\/revisions"}],"wp:featuredmedia":[{"embeddable":true,"href":"https:\/\/eltrabajo.cl\/portal\/wp-json\/wp\/v2\/media\/43468"}],"wp:attachment":[{"href":"https:\/\/eltrabajo.cl\/portal\/wp-json\/wp\/v2\/media?parent=43467"}],"wp:term":[{"taxonomy":"category","embeddable":true,"href":"https:\/\/eltrabajo.cl\/portal\/wp-json\/wp\/v2\/categories?post=43467"},{"taxonomy":"post_tag","embeddable":true,"href":"https:\/\/eltrabajo.cl\/portal\/wp-json\/wp\/v2\/tags?post=43467"}],"curies":[{"name":"wp","href":"https:\/\/api.w.org\/{rel}","templated":true}]}}