{"id":43513,"date":"2014-02-25T10:09:08","date_gmt":"2014-02-25T13:09:08","guid":{"rendered":"http:\/\/www.eltrabajo.cl\/portal\/?p=43513"},"modified":"2014-02-25T10:09:34","modified_gmt":"2014-02-25T13:09:34","slug":"pareja-de-arica-se-adjudico-el-primer-torneo-nacional-de-cueca-juvenil","status":"publish","type":"post","link":"https:\/\/eltrabajo.cl\/portal\/pareja-de-arica-se-adjudico-el-primer-torneo-nacional-de-cueca-juvenil\/","title":{"rendered":"Pareja de Arica se adjudic\u00f3 el primer Torneo Nacional de Cueca Juvenil"},"content":{"rendered":"<figure id=\"attachment_43514\" aria-describedby=\"caption-attachment-43514\" style=\"width: 529px\" class=\"wp-caption alignnone\"><a href=\"https:\/\/i0.wp.com\/www.eltrabajo.cl\/portal\/wp-content\/uploads\/2014\/02\/auco-2.jpg\"><img data-recalc-dims=\"1\" loading=\"lazy\" decoding=\"async\" class=\"size-full wp-image-43514\" alt=\"Todos los participantes al torneo visitaron diferentes puntos de la provincia, como el santuario de Auco donde posaron para la c\u00e1mara de Diario El Trabajo en sus tradicionales atuendos.\" src=\"https:\/\/i0.wp.com\/www.eltrabajo.cl\/portal\/wp-content\/uploads\/2014\/02\/auco-2.jpg?resize=529%2C263\" width=\"529\" height=\"263\" srcset=\"https:\/\/i0.wp.com\/eltrabajo.cl\/portal\/wp-content\/uploads\/2014\/02\/auco-2.jpg?w=529&amp;ssl=1 529w, https:\/\/i0.wp.com\/eltrabajo.cl\/portal\/wp-content\/uploads\/2014\/02\/auco-2.jpg?resize=200%2C99&amp;ssl=1 200w, https:\/\/i0.wp.com\/eltrabajo.cl\/portal\/wp-content\/uploads\/2014\/02\/auco-2.jpg?resize=300%2C149&amp;ssl=1 300w, https:\/\/i0.wp.com\/eltrabajo.cl\/portal\/wp-content\/uploads\/2014\/02\/auco-2.jpg?resize=150%2C74&amp;ssl=1 150w, https:\/\/i0.wp.com\/eltrabajo.cl\/portal\/wp-content\/uploads\/2014\/02\/auco-2.jpg?resize=400%2C198&amp;ssl=1 400w\" sizes=\"auto, (max-width: 529px) 100vw, 529px\" \/><\/a><figcaption id=\"caption-attachment-43514\" class=\"wp-caption-text\">Todos los participantes al torneo visitaron diferentes puntos de la provincia, como el santuario de Auco donde posaron para la c\u00e1mara de Diario El Trabajo en sus tradicionales atuendos.<\/figcaption><\/figure>\n<p><strong>RINCONADA<\/strong>.- Un torneo que dur\u00f3 tres jornadas y que finaliz\u00f3 con una re\u00f1ida ronda final, termin\u00f3 por premiar con lo m\u00e1s alto del podio a la pareja representante de la D\u00e9cimo Quinta Regi\u00f3n de Arica y Parinacota, representada por Manuel San Mart\u00edn y Francisca Rodr\u00edguez, quienes resultaron campeones de esta versi\u00f3n 2014. El segundo lugar en tanto fue para la pareja de Temuco compuesta por los bailarines Jonathan Cartes y Javiera S\u00e1ez, y el tercer lugar se lo adjudic\u00f3 la Quinta Regi\u00f3n representados por la pareja Nicol\u00e1s Chiquincha y Melani Le\u00f3n de la comuna de Villa Alemana.<\/p>\n<p>El campeonato que este a\u00f1o se adjudic\u00f3 la comuna de Rinconada, se disput\u00f3 en la Escuela Perfecto de la Fuente y en la ocasi\u00f3n 15 parejas provenientes de 14 regiones del pa\u00eds se enfrentaron buscando obtener alg\u00fan lugar en el Cuadro de Honor en esta competici\u00f3n de car\u00e1cter nacional.<\/p>\n<p>Fueron m\u00e1s de 5 horas de cuecas diarias, en donde cada pareja demostr\u00f3 todo su talento y su particular forma de expresar sentimientos y habilidades a trav\u00e9s de nuestro Baile Nacional.<\/p>\n<p>El Alcalde Pedro Caballer\u00eda, quien estuvo presenciando la final del campeonato que cont\u00f3 con una gran convocatoria de p\u00fablico y cuequeros, afirm\u00f3 que \u00abestoy muy contento, primera vez que se realiza un tipo de actividad con esta caracter\u00edstica, con un gran marco de p\u00fablico, que hayan venido parejas desde Arica a Tierra del Fuego es important\u00edsimo para nosotros, estamos aportando a rescatar nuestras tradiciones, nuestra cultura y eso tiene una importancia muy especial, el haber sido anfitriones es un desaf\u00edo muy grande y lo hemos cumplido con creces\u00bb.<\/p>\n<p>Los arique\u00f1os ganadores del Campeonato Nacional de Cueca Juvenil Rinconada 2014, se mostraron emocionados y muy contentos por el logro: \u00abSiento un orgullo inmenso dejar bien puesto el nombre de la Regi\u00f3n de Arica y Parinacota, quiero agradecer a toda la gente que nos apoy\u00f3, a mi pareja y a toda la gente que estuvo atr\u00e1s de este trabajo\u00bb coment\u00f3 Manuel San Mart\u00edn, uno de los campeones, agregando que \u00abel compa\u00f1erismo nada que decir, los ni\u00f1os se portaron un siete, todos apoy\u00e1ndose, no importaba la regi\u00f3n, no importaba la competencia, s\u00f3lo importaba la amistad entre nosotros, quiero felicitar a todos mis compa\u00f1eros\u00bb, en tanto su pareja de baile Francisca Rodr\u00edguez expres\u00f3 que \u00abestoy feliz, me cost\u00f3 harto tiempo, ensay\u00e9 harto, hace tiempo que ven\u00eda buscando esto y por fin lo logr\u00e9\u00bb.<\/p>\n<p>Seis jurados con una importante trayectoria en el folklore, evaluaron atentamente cada uno de los pies de cueca que se fueron efectuando.<\/p>\n<p>El presidente del jurado y director de la unidad t\u00e9cnica de este campeonato denominado J\u00f3venes del Aconcagua, Rodrigo Gonz\u00e1lez, se refiri\u00f3 al par\u00e1metro de evaluaci\u00f3n de los participantes y dijo que \u00abentre 15 regiones, elegir tres es una tarea muy dif\u00edcil, empezamos a buscar cu\u00e1l fuera la pareja que m\u00e1s nos representara como primer campeonato, cu\u00e1l iba a ser el estilo que predominara, por eso fuimos viendo que fuera una cueca t\u00e9cnica, una cueca con expresi\u00f3n, con sentimiento, la decisi\u00f3n fue muy dif\u00edcil porque hab\u00edan muchas parejas buenas con nivel muy alto\u00bb.<\/p>\n<p>La interpretaci\u00f3n de las cuecas en tanto estuvo a cargo de los grupos \u2018Entre Mares\u2019, \u2018Trinar\u2019 y \u2018Canta Mar\u2019. El animador oficial fue el conocido \u2018Torito\u2019 Mardones.<\/p>\n<p>V\u00edctor Valdivia, delegado provincial de cueca y Director del campeonato, se mostr\u00f3 contento por la realizaci\u00f3n del evento y afirm\u00f3 que \u00abse cumpli\u00f3 el objetivo, realizar un nacional no cualquiera tiene la oportunidad de hacerlo, nosotros lo pudimos hacer gracias a nuestro Alcalde Pedro Caballer\u00eda y al Honorable Concejo Municipal. Fue muy complicado porque las parejas eran muy buenas, orgulloso de que toda la gente se fue conforme de los resultados, Arica es nuestro primer campe\u00f3n, vamos a seguir trabajando para que el pr\u00f3ximo a\u00f1o el campeonato sea mucho mejor \u00ab.<\/p>\n<p>El concejal Pablo Donat se refiri\u00f3 al desarrollo de este campeonato de cueca y dijo que \u00abyo creo que fue fant\u00e1stico, estuve presente las tres noches con un marco de p\u00fablico impresionante, creo que la alegr\u00eda de estos muchachos se reflej\u00f3 en la noche final, todas las parejas eran buenas, para el jurado fue muy dif\u00edcil determinar al ganador, quiero agradecer a esta administraci\u00f3n, 15 a\u00f1os que no se hac\u00eda esto en Rinconada y hoy hemos dado una muestra de que se pueden hacer estas cosas\u00bb.<\/p>\n<p>Cristian Ram\u00edrez, encargado de Deporte y Promoci\u00f3n de la Salud, quien coordin\u00f3 este campeonato por parte del municipio, expres\u00f3 que \u00abmucha gente vino desde Arica a Punta Arenas, fueron tres noches intensas y muy extensas tambi\u00e9n, no est\u00e1bamos acostumbrados a organizar este tipo de campeonatos, pero muy contento por el recibimiento de toda la gente, la municipalidad y en este caso el Alcalde, don Pedro es un siete con el apoyo de esta actividad\u00bb.<\/p>\n<div class=\"tiled-gallery type-rectangular tiled-gallery-unresized\" data-original-width=\"640\" data-carousel-extra='null' itemscope itemtype=\"http:\/\/schema.org\/ImageGallery\" > <div class=\"gallery-row\" style=\"width: 640px; height: 261px;\" data-original-width=\"640\" data-original-height=\"261\" > <div class=\"gallery-group images-1\" style=\"width: 335px; height: 261px;\" data-original-width=\"335\" data-original-height=\"261\" > <div class=\"tiled-gallery-item tiled-gallery-item-large\" itemprop=\"associatedMedia\" itemscope itemtype=\"http:\/\/schema.org\/ImageObject\"> <a href=\"https:\/\/eltrabajo.cl\/portal\/pareja-de-arica-se-adjudico-el-primer-torneo-nacional-de-cueca-juvenil\/fraternidad\/\" border=\"0\" itemprop=\"url\"> <meta itemprop=\"width\" content=\"331\"> <meta itemprop=\"height\" content=\"257\"> <img decoding=\"async\" class=\"\" data-attachment-id=\"43516\" data-orig-file=\"https:\/\/eltrabajo.cl\/portal\/wp-content\/uploads\/2014\/02\/fraternidad.jpg\" data-orig-size=\"528,411\" data-comments-opened=\"1\" data-image-meta=\"{&quot;aperture&quot;:&quot;0&quot;,&quot;credit&quot;:&quot;&quot;,&quot;camera&quot;:&quot;&quot;,&quot;caption&quot;:&quot;&quot;,&quot;created_timestamp&quot;:&quot;0&quot;,&quot;copyright&quot;:&quot;&quot;,&quot;focal_length&quot;:&quot;0&quot;,&quot;iso&quot;:&quot;0&quot;,&quot;shutter_speed&quot;:&quot;0&quot;,&quot;title&quot;:&quot;&quot;}\" data-image-title=\"fraternidad\" data-image-description=\"&lt;p&gt;Aunque la competencia fue estrecha, los participantes se unieron en una sana convivencia y fraternidad.&lt;\/p&gt; \" data-medium-file=\"https:\/\/i0.wp.com\/eltrabajo.cl\/portal\/wp-content\/uploads\/2014\/02\/fraternidad.jpg?fit=300%2C233&#038;ssl=1\" data-large-file=\"https:\/\/i0.wp.com\/eltrabajo.cl\/portal\/wp-content\/uploads\/2014\/02\/fraternidad.jpg?fit=528%2C411&#038;ssl=1\" src=\"https:\/\/i0.wp.com\/eltrabajo.cl\/portal\/wp-content\/uploads\/2014\/02\/fraternidad.jpg?w=331&#038;h=257&#038;ssl=1\" srcset=\"https:\/\/i0.wp.com\/eltrabajo.cl\/portal\/wp-content\/uploads\/2014\/02\/fraternidad.jpg?w=528&amp;ssl=1 528w, https:\/\/i0.wp.com\/eltrabajo.cl\/portal\/wp-content\/uploads\/2014\/02\/fraternidad.jpg?resize=192%2C150&amp;ssl=1 192w, https:\/\/i0.wp.com\/eltrabajo.cl\/portal\/wp-content\/uploads\/2014\/02\/fraternidad.jpg?resize=300%2C233&amp;ssl=1 300w, https:\/\/i0.wp.com\/eltrabajo.cl\/portal\/wp-content\/uploads\/2014\/02\/fraternidad.jpg?resize=150%2C116&amp;ssl=1 150w, https:\/\/i0.wp.com\/eltrabajo.cl\/portal\/wp-content\/uploads\/2014\/02\/fraternidad.jpg?resize=400%2C311&amp;ssl=1 400w\" width=\"331\" height=\"257\" loading=\"lazy\" data-original-width=\"331\" data-original-height=\"257\" itemprop=\"http:\/\/schema.org\/image\" title=\"fraternidad\" alt=\"Aunque la competencia fue estrecha, los participantes se unieron en una sana convivencia y fraternidad.\" style=\"width: 331px; height: 257px;\" \/> <\/a> <div class=\"tiled-gallery-caption\" itemprop=\"caption description\"> Aunque la competencia fue estrecha, los participantes se unieron en una sana convivencia y fraternidad. <\/div> <\/div> <\/div> <!-- close group --> <div class=\"gallery-group images-1\" style=\"width: 305px; height: 261px;\" data-original-width=\"305\" data-original-height=\"261\" > <div class=\"tiled-gallery-item tiled-gallery-item-large\" itemprop=\"associatedMedia\" itemscope itemtype=\"http:\/\/schema.org\/ImageObject\"> <a href=\"https:\/\/eltrabajo.cl\/portal\/pareja-de-arica-se-adjudico-el-primer-torneo-nacional-de-cueca-juvenil\/campeones-2\/\" border=\"0\" itemprop=\"url\"> <meta itemprop=\"width\" content=\"301\"> <meta itemprop=\"height\" content=\"257\"> <img decoding=\"async\" class=\"\" data-attachment-id=\"43515\" data-orig-file=\"https:\/\/eltrabajo.cl\/portal\/wp-content\/uploads\/2014\/02\/campeones.jpg\" data-orig-size=\"529,452\" data-comments-opened=\"1\" data-image-meta=\"{&quot;aperture&quot;:&quot;0&quot;,&quot;credit&quot;:&quot;&quot;,&quot;camera&quot;:&quot;&quot;,&quot;caption&quot;:&quot;&quot;,&quot;created_timestamp&quot;:&quot;0&quot;,&quot;copyright&quot;:&quot;&quot;,&quot;focal_length&quot;:&quot;0&quot;,&quot;iso&quot;:&quot;0&quot;,&quot;shutter_speed&quot;:&quot;0&quot;,&quot;title&quot;:&quot;&quot;}\" data-image-title=\"campeones\" data-image-description=\"&lt;p&gt;Los campeones fueron reconocidos por las autoridades de la comuna entre las que se cuenta al Alcalde de Rinconada, Pedro Caballer\u00eda.&lt;\/p&gt; \" data-medium-file=\"https:\/\/i0.wp.com\/eltrabajo.cl\/portal\/wp-content\/uploads\/2014\/02\/campeones.jpg?fit=300%2C256&#038;ssl=1\" data-large-file=\"https:\/\/i0.wp.com\/eltrabajo.cl\/portal\/wp-content\/uploads\/2014\/02\/campeones.jpg?fit=529%2C452&#038;ssl=1\" src=\"https:\/\/i0.wp.com\/eltrabajo.cl\/portal\/wp-content\/uploads\/2014\/02\/campeones.jpg?w=301&#038;h=257&#038;ssl=1\" srcset=\"https:\/\/i0.wp.com\/eltrabajo.cl\/portal\/wp-content\/uploads\/2014\/02\/campeones.jpg?w=529&amp;ssl=1 529w, https:\/\/i0.wp.com\/eltrabajo.cl\/portal\/wp-content\/uploads\/2014\/02\/campeones.jpg?resize=175%2C150&amp;ssl=1 175w, https:\/\/i0.wp.com\/eltrabajo.cl\/portal\/wp-content\/uploads\/2014\/02\/campeones.jpg?resize=300%2C256&amp;ssl=1 300w, https:\/\/i0.wp.com\/eltrabajo.cl\/portal\/wp-content\/uploads\/2014\/02\/campeones.jpg?resize=150%2C128&amp;ssl=1 150w, https:\/\/i0.wp.com\/eltrabajo.cl\/portal\/wp-content\/uploads\/2014\/02\/campeones.jpg?resize=400%2C341&amp;ssl=1 400w\" width=\"301\" height=\"257\" loading=\"lazy\" data-original-width=\"301\" data-original-height=\"257\" itemprop=\"http:\/\/schema.org\/image\" title=\"campeones\" alt=\"Los campeones fueron reconocidos por las autoridades de la comuna entre las que se cuenta al Alcalde de Rinconada, Pedro Caballer\u00eda.\" style=\"width: 301px; height: 257px;\" \/> <\/a> <div class=\"tiled-gallery-caption\" itemprop=\"caption description\"> Los campeones fueron reconocidos por las autoridades de la comuna entre las que se cuenta al Alcalde de Rinconada, Pedro Caballer\u00eda. <\/div> <\/div> <\/div> <!-- close group --> <\/div> <!-- close row --> <\/div>\n<p>&nbsp;<\/p>\n","protected":false},"excerpt":{"rendered":"<p>RINCONADA.- Un torneo que dur\u00f3 tres jornadas y que finaliz\u00f3 con una re\u00f1ida ronda final, termin\u00f3 por premiar con lo m\u00e1s alto del podio a la pareja representante de la D\u00e9cimo Quinta&#8230;<\/p>\n","protected":false},"author":482,"featured_media":43514,"comment_status":"open","ping_status":"closed","sticky":false,"template":"","format":"standard","meta":{"advanced_seo_description":"","jetpack_seo_html_title":"","jetpack_seo_noindex":false,"_jetpack_memberships_contains_paid_content":false,"footnotes":""},"categories":[1],"tags":[],"class_list":["post-43513","post","type-post","status-publish","format-standard","has-post-thumbnail","hentry","category-cronica"],"jetpack_featured_media_url":"https:\/\/i0.wp.com\/eltrabajo.cl\/portal\/wp-content\/uploads\/2014\/02\/auco-2.jpg?fit=529%2C263&ssl=1","jetpack_sharing_enabled":true,"jetpack_likes_enabled":true,"jetpack-related-posts":[],"_links":{"self":[{"href":"https:\/\/eltrabajo.cl\/portal\/wp-json\/wp\/v2\/posts\/43513","targetHints":{"allow":["GET"]}}],"collection":[{"href":"https:\/\/eltrabajo.cl\/portal\/wp-json\/wp\/v2\/posts"}],"about":[{"href":"https:\/\/eltrabajo.cl\/portal\/wp-json\/wp\/v2\/types\/post"}],"author":[{"embeddable":true,"href":"https:\/\/eltrabajo.cl\/portal\/wp-json\/wp\/v2\/users\/482"}],"replies":[{"embeddable":true,"href":"https:\/\/eltrabajo.cl\/portal\/wp-json\/wp\/v2\/comments?post=43513"}],"version-history":[{"count":0,"href":"https:\/\/eltrabajo.cl\/portal\/wp-json\/wp\/v2\/posts\/43513\/revisions"}],"wp:featuredmedia":[{"embeddable":true,"href":"https:\/\/eltrabajo.cl\/portal\/wp-json\/wp\/v2\/media\/43514"}],"wp:attachment":[{"href":"https:\/\/eltrabajo.cl\/portal\/wp-json\/wp\/v2\/media?parent=43513"}],"wp:term":[{"taxonomy":"category","embeddable":true,"href":"https:\/\/eltrabajo.cl\/portal\/wp-json\/wp\/v2\/categories?post=43513"},{"taxonomy":"post_tag","embeddable":true,"href":"https:\/\/eltrabajo.cl\/portal\/wp-json\/wp\/v2\/tags?post=43513"}],"curies":[{"name":"wp","href":"https:\/\/api.w.org\/{rel}","templated":true}]}}