{"id":43521,"date":"2014-02-25T10:26:21","date_gmt":"2014-02-25T13:26:21","guid":{"rendered":"http:\/\/www.eltrabajo.cl\/portal\/?p=43521"},"modified":"2014-02-25T10:26:21","modified_gmt":"2014-02-25T13:26:21","slug":"alcalde-freire-realizo-cambio-de-folio-a-85-anos-de-fundado-diario-el-trabajo","status":"publish","type":"post","link":"https:\/\/eltrabajo.cl\/portal\/alcalde-freire-realizo-cambio-de-folio-a-85-anos-de-fundado-diario-el-trabajo\/","title":{"rendered":"Alcalde Freire realiz\u00f3 Cambio de Folio a 85 a\u00f1os de fundado Diario El Trabajo"},"content":{"rendered":"<figure id=\"attachment_43522\" aria-describedby=\"caption-attachment-43522\" style=\"width: 529px\" class=\"wp-caption alignnone\"><a href=\"https:\/\/i0.wp.com\/www.eltrabajo.cl\/portal\/wp-content\/uploads\/2014\/02\/Folio1-porta.jpg\"><img data-recalc-dims=\"1\" loading=\"lazy\" decoding=\"async\" class=\"size-full wp-image-43522\" title=\"UN NUEVO A\u00d1O.- El ejemplar de Diario El Trabajo que tiene usted en sus manos es el N\u00ba 19.387 del a\u00f1o LXXXVI (86). A esa realidad es a la que nos llev\u00f3 el Cambio de Folio ejecutado por el Alcalde Patricio Freire.\" alt=\"UN NUEVO A\u00d1O.- El ejemplar de Diario El Trabajo que tiene usted en sus manos es el N\u00ba 19.387 del a\u00f1o LXXXVI (86). A esa realidad es a la que nos llev\u00f3 el Cambio de Folio ejecutado por el Alcalde Patricio Freire.\" src=\"https:\/\/i0.wp.com\/www.eltrabajo.cl\/portal\/wp-content\/uploads\/2014\/02\/Folio1-porta.jpg?resize=529%2C358\" width=\"529\" height=\"358\" srcset=\"https:\/\/i0.wp.com\/eltrabajo.cl\/portal\/wp-content\/uploads\/2014\/02\/Folio1-porta.jpg?w=529&amp;ssl=1 529w, https:\/\/i0.wp.com\/eltrabajo.cl\/portal\/wp-content\/uploads\/2014\/02\/Folio1-porta.jpg?resize=200%2C135&amp;ssl=1 200w, https:\/\/i0.wp.com\/eltrabajo.cl\/portal\/wp-content\/uploads\/2014\/02\/Folio1-porta.jpg?resize=300%2C203&amp;ssl=1 300w, https:\/\/i0.wp.com\/eltrabajo.cl\/portal\/wp-content\/uploads\/2014\/02\/Folio1-porta.jpg?resize=150%2C101&amp;ssl=1 150w, https:\/\/i0.wp.com\/eltrabajo.cl\/portal\/wp-content\/uploads\/2014\/02\/Folio1-porta.jpg?resize=400%2C270&amp;ssl=1 400w\" sizes=\"auto, (max-width: 529px) 100vw, 529px\" \/><\/a><figcaption id=\"caption-attachment-43522\" class=\"wp-caption-text\">UN NUEVO A\u00d1O.- El ejemplar de Diario El Trabajo que tiene usted en sus manos es el N\u00ba 19.387 del a\u00f1o LXXXVI (86). A esa realidad es a la que nos llev\u00f3 el Cambio de Folio ejecutado por el Alcalde Patricio Freire.<\/figcaption><\/figure>\n<p>Al mediod\u00eda de este lunes en nuestra Sala de Redacci\u00f3n, se realiz\u00f3 el tradicional Cambio de Folio de Diario El Trabajo, acto en el cual el Alcalde Patricio Freire digit\u00f3 en nuestra portada digital la cifra en n\u00fameros romanos que pone a correr nuestro a\u00f1o 86 de estar en circulaci\u00f3n. Esto, porque el 24 de febrero de 1929 en San Antonio de Putaendo, don El\u00edas Juri Jacob lanz\u00f3 a circular uno de los medios de comunicaci\u00f3n m\u00e1s antiguos de Chile.<\/p>\n<p>Fue una ceremonia en la que particip\u00f3 adem\u00e1s del equipo de Diario El Trabajo, la Gobernadora Provincial de San Felipe Patricia Boffa; el Consejero Regional Rolando Stevenson y el periodista Pedro Vergara, quienes en calidad de Invitados Especiales, compartieron con el personal de nuestro medio varios minutos de an\u00e9cdotas y camarader\u00eda en torno a los 85 a\u00f1os cumplidos del principal medio escrito del Valle de Aconcagua.<\/p>\n<p>\u00abQuiero destacar el rol transmisor de noticias a favor de nuestra identidad local como provincia, un rol siempre disponible como puente entre las autoridades y comunidad en general a favor de la informaci\u00f3n, pues ha sido notorio el liderazgo informativo que Diario El Trabajo ha sostenido en todos estos a\u00f1os en el valle\u00bb, coment\u00f3 emocionado el Alcalde Freire.<\/p>\n<p>Seg\u00fan el edil, \u00abtambi\u00e9n es merecido mencionar que Diario El Trabajo tambi\u00e9n ha logrado adaptarse al nuevo siglo y ha crecido como holding, pues el lanzamiento de Radio 10 viene a ser una consolidaci\u00f3n digna de ser reconocida por quienes conocemos la trayectoria de esta empresa sanfelipe\u00f1a\u00bb, agreg\u00f3 Freire.<\/p>\n<p><strong>NUESTROS DIRECTORES<\/strong><\/p>\n<p>Diario El Trabajo ha sido liderado por cinco directores que tambi\u00e9n vivieron las buenas y las malas del siglo que pas\u00f3 y algunos las de la nueva centuria que vivimos, ellos son, por orden de aparici\u00f3n en la vida de nuestro diario: El\u00edas Juri Jacob, Director y Fundador que entreg\u00f3 la Direcci\u00f3n del medio en 1948 tras haberlo creado en 1929. Los siguientes 20 a\u00f1os de Diario El Trabajo estar\u00edan bajo el criterio del Director V\u00edctor Juri Henr\u00edquez, quien en 1968 delega funciones a Miguel Ricardo Juri Juri y \u00e9ste a su hijo Miguel \u00c1ngel Juri Ceballos en 1987, quien lo sostendr\u00eda de pie durante los siguientes 18 a\u00f1os, cuando entrega la silla de Director al actual titular de Diario El Trabajo, el periodista Marco Antonio Juri Ceballos, quien asumi\u00f3 labores como tal en marzo de 2005 y hasta la actualidad se mantiene al frente de Diario El Trabajo de Aconcagua.<\/p>\n<div class=\"tiled-gallery type-rectangular tiled-gallery-unresized\" data-original-width=\"640\" data-carousel-extra='null' itemscope itemtype=\"http:\/\/schema.org\/ImageGallery\" > <div class=\"gallery-row\" style=\"width: 640px; height: 446px;\" data-original-width=\"640\" data-original-height=\"446\" > <div class=\"gallery-group images-1\" style=\"width: 426px; height: 446px;\" data-original-width=\"426\" data-original-height=\"446\" > <div class=\"tiled-gallery-item tiled-gallery-item-large\" itemprop=\"associatedMedia\" itemscope itemtype=\"http:\/\/schema.org\/ImageObject\"> <a href=\"https:\/\/eltrabajo.cl\/portal\/alcalde-freire-realizo-cambio-de-folio-a-85-anos-de-fundado-diario-el-trabajo\/elias-juri-jacob-2\/\" border=\"0\" itemprop=\"url\"> <meta itemprop=\"width\" content=\"422\"> <meta itemprop=\"height\" content=\"442\"> <img decoding=\"async\" class=\"\" data-attachment-id=\"43536\" data-orig-file=\"https:\/\/eltrabajo.cl\/portal\/wp-content\/uploads\/2014\/02\/Elias-Juri-Jacob.jpg\" data-orig-size=\"529,554\" data-comments-opened=\"1\" data-image-meta=\"{&quot;aperture&quot;:&quot;0&quot;,&quot;credit&quot;:&quot;&quot;,&quot;camera&quot;:&quot;&quot;,&quot;caption&quot;:&quot;&quot;,&quot;created_timestamp&quot;:&quot;0&quot;,&quot;copyright&quot;:&quot;&quot;,&quot;focal_length&quot;:&quot;0&quot;,&quot;iso&quot;:&quot;0&quot;,&quot;shutter_speed&quot;:&quot;0&quot;,&quot;title&quot;:&quot;&quot;}\" data-image-title=\"Elias Juri Jacob\" data-image-description=\"&lt;p&gt;El\u00edas Juri Jacob, Director y Fundador que entreg\u00f3 la Direcci\u00f3n del medio en 1948 tras haberlo creado en 1929.&lt;\/p&gt; \" data-medium-file=\"https:\/\/i0.wp.com\/eltrabajo.cl\/portal\/wp-content\/uploads\/2014\/02\/Elias-Juri-Jacob.jpg?fit=286%2C300&#038;ssl=1\" data-large-file=\"https:\/\/i0.wp.com\/eltrabajo.cl\/portal\/wp-content\/uploads\/2014\/02\/Elias-Juri-Jacob.jpg?fit=529%2C554&#038;ssl=1\" src=\"https:\/\/i0.wp.com\/eltrabajo.cl\/portal\/wp-content\/uploads\/2014\/02\/Elias-Juri-Jacob.jpg?w=422&#038;h=442&#038;ssl=1\" srcset=\"https:\/\/i0.wp.com\/eltrabajo.cl\/portal\/wp-content\/uploads\/2014\/02\/Elias-Juri-Jacob.jpg?w=529&amp;ssl=1 529w, https:\/\/i0.wp.com\/eltrabajo.cl\/portal\/wp-content\/uploads\/2014\/02\/Elias-Juri-Jacob.jpg?resize=143%2C150&amp;ssl=1 143w, https:\/\/i0.wp.com\/eltrabajo.cl\/portal\/wp-content\/uploads\/2014\/02\/Elias-Juri-Jacob.jpg?resize=286%2C300&amp;ssl=1 286w, https:\/\/i0.wp.com\/eltrabajo.cl\/portal\/wp-content\/uploads\/2014\/02\/Elias-Juri-Jacob.jpg?resize=400%2C418&amp;ssl=1 400w\" width=\"422\" height=\"442\" loading=\"lazy\" data-original-width=\"422\" data-original-height=\"442\" itemprop=\"http:\/\/schema.org\/image\" title=\"Elias Juri Jacob\" alt=\"El\u00edas Juri Jacob, Director y Fundador que entreg\u00f3 la Direcci\u00f3n del medio en 1948 tras haberlo creado en 1929.\" style=\"width: 422px; height: 442px;\" \/> <\/a> <div class=\"tiled-gallery-caption\" itemprop=\"caption description\"> El\u00edas Juri Jacob, Director y Fundador que entreg\u00f3 la Direcci\u00f3n del medio en 1948 tras haberlo creado en 1929. <\/div> <\/div> <\/div> <!-- close group --> <div class=\"gallery-group images-2\" style=\"width: 214px; height: 446px;\" data-original-width=\"214\" data-original-height=\"446\" > <div class=\"tiled-gallery-item tiled-gallery-item-small\" itemprop=\"associatedMedia\" itemscope itemtype=\"http:\/\/schema.org\/ImageObject\"> <a href=\"https:\/\/eltrabajo.cl\/portal\/alcalde-freire-realizo-cambio-de-folio-a-85-anos-de-fundado-diario-el-trabajo\/victor-juri-enriquez\/\" border=\"0\" itemprop=\"url\"> <meta itemprop=\"width\" content=\"210\"> <meta itemprop=\"height\" content=\"221\"> <img decoding=\"async\" class=\"\" data-attachment-id=\"43535\" data-orig-file=\"https:\/\/eltrabajo.cl\/portal\/wp-content\/uploads\/2014\/02\/Victor-Juri-Enriquez.jpg\" data-orig-size=\"529,556\" data-comments-opened=\"1\" data-image-meta=\"{&quot;aperture&quot;:&quot;0&quot;,&quot;credit&quot;:&quot;&quot;,&quot;camera&quot;:&quot;&quot;,&quot;caption&quot;:&quot;&quot;,&quot;created_timestamp&quot;:&quot;0&quot;,&quot;copyright&quot;:&quot;&quot;,&quot;focal_length&quot;:&quot;0&quot;,&quot;iso&quot;:&quot;0&quot;,&quot;shutter_speed&quot;:&quot;0&quot;,&quot;title&quot;:&quot;&quot;}\" data-image-title=\"Victor Juri Enriquez\" data-image-description=\"&lt;p&gt;V\u00edctor Juri Henr\u00edquez, director hasta 1968, dirigi\u00f3 el diario durante 20 a\u00f1os.&lt;\/p&gt; \" data-medium-file=\"https:\/\/i0.wp.com\/eltrabajo.cl\/portal\/wp-content\/uploads\/2014\/02\/Victor-Juri-Enriquez.jpg?fit=285%2C300&#038;ssl=1\" data-large-file=\"https:\/\/i0.wp.com\/eltrabajo.cl\/portal\/wp-content\/uploads\/2014\/02\/Victor-Juri-Enriquez.jpg?fit=529%2C556&#038;ssl=1\" src=\"https:\/\/i0.wp.com\/eltrabajo.cl\/portal\/wp-content\/uploads\/2014\/02\/Victor-Juri-Enriquez.jpg?w=210&#038;h=221&#038;ssl=1\" srcset=\"https:\/\/i0.wp.com\/eltrabajo.cl\/portal\/wp-content\/uploads\/2014\/02\/Victor-Juri-Enriquez.jpg?w=529&amp;ssl=1 529w, https:\/\/i0.wp.com\/eltrabajo.cl\/portal\/wp-content\/uploads\/2014\/02\/Victor-Juri-Enriquez.jpg?resize=142%2C150&amp;ssl=1 142w, https:\/\/i0.wp.com\/eltrabajo.cl\/portal\/wp-content\/uploads\/2014\/02\/Victor-Juri-Enriquez.jpg?resize=285%2C300&amp;ssl=1 285w, https:\/\/i0.wp.com\/eltrabajo.cl\/portal\/wp-content\/uploads\/2014\/02\/Victor-Juri-Enriquez.jpg?resize=400%2C420&amp;ssl=1 400w\" width=\"210\" height=\"221\" loading=\"lazy\" data-original-width=\"210\" data-original-height=\"221\" itemprop=\"http:\/\/schema.org\/image\" title=\"Victor Juri Enriquez\" alt=\"V\u00edctor Juri Henr\u00edquez, director hasta 1968, dirigi\u00f3 el diario durante 20 a\u00f1os.\" style=\"width: 210px; height: 221px;\" \/> <\/a> <div class=\"tiled-gallery-caption\" itemprop=\"caption description\"> V\u00edctor Juri Henr\u00edquez, director hasta 1968, dirigi\u00f3 el diario durante 20 a\u00f1os. <\/div> <\/div> <div class=\"tiled-gallery-item tiled-gallery-item-small\" itemprop=\"associatedMedia\" itemscope itemtype=\"http:\/\/schema.org\/ImageObject\"> <a href=\"https:\/\/eltrabajo.cl\/portal\/alcalde-freire-realizo-cambio-de-folio-a-85-anos-de-fundado-diario-el-trabajo\/miguel-ricardo-juri-juri\/\" border=\"0\" itemprop=\"url\"> <meta itemprop=\"width\" content=\"210\"> <meta itemprop=\"height\" content=\"217\"> <img decoding=\"async\" class=\"\" data-attachment-id=\"43530\" data-orig-file=\"https:\/\/eltrabajo.cl\/portal\/wp-content\/uploads\/2014\/02\/Miguel-Ricardo-Juri-Juri.jpg\" data-orig-size=\"529,545\" data-comments-opened=\"1\" data-image-meta=\"{&quot;aperture&quot;:&quot;0&quot;,&quot;credit&quot;:&quot;&quot;,&quot;camera&quot;:&quot;&quot;,&quot;caption&quot;:&quot;&quot;,&quot;created_timestamp&quot;:&quot;0&quot;,&quot;copyright&quot;:&quot;&quot;,&quot;focal_length&quot;:&quot;0&quot;,&quot;iso&quot;:&quot;0&quot;,&quot;shutter_speed&quot;:&quot;0&quot;,&quot;title&quot;:&quot;&quot;}\" data-image-title=\"Miguel Ricardo Juri Juri\" data-image-description=\"&lt;p&gt;Miguel Ricardo Juri Juri llevar\u00eda las riendas de Diario El Trabajo hasta 1987.&lt;\/p&gt; \" data-medium-file=\"https:\/\/i0.wp.com\/eltrabajo.cl\/portal\/wp-content\/uploads\/2014\/02\/Miguel-Ricardo-Juri-Juri.jpg?fit=291%2C300&#038;ssl=1\" data-large-file=\"https:\/\/i0.wp.com\/eltrabajo.cl\/portal\/wp-content\/uploads\/2014\/02\/Miguel-Ricardo-Juri-Juri.jpg?fit=529%2C545&#038;ssl=1\" src=\"https:\/\/i0.wp.com\/eltrabajo.cl\/portal\/wp-content\/uploads\/2014\/02\/Miguel-Ricardo-Juri-Juri.jpg?w=210&#038;h=217&#038;ssl=1\" srcset=\"https:\/\/i0.wp.com\/eltrabajo.cl\/portal\/wp-content\/uploads\/2014\/02\/Miguel-Ricardo-Juri-Juri.jpg?w=529&amp;ssl=1 529w, https:\/\/i0.wp.com\/eltrabajo.cl\/portal\/wp-content\/uploads\/2014\/02\/Miguel-Ricardo-Juri-Juri.jpg?resize=145%2C150&amp;ssl=1 145w, https:\/\/i0.wp.com\/eltrabajo.cl\/portal\/wp-content\/uploads\/2014\/02\/Miguel-Ricardo-Juri-Juri.jpg?resize=291%2C300&amp;ssl=1 291w, https:\/\/i0.wp.com\/eltrabajo.cl\/portal\/wp-content\/uploads\/2014\/02\/Miguel-Ricardo-Juri-Juri.jpg?resize=400%2C412&amp;ssl=1 400w\" width=\"210\" height=\"217\" loading=\"lazy\" data-original-width=\"210\" data-original-height=\"217\" itemprop=\"http:\/\/schema.org\/image\" title=\"Miguel Ricardo Juri Juri\" alt=\"Miguel Ricardo Juri Juri llevar\u00eda las riendas de Diario El Trabajo hasta 1987.\" style=\"width: 210px; height: 217px;\" \/> <\/a> <div class=\"tiled-gallery-caption\" itemprop=\"caption description\"> Miguel Ricardo Juri Juri llevar\u00eda las riendas de Diario El Trabajo hasta 1987. <\/div> <\/div> <\/div> <!-- close group --> <\/div> <!-- close row --> <div class=\"gallery-row\" style=\"width: 640px; height: 355px;\" data-original-width=\"640\" data-original-height=\"355\" > <div class=\"gallery-group images-1\" style=\"width: 285px; height: 355px;\" data-original-width=\"285\" data-original-height=\"355\" > <div class=\"tiled-gallery-item tiled-gallery-item-large\" itemprop=\"associatedMedia\" itemscope itemtype=\"http:\/\/schema.org\/ImageObject\"> <a href=\"https:\/\/eltrabajo.cl\/portal\/alcalde-freire-realizo-cambio-de-folio-a-85-anos-de-fundado-diario-el-trabajo\/miguel-angel-juri-ceballos\/\" border=\"0\" itemprop=\"url\"> <meta itemprop=\"width\" content=\"281\"> <meta itemprop=\"height\" content=\"351\"> <img decoding=\"async\" class=\"\" data-attachment-id=\"43540\" data-orig-file=\"https:\/\/eltrabajo.cl\/portal\/wp-content\/uploads\/2014\/02\/Miguel-Angel-Juri-Ceballos.jpg\" data-orig-size=\"529,660\" data-comments-opened=\"1\" data-image-meta=\"{&quot;aperture&quot;:&quot;0&quot;,&quot;credit&quot;:&quot;&quot;,&quot;camera&quot;:&quot;&quot;,&quot;caption&quot;:&quot;&quot;,&quot;created_timestamp&quot;:&quot;0&quot;,&quot;copyright&quot;:&quot;&quot;,&quot;focal_length&quot;:&quot;0&quot;,&quot;iso&quot;:&quot;0&quot;,&quot;shutter_speed&quot;:&quot;0&quot;,&quot;title&quot;:&quot;&quot;}\" data-image-title=\"Miguel Angel Juri Ceballos\" data-image-description=\"&lt;p&gt;Miguel \u00c1ngel Juri Ceballos, director desde 1987 hasta 2005.&lt;\/p&gt; \" data-medium-file=\"https:\/\/i0.wp.com\/eltrabajo.cl\/portal\/wp-content\/uploads\/2014\/02\/Miguel-Angel-Juri-Ceballos.jpg?fit=240%2C300&#038;ssl=1\" data-large-file=\"https:\/\/i0.wp.com\/eltrabajo.cl\/portal\/wp-content\/uploads\/2014\/02\/Miguel-Angel-Juri-Ceballos.jpg?fit=529%2C660&#038;ssl=1\" src=\"https:\/\/i0.wp.com\/eltrabajo.cl\/portal\/wp-content\/uploads\/2014\/02\/Miguel-Angel-Juri-Ceballos.jpg?w=281&#038;h=351&#038;ssl=1\" srcset=\"https:\/\/i0.wp.com\/eltrabajo.cl\/portal\/wp-content\/uploads\/2014\/02\/Miguel-Angel-Juri-Ceballos.jpg?w=529&amp;ssl=1 529w, https:\/\/i0.wp.com\/eltrabajo.cl\/portal\/wp-content\/uploads\/2014\/02\/Miguel-Angel-Juri-Ceballos.jpg?resize=120%2C150&amp;ssl=1 120w, https:\/\/i0.wp.com\/eltrabajo.cl\/portal\/wp-content\/uploads\/2014\/02\/Miguel-Angel-Juri-Ceballos.jpg?resize=240%2C300&amp;ssl=1 240w, https:\/\/i0.wp.com\/eltrabajo.cl\/portal\/wp-content\/uploads\/2014\/02\/Miguel-Angel-Juri-Ceballos.jpg?resize=400%2C499&amp;ssl=1 400w\" width=\"281\" height=\"351\" loading=\"lazy\" data-original-width=\"281\" data-original-height=\"351\" itemprop=\"http:\/\/schema.org\/image\" title=\"Miguel Angel Juri Ceballos\" alt=\"Miguel \u00c1ngel Juri Ceballos, director desde 1987 hasta 2005.\" style=\"width: 281px; height: 351px;\" \/> <\/a> <div class=\"tiled-gallery-caption\" itemprop=\"caption description\"> Miguel \u00c1ngel Juri Ceballos, director desde 1987 hasta 2005. <\/div> <\/div> <\/div> <!-- close group --> <div class=\"gallery-group images-1\" style=\"width: 355px; height: 355px;\" data-original-width=\"355\" data-original-height=\"355\" > <div class=\"tiled-gallery-item tiled-gallery-item-large\" itemprop=\"associatedMedia\" itemscope itemtype=\"http:\/\/schema.org\/ImageObject\"> <a href=\"https:\/\/eltrabajo.cl\/portal\/alcalde-freire-realizo-cambio-de-folio-a-85-anos-de-fundado-diario-el-trabajo\/marco-antonio-juri\/\" border=\"0\" itemprop=\"url\"> <meta itemprop=\"width\" content=\"351\"> <meta itemprop=\"height\" content=\"351\"> <img decoding=\"async\" class=\"\" data-attachment-id=\"43539\" data-orig-file=\"https:\/\/eltrabajo.cl\/portal\/wp-content\/uploads\/2014\/02\/Marco-Antonio-Juri.jpg\" data-orig-size=\"530,530\" data-comments-opened=\"1\" data-image-meta=\"{&quot;aperture&quot;:&quot;3.5&quot;,&quot;credit&quot;:&quot;&quot;,&quot;camera&quot;:&quot;COOLPIX P90&quot;,&quot;caption&quot;:&quot;&quot;,&quot;created_timestamp&quot;:&quot;1258983188&quot;,&quot;copyright&quot;:&quot;&quot;,&quot;focal_length&quot;:&quot;10.3&quot;,&quot;iso&quot;:&quot;400&quot;,&quot;shutter_speed&quot;:&quot;0.022573363431151&quot;,&quot;title&quot;:&quot;&quot;}\" data-image-title=\"Marco Antonio Juri\" data-image-description=\"&lt;p&gt;Marco Antonio Juri Ceballos asumi\u00f3 labores como director en marzo de 2005 y hasta la actualidad se mantiene al frente de Diario El Trabajo de Aconcagua.&lt;\/p&gt; \" data-medium-file=\"https:\/\/i0.wp.com\/eltrabajo.cl\/portal\/wp-content\/uploads\/2014\/02\/Marco-Antonio-Juri.jpg?fit=300%2C300&#038;ssl=1\" data-large-file=\"https:\/\/i0.wp.com\/eltrabajo.cl\/portal\/wp-content\/uploads\/2014\/02\/Marco-Antonio-Juri.jpg?fit=530%2C530&#038;ssl=1\" src=\"https:\/\/i0.wp.com\/eltrabajo.cl\/portal\/wp-content\/uploads\/2014\/02\/Marco-Antonio-Juri.jpg?w=351&#038;h=351&#038;crop=1&#038;ssl=1\" srcset=\"https:\/\/i0.wp.com\/eltrabajo.cl\/portal\/wp-content\/uploads\/2014\/02\/Marco-Antonio-Juri.jpg?w=530&amp;ssl=1 530w, https:\/\/i0.wp.com\/eltrabajo.cl\/portal\/wp-content\/uploads\/2014\/02\/Marco-Antonio-Juri.jpg?resize=150%2C150&amp;ssl=1 150w, https:\/\/i0.wp.com\/eltrabajo.cl\/portal\/wp-content\/uploads\/2014\/02\/Marco-Antonio-Juri.jpg?resize=300%2C300&amp;ssl=1 300w, https:\/\/i0.wp.com\/eltrabajo.cl\/portal\/wp-content\/uploads\/2014\/02\/Marco-Antonio-Juri.jpg?resize=400%2C400&amp;ssl=1 400w\" width=\"351\" height=\"351\" loading=\"lazy\" data-original-width=\"351\" data-original-height=\"351\" itemprop=\"http:\/\/schema.org\/image\" title=\"Marco Antonio Juri\" alt=\"Marco Antonio Juri Ceballos asumi\u00f3 labores como director en marzo de 2005 y hasta la actualidad se mantiene al frente de Diario El Trabajo de Aconcagua.\" style=\"width: 351px; height: 351px;\" \/> <\/a> <div class=\"tiled-gallery-caption\" itemprop=\"caption description\"> Marco Antonio Juri Ceballos asumi\u00f3 labores como director en marzo de 2005 y hasta la actualidad se mantiene al frente de Diario El Trabajo de Aconcagua. <\/div> <\/div> <\/div> <!-- close group --> <\/div> <!-- close row --> <\/div>\n<p><strong>PASADO Y PRESENTE<\/strong><\/p>\n<p>Como todos los a\u00f1os lo hace, Pedro Vergara, el periodista pensionado y ex-funcionario de Diario El Trabajo desde los tiempos en que este medio se fund\u00f3, asisti\u00f3 elegantemente al acto oficial de nuestra empresa.<\/p>\n<p>\u00abTrabaj\u00e9 con el fundador de este diario, hice de todo durante mis 75 a\u00f1os en Diario El Trabajo, toda mi vida ha sido marcada con esta empresa y aunque fui corresponsal de medios como El Mercurio, El Ilustrado y Las \u00faltimas, mi agradecimiento especial siempre ser\u00e1 para Diario El Trabajo, el gran diario de Aconcagua\u00bb, coment\u00f3 Vergara de 90 a\u00f1os.<\/p>\n<p>Marco Antonio Juri, Director de Diario El Trabajo, supo tambi\u00e9n enumerar varios de los logros del medio y tambi\u00e9n determinar el rumbo del holding period\u00edstico que \u00e9l con su equipo dirige desde hace nueve a\u00f1os.<\/p>\n<p>\u00abHa sido una dura labor desde que asum\u00ed como Director en 2005, tomando como primera medida la incorporaci\u00f3n del color en las p\u00e1ginas de Diario El Trabajo. Sin duda los cambios introducidos desde entonces han sido notables, situaci\u00f3n que se ha debido en gran parte a la profunda transformaci\u00f3n de nuestra sociedad, b\u00e1sicamente por los adelantos tecnol\u00f3gicos. A ello se agrega el nacimiento de nuestra edici\u00f3n electr\u00f3nica el 24 de febrero de 2000, constituy\u00e9ndonos en el primer diario electr\u00f3nico del Valle de Aconcagua y uno de los primeros del pa\u00eds, con m\u00e1s de 6.000 visitas diarias reales, es decir sin repetir. Y ahora \u00faltimo, el nacimiento de Radio 10, un tremendo desaf\u00edo que hemos iniciado con la convicci\u00f3n absoluta que era imprescindible ampliar nuestro campo de acci\u00f3n en el \u00e1mbito informativo, tarea en la cual hemos contado con la valiosa colaboraci\u00f3n de un gran equipo humano que se ha sumado entusiastamente a este proyecto\u00bb, coment\u00f3 Juri.<\/p>\n<p>Siendo que nuestro crecimiento y solidez como medio informativo obedece al trabajo de equipo de quienes laboramos en el mismo, lo cierto es que siempre ser\u00e1n nuestros lectores los que seguir\u00e1n dando vida y vigor a nuestra empresa, pues Diario El Trabajo y Radio 10 son empresas que nos debemos enteramente a cada uno de nuestros lectores, anunciantes y auditores.<\/p>\n<p>Roberto Gonz\u00e1lez Short<\/p>\n<p>rgonzalez@eltrabajo.cl<\/p>\n<div class=\"tiled-gallery type-rectangular tiled-gallery-unresized\" data-original-width=\"640\" data-carousel-extra='null' itemscope itemtype=\"http:\/\/schema.org\/ImageGallery\" > <div class=\"gallery-row\" style=\"width: 640px; height: 289px;\" data-original-width=\"640\" data-original-height=\"289\" > <div class=\"gallery-group images-1\" style=\"width: 403px; height: 289px;\" data-original-width=\"403\" data-original-height=\"289\" > <div class=\"tiled-gallery-item tiled-gallery-item-large\" itemprop=\"associatedMedia\" itemscope itemtype=\"http:\/\/schema.org\/ImageObject\"> <a href=\"https:\/\/eltrabajo.cl\/portal\/alcalde-freire-realizo-cambio-de-folio-a-85-anos-de-fundado-diario-el-trabajo\/torta1\/\" border=\"0\" itemprop=\"url\"> <meta itemprop=\"width\" content=\"399\"> <meta itemprop=\"height\" content=\"285\"> <img decoding=\"async\" class=\"\" data-attachment-id=\"43527\" data-orig-file=\"https:\/\/eltrabajo.cl\/portal\/wp-content\/uploads\/2014\/02\/Torta1.jpg\" data-orig-size=\"529,378\" data-comments-opened=\"1\" data-image-meta=\"{&quot;aperture&quot;:&quot;4&quot;,&quot;credit&quot;:&quot;&quot;,&quot;camera&quot;:&quot;Canon EOS REBEL T1i&quot;,&quot;caption&quot;:&quot;&quot;,&quot;created_timestamp&quot;:&quot;1393244678&quot;,&quot;copyright&quot;:&quot;&quot;,&quot;focal_length&quot;:&quot;18&quot;,&quot;iso&quot;:&quot;400&quot;,&quot;shutter_speed&quot;:&quot;0.016666666666667&quot;,&quot;title&quot;:&quot;&quot;}\" data-image-title=\"Torta1\" data-image-description=\"&lt;p&gt;LA TORTA.- Una deliciosa torta y bocadillos para los presentes, es lo que el Alcalde Patricio Freire trajo a nuestra Sala de Redacci\u00f3n para celebrar con el personal estos 85 a\u00f1os de informar a nuestro valle.&lt;\/p&gt; \" data-medium-file=\"https:\/\/i0.wp.com\/eltrabajo.cl\/portal\/wp-content\/uploads\/2014\/02\/Torta1.jpg?fit=300%2C214&#038;ssl=1\" data-large-file=\"https:\/\/i0.wp.com\/eltrabajo.cl\/portal\/wp-content\/uploads\/2014\/02\/Torta1.jpg?fit=529%2C378&#038;ssl=1\" src=\"https:\/\/i0.wp.com\/eltrabajo.cl\/portal\/wp-content\/uploads\/2014\/02\/Torta1.jpg?w=399&#038;h=285&#038;ssl=1\" srcset=\"https:\/\/i0.wp.com\/eltrabajo.cl\/portal\/wp-content\/uploads\/2014\/02\/Torta1.jpg?w=529&amp;ssl=1 529w, https:\/\/i0.wp.com\/eltrabajo.cl\/portal\/wp-content\/uploads\/2014\/02\/Torta1.jpg?resize=200%2C142&amp;ssl=1 200w, https:\/\/i0.wp.com\/eltrabajo.cl\/portal\/wp-content\/uploads\/2014\/02\/Torta1.jpg?resize=300%2C214&amp;ssl=1 300w, https:\/\/i0.wp.com\/eltrabajo.cl\/portal\/wp-content\/uploads\/2014\/02\/Torta1.jpg?resize=150%2C107&amp;ssl=1 150w, https:\/\/i0.wp.com\/eltrabajo.cl\/portal\/wp-content\/uploads\/2014\/02\/Torta1.jpg?resize=400%2C285&amp;ssl=1 400w\" width=\"399\" height=\"285\" loading=\"lazy\" data-original-width=\"399\" data-original-height=\"285\" itemprop=\"http:\/\/schema.org\/image\" title=\"Torta1\" alt=\"LA TORTA.- Una deliciosa torta y bocadillos para los presentes, es lo que el Alcalde Patricio Freire trajo a nuestra Sala de Redacci\u00f3n para celebrar con el personal estos 85 a\u00f1os de informar a nuestro valle.\" style=\"width: 399px; height: 285px;\" \/> <\/a> <div class=\"tiled-gallery-caption\" itemprop=\"caption description\"> LA TORTA.- Una deliciosa torta y bocadillos para los presentes, es lo que el Alcalde Patricio Freire trajo a nuestra Sala de Redacci\u00f3n para celebrar con el personal estos 85 a\u00f1os de informar a nuestro valle. <\/div> <\/div> <\/div> <!-- close group --> <div class=\"gallery-group images-2\" style=\"width: 237px; height: 289px;\" data-original-width=\"237\" data-original-height=\"289\" > <div class=\"tiled-gallery-item tiled-gallery-item-small\" itemprop=\"associatedMedia\" itemscope itemtype=\"http:\/\/schema.org\/ImageObject\"> <a href=\"https:\/\/eltrabajo.cl\/portal\/alcalde-freire-realizo-cambio-de-folio-a-85-anos-de-fundado-diario-el-trabajo\/redaccion1\/\" border=\"0\" itemprop=\"url\"> <meta itemprop=\"width\" content=\"233\"> <meta itemprop=\"height\" content=\"123\"> <img decoding=\"async\" class=\"\" data-attachment-id=\"43525\" data-orig-file=\"https:\/\/eltrabajo.cl\/portal\/wp-content\/uploads\/2014\/02\/Redaccion1.jpg\" data-orig-size=\"529,280\" data-comments-opened=\"1\" data-image-meta=\"{&quot;aperture&quot;:&quot;4&quot;,&quot;credit&quot;:&quot;&quot;,&quot;camera&quot;:&quot;Canon EOS REBEL T1i&quot;,&quot;caption&quot;:&quot;&quot;,&quot;created_timestamp&quot;:&quot;1393244513&quot;,&quot;copyright&quot;:&quot;&quot;,&quot;focal_length&quot;:&quot;18&quot;,&quot;iso&quot;:&quot;400&quot;,&quot;shutter_speed&quot;:&quot;0.016666666666667&quot;,&quot;title&quot;:&quot;&quot;}\" data-image-title=\"Redaccion1\" data-image-description=\"&lt;p&gt;PROTAGONISTAS.- Comparten Ang\u00e9lica Juri, diagramadora; Pedro Vergara, periodista pensionado; Patricia Boffa, gobernadora; Miguel Ricardo Juri, Gerente General Diario El Trabajo; el Alcalde Patricio Freire; Core Rolando Stevenson y el director de nuestro medio, Marco Antonio Juri.&lt;\/p&gt; \" data-medium-file=\"https:\/\/i0.wp.com\/eltrabajo.cl\/portal\/wp-content\/uploads\/2014\/02\/Redaccion1.jpg?fit=300%2C158&#038;ssl=1\" data-large-file=\"https:\/\/i0.wp.com\/eltrabajo.cl\/portal\/wp-content\/uploads\/2014\/02\/Redaccion1.jpg?fit=529%2C280&#038;ssl=1\" src=\"https:\/\/i0.wp.com\/eltrabajo.cl\/portal\/wp-content\/uploads\/2014\/02\/Redaccion1.jpg?w=233&#038;h=123&#038;ssl=1\" srcset=\"https:\/\/i0.wp.com\/eltrabajo.cl\/portal\/wp-content\/uploads\/2014\/02\/Redaccion1.jpg?w=529&amp;ssl=1 529w, https:\/\/i0.wp.com\/eltrabajo.cl\/portal\/wp-content\/uploads\/2014\/02\/Redaccion1.jpg?resize=200%2C105&amp;ssl=1 200w, https:\/\/i0.wp.com\/eltrabajo.cl\/portal\/wp-content\/uploads\/2014\/02\/Redaccion1.jpg?resize=300%2C158&amp;ssl=1 300w, https:\/\/i0.wp.com\/eltrabajo.cl\/portal\/wp-content\/uploads\/2014\/02\/Redaccion1.jpg?resize=150%2C79&amp;ssl=1 150w, https:\/\/i0.wp.com\/eltrabajo.cl\/portal\/wp-content\/uploads\/2014\/02\/Redaccion1.jpg?resize=400%2C211&amp;ssl=1 400w\" width=\"233\" height=\"123\" loading=\"lazy\" data-original-width=\"233\" data-original-height=\"123\" itemprop=\"http:\/\/schema.org\/image\" title=\"Redaccion1\" alt=\"PROTAGONISTAS.- Comparten Ang\u00e9lica Juri, diagramadora; Pedro Vergara, periodista pensionado; Patricia Boffa, gobernadora; Miguel Ricardo Juri, Gerente General Diario El Trabajo; el Alcalde Patricio Freire; Core Rolando Stevenson y el director de nuestro medio, Marco Antonio Juri.\" style=\"width: 233px; height: 123px;\" \/> <\/a> <div class=\"tiled-gallery-caption\" itemprop=\"caption description\"> PROTAGONISTAS.- Comparten Ang\u00e9lica Juri, diagramadora; Pedro Vergara, periodista pensionado; Patricia Boffa, gobernadora; Miguel Ricardo Juri, Gerente General Diario El Trabajo; el Alcalde Patricio Freire; Core Rolando Stevenson y el director de nuestro medio, Marco Antonio Juri. <\/div> <\/div> <div class=\"tiled-gallery-item tiled-gallery-item-small\" itemprop=\"associatedMedia\" itemscope itemtype=\"http:\/\/schema.org\/ImageObject\"> <a href=\"https:\/\/eltrabajo.cl\/portal\/alcalde-freire-realizo-cambio-de-folio-a-85-anos-de-fundado-diario-el-trabajo\/folio4\/\" border=\"0\" itemprop=\"url\"> <meta itemprop=\"width\" content=\"233\"> <meta itemprop=\"height\" content=\"158\"> <img decoding=\"async\" class=\"\" data-attachment-id=\"43528\" data-orig-file=\"https:\/\/eltrabajo.cl\/portal\/wp-content\/uploads\/2014\/02\/Folio4.jpg\" data-orig-size=\"529,358\" data-comments-opened=\"1\" data-image-meta=\"{&quot;aperture&quot;:&quot;5.6&quot;,&quot;credit&quot;:&quot;&quot;,&quot;camera&quot;:&quot;Canon EOS REBEL T1i&quot;,&quot;caption&quot;:&quot;&quot;,&quot;created_timestamp&quot;:&quot;1393244916&quot;,&quot;copyright&quot;:&quot;&quot;,&quot;focal_length&quot;:&quot;49&quot;,&quot;iso&quot;:&quot;400&quot;,&quot;shutter_speed&quot;:&quot;0.016666666666667&quot;,&quot;title&quot;:&quot;&quot;}\" data-image-title=\"Folio4\" data-image-description=\"&lt;p&gt;CAMARADER\u00cdA.- El Gerente General de Diario El Trabajo, Miguel Ricardo Juri, comparti\u00f3 alegremente con la primera autoridad municipal y el Core Stevenson.&lt;\/p&gt; \" data-medium-file=\"https:\/\/i0.wp.com\/eltrabajo.cl\/portal\/wp-content\/uploads\/2014\/02\/Folio4.jpg?fit=300%2C203&#038;ssl=1\" data-large-file=\"https:\/\/i0.wp.com\/eltrabajo.cl\/portal\/wp-content\/uploads\/2014\/02\/Folio4.jpg?fit=529%2C358&#038;ssl=1\" src=\"https:\/\/i0.wp.com\/eltrabajo.cl\/portal\/wp-content\/uploads\/2014\/02\/Folio4.jpg?w=233&#038;h=158&#038;ssl=1\" srcset=\"https:\/\/i0.wp.com\/eltrabajo.cl\/portal\/wp-content\/uploads\/2014\/02\/Folio4.jpg?w=529&amp;ssl=1 529w, https:\/\/i0.wp.com\/eltrabajo.cl\/portal\/wp-content\/uploads\/2014\/02\/Folio4.jpg?resize=200%2C135&amp;ssl=1 200w, https:\/\/i0.wp.com\/eltrabajo.cl\/portal\/wp-content\/uploads\/2014\/02\/Folio4.jpg?resize=300%2C203&amp;ssl=1 300w, https:\/\/i0.wp.com\/eltrabajo.cl\/portal\/wp-content\/uploads\/2014\/02\/Folio4.jpg?resize=150%2C101&amp;ssl=1 150w, https:\/\/i0.wp.com\/eltrabajo.cl\/portal\/wp-content\/uploads\/2014\/02\/Folio4.jpg?resize=400%2C270&amp;ssl=1 400w\" width=\"233\" height=\"158\" loading=\"lazy\" data-original-width=\"233\" data-original-height=\"158\" itemprop=\"http:\/\/schema.org\/image\" title=\"Folio4\" alt=\"CAMARADER\u00cdA.- El Gerente General de Diario El Trabajo, Miguel Ricardo Juri, comparti\u00f3 alegremente con la primera autoridad municipal y el Core Stevenson.\" style=\"width: 233px; height: 158px;\" \/> <\/a> <div class=\"tiled-gallery-caption\" itemprop=\"caption description\"> CAMARADER\u00cdA.- El Gerente General de Diario El Trabajo, Miguel Ricardo Juri, comparti\u00f3 alegremente con la primera autoridad municipal y el Core Stevenson. <\/div> <\/div> <\/div> <!-- close group --> <\/div> <!-- close row --> <div class=\"gallery-row\" style=\"width: 640px; height: 380px;\" data-original-width=\"640\" data-original-height=\"380\" > <div class=\"gallery-group images-2\" style=\"width: 265px; height: 380px;\" data-original-width=\"265\" data-original-height=\"380\" > <div class=\"tiled-gallery-item tiled-gallery-item-large\" itemprop=\"associatedMedia\" itemscope itemtype=\"http:\/\/schema.org\/ImageObject\"> <a href=\"https:\/\/eltrabajo.cl\/portal\/alcalde-freire-realizo-cambio-de-folio-a-85-anos-de-fundado-diario-el-trabajo\/gerencial1-2\/\" border=\"0\" itemprop=\"url\"> <meta itemprop=\"width\" content=\"261\"> <meta itemprop=\"height\" content=\"178\"> <img decoding=\"async\" class=\"\" data-attachment-id=\"43523\" data-orig-file=\"https:\/\/eltrabajo.cl\/portal\/wp-content\/uploads\/2014\/02\/Gerencial11.jpg\" data-orig-size=\"529,361\" data-comments-opened=\"1\" data-image-meta=\"{&quot;aperture&quot;:&quot;4&quot;,&quot;credit&quot;:&quot;&quot;,&quot;camera&quot;:&quot;Canon EOS REBEL T1i&quot;,&quot;caption&quot;:&quot;&quot;,&quot;created_timestamp&quot;:&quot;1393244199&quot;,&quot;copyright&quot;:&quot;&quot;,&quot;focal_length&quot;:&quot;23&quot;,&quot;iso&quot;:&quot;800&quot;,&quot;shutter_speed&quot;:&quot;0.016666666666667&quot;,&quot;title&quot;:&quot;&quot;}\" data-image-title=\"Gerencial1\" data-image-description=\"&lt;p&gt;GERENCIAL.- La Gobernadora Patricia Boffa y el Core Rolando Stevenson compartieron amenamente con nuestro Gerente General Miguel Ricardo Juri Juri en este 85 aniversario de Diario El Trabajo.&lt;\/p&gt; \" data-medium-file=\"https:\/\/i0.wp.com\/eltrabajo.cl\/portal\/wp-content\/uploads\/2014\/02\/Gerencial11.jpg?fit=300%2C204&#038;ssl=1\" data-large-file=\"https:\/\/i0.wp.com\/eltrabajo.cl\/portal\/wp-content\/uploads\/2014\/02\/Gerencial11.jpg?fit=529%2C361&#038;ssl=1\" src=\"https:\/\/i0.wp.com\/eltrabajo.cl\/portal\/wp-content\/uploads\/2014\/02\/Gerencial11.jpg?w=261&#038;h=178&#038;ssl=1\" srcset=\"https:\/\/i0.wp.com\/eltrabajo.cl\/portal\/wp-content\/uploads\/2014\/02\/Gerencial11.jpg?w=529&amp;ssl=1 529w, https:\/\/i0.wp.com\/eltrabajo.cl\/portal\/wp-content\/uploads\/2014\/02\/Gerencial11.jpg?resize=200%2C136&amp;ssl=1 200w, https:\/\/i0.wp.com\/eltrabajo.cl\/portal\/wp-content\/uploads\/2014\/02\/Gerencial11.jpg?resize=300%2C204&amp;ssl=1 300w, https:\/\/i0.wp.com\/eltrabajo.cl\/portal\/wp-content\/uploads\/2014\/02\/Gerencial11.jpg?resize=150%2C102&amp;ssl=1 150w, https:\/\/i0.wp.com\/eltrabajo.cl\/portal\/wp-content\/uploads\/2014\/02\/Gerencial11.jpg?resize=400%2C272&amp;ssl=1 400w\" width=\"261\" height=\"178\" loading=\"lazy\" data-original-width=\"261\" data-original-height=\"178\" itemprop=\"http:\/\/schema.org\/image\" title=\"Gerencial1\" alt=\"GERENCIAL.- La Gobernadora Patricia Boffa y el Core Rolando Stevenson compartieron amenamente con nuestro Gerente General Miguel Ricardo Juri Juri en este 85 aniversario de Diario El Trabajo.\" style=\"width: 261px; height: 178px;\" \/> <\/a> <div class=\"tiled-gallery-caption\" itemprop=\"caption description\"> GERENCIAL.- La Gobernadora Patricia Boffa y el Core Rolando Stevenson compartieron amenamente con nuestro Gerente General Miguel Ricardo Juri Juri en este 85 aniversario de Diario El Trabajo. <\/div> <\/div> <div class=\"tiled-gallery-item tiled-gallery-item-large\" itemprop=\"associatedMedia\" itemscope itemtype=\"http:\/\/schema.org\/ImageObject\"> <a href=\"https:\/\/eltrabajo.cl\/portal\/alcalde-freire-realizo-cambio-de-folio-a-85-anos-de-fundado-diario-el-trabajo\/pedrito2\/\" border=\"0\" itemprop=\"url\"> <meta itemprop=\"width\" content=\"261\"> <meta itemprop=\"height\" content=\"194\"> <img decoding=\"async\" class=\"\" data-attachment-id=\"43524\" data-orig-file=\"https:\/\/eltrabajo.cl\/portal\/wp-content\/uploads\/2014\/02\/Pedrito2.jpg\" data-orig-size=\"529,392\" data-comments-opened=\"1\" data-image-meta=\"{&quot;aperture&quot;:&quot;4.5&quot;,&quot;credit&quot;:&quot;&quot;,&quot;camera&quot;:&quot;Canon EOS REBEL T1i&quot;,&quot;caption&quot;:&quot;&quot;,&quot;created_timestamp&quot;:&quot;1393244342&quot;,&quot;copyright&quot;:&quot;&quot;,&quot;focal_length&quot;:&quot;33&quot;,&quot;iso&quot;:&quot;400&quot;,&quot;shutter_speed&quot;:&quot;0.016666666666667&quot;,&quot;title&quot;:&quot;&quot;}\" data-image-title=\"Pedrito2\" data-image-description=\"&lt;p&gt;REGALONA.- Pedrito Vergara se llev\u00f3 tambi\u00e9n todo el cari\u00f1o de la Gobernadora Patricia Boffa en este encuentro de emprendedores de la comunicaci\u00f3n con nuestras autoridades.&lt;\/p&gt; \" data-medium-file=\"https:\/\/i0.wp.com\/eltrabajo.cl\/portal\/wp-content\/uploads\/2014\/02\/Pedrito2.jpg?fit=300%2C222&#038;ssl=1\" data-large-file=\"https:\/\/i0.wp.com\/eltrabajo.cl\/portal\/wp-content\/uploads\/2014\/02\/Pedrito2.jpg?fit=529%2C392&#038;ssl=1\" src=\"https:\/\/i0.wp.com\/eltrabajo.cl\/portal\/wp-content\/uploads\/2014\/02\/Pedrito2.jpg?w=261&#038;h=194&#038;ssl=1\" srcset=\"https:\/\/i0.wp.com\/eltrabajo.cl\/portal\/wp-content\/uploads\/2014\/02\/Pedrito2.jpg?w=529&amp;ssl=1 529w, https:\/\/i0.wp.com\/eltrabajo.cl\/portal\/wp-content\/uploads\/2014\/02\/Pedrito2.jpg?resize=200%2C148&amp;ssl=1 200w, https:\/\/i0.wp.com\/eltrabajo.cl\/portal\/wp-content\/uploads\/2014\/02\/Pedrito2.jpg?resize=300%2C222&amp;ssl=1 300w, https:\/\/i0.wp.com\/eltrabajo.cl\/portal\/wp-content\/uploads\/2014\/02\/Pedrito2.jpg?resize=150%2C111&amp;ssl=1 150w, https:\/\/i0.wp.com\/eltrabajo.cl\/portal\/wp-content\/uploads\/2014\/02\/Pedrito2.jpg?resize=400%2C296&amp;ssl=1 400w\" width=\"261\" height=\"194\" loading=\"lazy\" data-original-width=\"261\" data-original-height=\"194\" itemprop=\"http:\/\/schema.org\/image\" title=\"Pedrito2\" alt=\"REGALONA.- Pedrito Vergara se llev\u00f3 tambi\u00e9n todo el cari\u00f1o de la Gobernadora Patricia Boffa en este encuentro de emprendedores de la comunicaci\u00f3n con nuestras autoridades.\" style=\"width: 261px; height: 194px;\" \/> <\/a> <div class=\"tiled-gallery-caption\" itemprop=\"caption description\"> REGALONA.- Pedrito Vergara se llev\u00f3 tambi\u00e9n todo el cari\u00f1o de la Gobernadora Patricia Boffa en este encuentro de emprendedores de la comunicaci\u00f3n con nuestras autoridades. <\/div> <\/div> <\/div> <!-- close group --> <div class=\"gallery-group images-1\" style=\"width: 375px; height: 380px;\" data-original-width=\"375\" data-original-height=\"380\" > <div class=\"tiled-gallery-item tiled-gallery-item-large\" itemprop=\"associatedMedia\" itemscope itemtype=\"http:\/\/schema.org\/ImageObject\"> <a href=\"https:\/\/eltrabajo.cl\/portal\/alcalde-freire-realizo-cambio-de-folio-a-85-anos-de-fundado-diario-el-trabajo\/redaccion2\/\" border=\"0\" itemprop=\"url\"> <meta itemprop=\"width\" content=\"371\"> <meta itemprop=\"height\" content=\"376\"> <img decoding=\"async\" class=\"\" data-attachment-id=\"43526\" data-orig-file=\"https:\/\/eltrabajo.cl\/portal\/wp-content\/uploads\/2014\/02\/Redaccion2.jpg\" data-orig-size=\"529,536\" data-comments-opened=\"1\" data-image-meta=\"{&quot;aperture&quot;:&quot;4&quot;,&quot;credit&quot;:&quot;&quot;,&quot;camera&quot;:&quot;Canon EOS REBEL T1i&quot;,&quot;caption&quot;:&quot;&quot;,&quot;created_timestamp&quot;:&quot;1393244372&quot;,&quot;copyright&quot;:&quot;&quot;,&quot;focal_length&quot;:&quot;18&quot;,&quot;iso&quot;:&quot;400&quot;,&quot;shutter_speed&quot;:&quot;0.016666666666667&quot;,&quot;title&quot;:&quot;&quot;}\" data-image-title=\"Redaccion2\" data-image-description=\"&lt;p&gt;CALIDEZ.- Ang\u00e9lica Juri comparti\u00f3 un c\u00e1lido abrazo con el Core Rolando Stevenson durante la actividad en nuestra Sala de Redacci\u00f3n.&lt;\/p&gt; \" data-medium-file=\"https:\/\/i0.wp.com\/eltrabajo.cl\/portal\/wp-content\/uploads\/2014\/02\/Redaccion2.jpg?fit=296%2C300&#038;ssl=1\" data-large-file=\"https:\/\/i0.wp.com\/eltrabajo.cl\/portal\/wp-content\/uploads\/2014\/02\/Redaccion2.jpg?fit=529%2C536&#038;ssl=1\" src=\"https:\/\/i0.wp.com\/eltrabajo.cl\/portal\/wp-content\/uploads\/2014\/02\/Redaccion2.jpg?w=371&#038;h=376&#038;ssl=1\" srcset=\"https:\/\/i0.wp.com\/eltrabajo.cl\/portal\/wp-content\/uploads\/2014\/02\/Redaccion2.jpg?w=529&amp;ssl=1 529w, https:\/\/i0.wp.com\/eltrabajo.cl\/portal\/wp-content\/uploads\/2014\/02\/Redaccion2.jpg?resize=148%2C150&amp;ssl=1 148w, https:\/\/i0.wp.com\/eltrabajo.cl\/portal\/wp-content\/uploads\/2014\/02\/Redaccion2.jpg?resize=296%2C300&amp;ssl=1 296w, https:\/\/i0.wp.com\/eltrabajo.cl\/portal\/wp-content\/uploads\/2014\/02\/Redaccion2.jpg?resize=400%2C405&amp;ssl=1 400w\" width=\"371\" height=\"376\" loading=\"lazy\" data-original-width=\"371\" data-original-height=\"376\" itemprop=\"http:\/\/schema.org\/image\" title=\"Redaccion2\" alt=\"CALIDEZ.- Ang\u00e9lica Juri comparti\u00f3 un c\u00e1lido abrazo con el Core Rolando Stevenson durante la actividad en nuestra Sala de Redacci\u00f3n.\" style=\"width: 371px; height: 376px;\" \/> <\/a> <div class=\"tiled-gallery-caption\" itemprop=\"caption description\"> CALIDEZ.- Ang\u00e9lica Juri comparti\u00f3 un c\u00e1lido abrazo con el Core Rolando Stevenson durante la actividad en nuestra Sala de Redacci\u00f3n. <\/div> <\/div> <\/div> <!-- close group --> <\/div> <!-- close row --> <\/div>\n<p>NUESTROS DIRECTORES<\/p>\n<p>&nbsp;<\/p>\n","protected":false},"excerpt":{"rendered":"<p>Al mediod\u00eda de este lunes en nuestra Sala de Redacci\u00f3n, se realiz\u00f3 el tradicional Cambio de Folio de Diario El Trabajo, acto en el cual el Alcalde Patricio Freire digit\u00f3 en nuestra&#8230;<\/p>\n","protected":false},"author":482,"featured_media":43522,"comment_status":"open","ping_status":"closed","sticky":false,"template":"","format":"standard","meta":{"advanced_seo_description":"","jetpack_seo_html_title":"","jetpack_seo_noindex":false,"_jetpack_memberships_contains_paid_content":false,"footnotes":""},"categories":[15],"tags":[],"class_list":["post-43521","post","type-post","status-publish","format-standard","has-post-thumbnail","hentry","category-comunidad"],"jetpack_featured_media_url":"https:\/\/i0.wp.com\/eltrabajo.cl\/portal\/wp-content\/uploads\/2014\/02\/Folio1-porta.jpg?fit=529%2C358&ssl=1","jetpack_sharing_enabled":true,"jetpack_likes_enabled":true,"jetpack-related-posts":[],"_links":{"self":[{"href":"https:\/\/eltrabajo.cl\/portal\/wp-json\/wp\/v2\/posts\/43521","targetHints":{"allow":["GET"]}}],"collection":[{"href":"https:\/\/eltrabajo.cl\/portal\/wp-json\/wp\/v2\/posts"}],"about":[{"href":"https:\/\/eltrabajo.cl\/portal\/wp-json\/wp\/v2\/types\/post"}],"author":[{"embeddable":true,"href":"https:\/\/eltrabajo.cl\/portal\/wp-json\/wp\/v2\/users\/482"}],"replies":[{"embeddable":true,"href":"https:\/\/eltrabajo.cl\/portal\/wp-json\/wp\/v2\/comments?post=43521"}],"version-history":[{"count":0,"href":"https:\/\/eltrabajo.cl\/portal\/wp-json\/wp\/v2\/posts\/43521\/revisions"}],"wp:featuredmedia":[{"embeddable":true,"href":"https:\/\/eltrabajo.cl\/portal\/wp-json\/wp\/v2\/media\/43522"}],"wp:attachment":[{"href":"https:\/\/eltrabajo.cl\/portal\/wp-json\/wp\/v2\/media?parent=43521"}],"wp:term":[{"taxonomy":"category","embeddable":true,"href":"https:\/\/eltrabajo.cl\/portal\/wp-json\/wp\/v2\/categories?post=43521"},{"taxonomy":"post_tag","embeddable":true,"href":"https:\/\/eltrabajo.cl\/portal\/wp-json\/wp\/v2\/tags?post=43521"}],"curies":[{"name":"wp","href":"https:\/\/api.w.org\/{rel}","templated":true}]}}