{"id":43547,"date":"2014-02-25T10:29:06","date_gmt":"2014-02-25T13:29:06","guid":{"rendered":"http:\/\/www.eltrabajo.cl\/portal\/?p=43547"},"modified":"2014-02-25T10:29:06","modified_gmt":"2014-02-25T13:29:06","slug":"cerca-de-250-corredores-participaron-de-tercera-corrida-en-panquehue","status":"publish","type":"post","link":"https:\/\/eltrabajo.cl\/portal\/cerca-de-250-corredores-participaron-de-tercera-corrida-en-panquehue\/","title":{"rendered":"Cerca de 250 corredores participaron de tercera corrida en Panquehue"},"content":{"rendered":"<p>&nbsp;<\/p>\n<figure id=\"attachment_43548\" aria-describedby=\"caption-attachment-43548\" style=\"width: 529px\" class=\"wp-caption alignnone\"><a href=\"https:\/\/i0.wp.com\/www.eltrabajo.cl\/portal\/wp-content\/uploads\/2014\/02\/corrida-panquehue.jpg\"><img data-recalc-dims=\"1\" loading=\"lazy\" decoding=\"async\" class=\"size-full wp-image-43548\" alt=\"Como todo un \u00e9xito debido a la alta convocatoria que concit\u00f3, fue considerada la tercera corrida de Panquehue por sus organizadores.\" src=\"https:\/\/i0.wp.com\/www.eltrabajo.cl\/portal\/wp-content\/uploads\/2014\/02\/corrida-panquehue.jpg?resize=529%2C342\" width=\"529\" height=\"342\" srcset=\"https:\/\/i0.wp.com\/eltrabajo.cl\/portal\/wp-content\/uploads\/2014\/02\/corrida-panquehue.jpg?w=529&amp;ssl=1 529w, https:\/\/i0.wp.com\/eltrabajo.cl\/portal\/wp-content\/uploads\/2014\/02\/corrida-panquehue.jpg?resize=200%2C129&amp;ssl=1 200w, https:\/\/i0.wp.com\/eltrabajo.cl\/portal\/wp-content\/uploads\/2014\/02\/corrida-panquehue.jpg?resize=300%2C193&amp;ssl=1 300w, https:\/\/i0.wp.com\/eltrabajo.cl\/portal\/wp-content\/uploads\/2014\/02\/corrida-panquehue.jpg?resize=150%2C96&amp;ssl=1 150w, https:\/\/i0.wp.com\/eltrabajo.cl\/portal\/wp-content\/uploads\/2014\/02\/corrida-panquehue.jpg?resize=400%2C258&amp;ssl=1 400w\" sizes=\"auto, (max-width: 529px) 100vw, 529px\" \/><\/a><figcaption id=\"caption-attachment-43548\" class=\"wp-caption-text\">Como todo un \u00e9xito debido a la alta convocatoria que concit\u00f3, fue considerada la tercera corrida de Panquehue por sus organizadores.<\/figcaption><\/figure>\n<p><strong>PANQUEHUE<\/strong>.- Luego de realizarse dos carreras en el mes de enero, el pasado domingo 23 de febrero, en Panquehue m\u00e1s de 250 corredores volvieron a llenar las distintas arterias para materializar la tercera corrida del per\u00edodo estival que tuvo como distancias 2 &#8211; 5 y 12 kil\u00f3metros.<\/p>\n<p>Los corredores llegaron desde las comunas de San Esteban, Los Andes, San Felipe, Llay-Llay, Quillota, La Calera, La Ligua y Santiago. A ello se agreg\u00f3 la participaci\u00f3n de funcionarios municipales y de la tercera edad, fue el caso de Robinson de la Fuente de 73 a\u00f1os, quien particip\u00f3 de los 12 kil\u00f3metros y tuvo palabras de agradecimiento para los organizadores de la corrida.<\/p>\n<p>\u00abFelicito a los organizadores por la extraordinaria corrida efectuada. Su perfecta organizaci\u00f3n. El excelente recorrido y la magn\u00edfica atenci\u00f3n de todo su equipo de trabajo, que dispensamos los corredores. Tambi\u00e9n hago extensivo el reconocimiento al se\u00f1or Alcalde, por la excelente iniciativa de realizar tal evento deportivo\u00bb, precis\u00f3 el corredor.<\/p>\n<p>S\u00f3lo en la categor\u00eda S\u00e9nior B Varones, que significa la participaci\u00f3n de corredores de m\u00e1s de 50 a\u00f1os, se inscribieron m\u00e1s de 25 corredores.<\/p>\n<p>El Alcalde Luis Pradenas coment\u00f3 que \u00abuna vez m\u00e1s salimos airosos de una nueva corrida. En conjunto con el Gobierno Regional se han logrado los recursos. La gente ha disfrutado la carrera y la idea es continuar realizando este tipo de actividades para la comuna. Tambi\u00e9n felicito a los profesores Vladimir Morales y Sebasti\u00e1n Astudillo, quienes han trabajado incansablemente por realizar estos eventos\u00bb.<\/p>\n<p>El edil tambi\u00e9n anticip\u00f3 que las carreras continuar\u00e1n en la comuna. \u00abLa idea es en el mes de septiembre efectuar una nueva corrida, pero con una mayor distancia que ser\u00eda de 21 kil\u00f3metros\u00bb.<\/p>\n<p><strong>Ganadores de las categor\u00edas<\/strong><\/p>\n<p>2K: Nicol\u00e1s Maldonado, Alonso Reyes, Martina Vicencio (con s\u00f3lo 8 a\u00f1os).<\/p>\n<p>5K Juvenil Damas: Crishna Aranda, Yoselyn Rojas, Escarlet Ferrada.<\/p>\n<p>Juvenil Varones: Benjam\u00edn Flores, Gaspar Maturana, Nicol\u00e1s Pinilla.<\/p>\n<p>Adulto A Damas: Carolina Ortiz, Kimmverley Espinoza, Julia C\u00e9sped.<\/p>\n<p>Adulto A Varones: Oscar Melo, Sergio Arias, Franco Arancibia.<\/p>\n<p>Adulto B Damas: Carmen Lucero, Diane Ibaceta, Mariela Maldonado.<\/p>\n<p>Adulta B Varones: Ernesto Macfarland, Oscar Gatica, Sergio Vicencio.<\/p>\n<p>Ganador S\u00e9nior A Damas: Alicia Matamala.<\/p>\n<p>Ganador S\u00e9nior A Varones: Carlos Delso.<\/p>\n<p>Ganador S\u00e9nior B Varones: James Tencher, C\u00e9sar Covarrubias.<\/p>\n<p>12K Juvenil Varones: Mat\u00edas Navia, Felipe Ar\u00e9valo, Crist\u00f3bal Pizarro.<\/p>\n<p>Adulto A Dama: Karen Rivera, Carla Cabrera, Alejandra Aldunce.<\/p>\n<p>Adulto A Varones: Armando Villegas, Jorge C\u00e1rdenas, Jos\u00e9 Urtubia.<\/p>\n<p>Adulto B Damas: Silvana Estay.<\/p>\n<p>Adulto B Varones: Gonzalo Abarca, Paul Vera, Camilo Pizarro.<\/p>\n<p>S\u00e9nior A Damas: Martina Chamorro, Yasna Mena, Rosa Parra.<\/p>\n<p>S\u00e9nior A Varones: Mauro Villagr\u00e1n, Hugo Gonz\u00e1lez, Juan Pablo Clavero.<\/p>\n<p>S\u00e9nior B Varones: Fredy Far\u00edas, Mario Vargas, Carlos Tapia.<\/p>\n<p>&nbsp;<\/p>\n","protected":false},"excerpt":{"rendered":"<p>&nbsp; PANQUEHUE.- Luego de realizarse dos carreras en el mes de enero, el pasado domingo 23 de febrero, en Panquehue m\u00e1s de 250 corredores volvieron a llenar las distintas arterias para materializar&#8230;<\/p>\n","protected":false},"author":482,"featured_media":43548,"comment_status":"open","ping_status":"closed","sticky":false,"template":"","format":"standard","meta":{"advanced_seo_description":"","jetpack_seo_html_title":"","jetpack_seo_noindex":false,"_jetpack_memberships_contains_paid_content":false,"footnotes":""},"categories":[15],"tags":[],"class_list":["post-43547","post","type-post","status-publish","format-standard","has-post-thumbnail","hentry","category-comunidad"],"jetpack_featured_media_url":"https:\/\/i0.wp.com\/eltrabajo.cl\/portal\/wp-content\/uploads\/2014\/02\/corrida-panquehue.jpg?fit=529%2C342&ssl=1","jetpack_sharing_enabled":true,"jetpack_likes_enabled":true,"jetpack-related-posts":[],"_links":{"self":[{"href":"https:\/\/eltrabajo.cl\/portal\/wp-json\/wp\/v2\/posts\/43547","targetHints":{"allow":["GET"]}}],"collection":[{"href":"https:\/\/eltrabajo.cl\/portal\/wp-json\/wp\/v2\/posts"}],"about":[{"href":"https:\/\/eltrabajo.cl\/portal\/wp-json\/wp\/v2\/types\/post"}],"author":[{"embeddable":true,"href":"https:\/\/eltrabajo.cl\/portal\/wp-json\/wp\/v2\/users\/482"}],"replies":[{"embeddable":true,"href":"https:\/\/eltrabajo.cl\/portal\/wp-json\/wp\/v2\/comments?post=43547"}],"version-history":[{"count":0,"href":"https:\/\/eltrabajo.cl\/portal\/wp-json\/wp\/v2\/posts\/43547\/revisions"}],"wp:featuredmedia":[{"embeddable":true,"href":"https:\/\/eltrabajo.cl\/portal\/wp-json\/wp\/v2\/media\/43548"}],"wp:attachment":[{"href":"https:\/\/eltrabajo.cl\/portal\/wp-json\/wp\/v2\/media?parent=43547"}],"wp:term":[{"taxonomy":"category","embeddable":true,"href":"https:\/\/eltrabajo.cl\/portal\/wp-json\/wp\/v2\/categories?post=43547"},{"taxonomy":"post_tag","embeddable":true,"href":"https:\/\/eltrabajo.cl\/portal\/wp-json\/wp\/v2\/tags?post=43547"}],"curies":[{"name":"wp","href":"https:\/\/api.w.org\/{rel}","templated":true}]}}