{"id":43553,"date":"2014-02-25T10:37:04","date_gmt":"2014-02-25T13:37:04","guid":{"rendered":"http:\/\/www.eltrabajo.cl\/portal\/?p=43553"},"modified":"2014-02-25T10:37:04","modified_gmt":"2014-02-25T13:37:04","slug":"padres-optaron-por-ofertas-y-promociones-a-dias-de-iniciarse-el-ano-escolar","status":"publish","type":"post","link":"https:\/\/eltrabajo.cl\/portal\/padres-optaron-por-ofertas-y-promociones-a-dias-de-iniciarse-el-ano-escolar\/","title":{"rendered":"Padres optaron por ofertas y promociones a d\u00edas de iniciarse el a\u00f1o escolar"},"content":{"rendered":"<figure id=\"attachment_43554\" aria-describedby=\"caption-attachment-43554\" style=\"width: 529px\" class=\"wp-caption alignnone\"><a href=\"https:\/\/i0.wp.com\/www.eltrabajo.cl\/portal\/wp-content\/uploads\/2014\/02\/uniformes-1.jpg\"><img data-recalc-dims=\"1\" loading=\"lazy\" decoding=\"async\" class=\"size-full wp-image-43554\" alt=\"La se\u00f1ora Isabel Campos tiene a su hija en el colegio Assunta Pallotta que inicia clases este jueves, pero reci\u00e9n puede comprar su uniforme a dos d\u00edas del inicio del a\u00f1o escolar. Como ella muchos aconcag\u00fcinos salieron a \u00faltima hora en busca del mejor precio y calidad posible.\" src=\"https:\/\/i0.wp.com\/www.eltrabajo.cl\/portal\/wp-content\/uploads\/2014\/02\/uniformes-1.jpg?resize=529%2C401\" width=\"529\" height=\"401\" srcset=\"https:\/\/i0.wp.com\/eltrabajo.cl\/portal\/wp-content\/uploads\/2014\/02\/uniformes-1.jpg?w=529&amp;ssl=1 529w, https:\/\/i0.wp.com\/eltrabajo.cl\/portal\/wp-content\/uploads\/2014\/02\/uniformes-1.jpg?resize=197%2C150&amp;ssl=1 197w, https:\/\/i0.wp.com\/eltrabajo.cl\/portal\/wp-content\/uploads\/2014\/02\/uniformes-1.jpg?resize=300%2C227&amp;ssl=1 300w, https:\/\/i0.wp.com\/eltrabajo.cl\/portal\/wp-content\/uploads\/2014\/02\/uniformes-1.jpg?resize=150%2C113&amp;ssl=1 150w, https:\/\/i0.wp.com\/eltrabajo.cl\/portal\/wp-content\/uploads\/2014\/02\/uniformes-1.jpg?resize=400%2C303&amp;ssl=1 400w\" sizes=\"auto, (max-width: 529px) 100vw, 529px\" \/><\/a><figcaption id=\"caption-attachment-43554\" class=\"wp-caption-text\">La se\u00f1ora Isabel Campos tiene a su hija en el colegio Assunta Pallotta que inicia clases este jueves, pero reci\u00e9n puede comprar su uniforme a dos d\u00edas del inicio del a\u00f1o escolar. Como ella muchos aconcag\u00fcinos salieron a \u00faltima hora en busca del mejor precio y calidad posible.<\/figcaption><\/figure>\n<ul>\n<li><strong>Superintendencia de Educaci\u00f3n advirti\u00f3 que exigir marcas est\u00e1 prohibido.<\/strong><\/li>\n<\/ul>\n<p>Es cosa de caminar por las diferentes tiendas de ropa o calzado para encontrarse con la misma escena: cientos de padres luchando por encontrar la talla de zapato o uniforme apropiada para sus hijos a menos de una semana del inicio del a\u00f1o escolar.<\/p>\n<p>Las motivaciones son varias, mejores precios, \u00abno estresar a los ni\u00f1os\u00bb o simplemente por falta de dinero tras las vacaciones que suelen castigar el bolsillo.<\/p>\n<p>Diario El Trabajo sali\u00f3 a las calles y encontr\u00f3 a familias completas \u00abhaciendo fuerzas\u00bb por encontrar el mejor precio en alg\u00fan rinc\u00f3n de la tienda. \u00abPara qu\u00e9 estamos con cuentos \u2013se\u00f1ala Mario y Silvia de la familia Saavedra Garc\u00eda- estamos regateando. Con tarjeta encontramos el uniforme completo para el m\u00e1s chico por menos de diez mil pesos\u00bb, aunque reconocen que a los dos hijos m\u00e1s grandes no han podido encontrarle la calidad que requieren.<\/p>\n<p>En otra tienda encontramos a la se\u00f1ora Isabel Campos, que acompa\u00f1ada de sus hijos intenta encontrar la mejor talla y relaci\u00f3n precio-calidad para su hija que entra este jueves al colegio Assunta Pallotta.<\/p>\n<p>\u00abNosotros compramos un uniforme por mes\u00bb, asegurando que el presupuesto los lleva a separar los gastos a mitad de verano.<\/p>\n<p><strong>&#8211; \u00bfUsted tiene claro cu\u00e1les son las cosas que el establecimiento no les puede exigir?<\/strong><\/p>\n<p>&#8211; \u00abYo s\u00e9 que no nos pueden obligar ropa o \u00fatiles de marca. Tambi\u00e9n que en la lista no pueden pedir pegamento en silicona\u00bb.<\/p>\n<p><strong>C\u00f3mo se preparan las tiendas<\/strong><\/p>\n<p>Las tiendas comerciales se preparan tanto o m\u00e1s que los padres para enfrentar la competencia por disputarse los clientes. En un recorrido por el centro de San Felipe encontramos tiendas que ofrecen cupones de sorteo, dulces y hasta disfraces para tentar a los m\u00e1s peque\u00f1os para atraer a sus propias marcas.<\/p>\n<p>Francisco Cruz es el jefe de ventas del local de Johnson\u2019s en San Felipe, y se\u00f1al\u00f3 a Diario El Trabajo que \u00ablas ventas y metas en comparaci\u00f3n con el a\u00f1o pasado andan m\u00e1s o menos iguales. Nosotros preparamos ofertas especiales que incluyan pack promocionales, bonos o tarjetas de descuento por volumen de compra y hasta algunos seguros para fidelizar la compra de uniformes\u00bb. Respecto de la prontitud con la que las familias se acercan a comprar los uniformes, Cruz se\u00f1al\u00f3 que siempre es m\u00e1s o menos a \u00faltima hora, siendo \u00abestos \u00faltimos cinco d\u00edas nuestro peak de ventas\u00bb en ese nicho, por lo que las tiendas contin\u00faan atrayendo a los rezagados padres.<\/p>\n<p><strong>Lo que dice el ministerio<\/strong><\/p>\n<p>Para la Superintendencia de Educaci\u00f3n el tema est\u00e1 zanjado desde hace rato: \u00abno se puede obligar al uso de un determinado uniforme a menos que exista consenso absoluto entre los apoderados, el Centro de Alumnos y la direcci\u00f3n del colegio\u00bb, eso al menos es lo que nos explica a trav\u00e9s de la l\u00ednea telef\u00f3nica el Superintendente de Educaci\u00f3n, Manuel Jos\u00e9 Casanueva.<\/p>\n<p>\u00abNosotros enviamos un instructivo (N\u00b085) en el que dejamos muy claro que los establecimientos educacionales, con el acuerdo del centro de padres, del consejo de profesores y previa consulta al centro de alumnos, pueden establecer el uso obligatorio del uniforme escolar, y que siempre se le dar\u00e1 preferencia a la tradicional vestimenta que cualquier apoderado pueda encontrar en tiendas o supermercados\u00bb.<\/p>\n<p>En el caso de las mujeres: Jumper de color azul, blusa camisera blanca de manga corta o larga, zapatos negros, calcetines azules, parka, abrigo o chaleco azul, pantal\u00f3n azul de corte recto si las condiciones clim\u00e1ticas lo hacen aconsejable.<\/p>\n<p>En el caso de los alumnos: Vest\u00f3n de color azul piedra, pantal\u00f3n de color gris, zapatos negros, camisa de color blanco o celeste, corbata, parka, abrigo o chaleco azul.<\/p>\n<p>En el citado instructivo se se\u00f1ala que \u00abcon la aprobaci\u00f3n del centro de padres, profesores y alumnos, el director podr\u00e1 establecer el uso de un uniforme escolar distinto al anterior, siempre que \u00e9ste sea econ\u00f3mico y no costoso\u00bb.<\/p>\n<p>Casanueva explica que el uso del uniforme escolar diferente al recomendado deber\u00e1 adoptarse y comunicarse a todos los padres y apoderados a m\u00e1s tardar el mes de marzo. El alumno tendr\u00e1 120 d\u00edas desde que se notifica para usar el uniforme establecido por el colegio. Al cabo de este per\u00edodo, si no ha cumplido, el colegio puede establecer sanciones.<\/p>\n<p>El superintendente es tajante en aclarar que \u00abel director del establecimiento tiene la facultad de eximir del uso obligatorio del uniforme en casos excepcionales. Pero nunca se puede prohibir el ingreso de un alumno al establecimiento por no cumplir con el uniforme escolar, y las normas sobre su uso deben estar incorporadas en el reglamento interno\u00bb.<\/p>\n<p>\u00abLos establecimientos no deben obligar o inducir la compra de determinadas marcas de \u00fatiles o adquirir las listas en determinadas empresas o locales comerciales. S\u00f3lo en forma excepcional, cuando existan razones de car\u00e1cter pedag\u00f3gico, sanitario o de otro orden debidamente acreditables, los profesores o colegios pueden recomendar (nunca obligar) determinadas marcas de productos en las listas de \u00fatiles\u00bb.<\/p>\n<p>Finalmente el Superintendente de Educaci\u00f3n se\u00f1al\u00f3 a Diario El Trabajo que \u00aben el caso de incumplimiento de alguna de estas normas, los afectados pueden hacer la denuncia al Sernac o en la Superintendencia de Educaci\u00f3n Escolar a trav\u00e9s del sitio web www.supereduc.cl\u00bb<\/p>\n<div class=\"tiled-gallery type-rectangular tiled-gallery-unresized\" data-original-width=\"640\" data-carousel-extra='null' itemscope itemtype=\"http:\/\/schema.org\/ImageGallery\" > <div class=\"gallery-row\" style=\"width: 640px; height: 317px;\" data-original-width=\"640\" data-original-height=\"317\" > <div class=\"gallery-group images-1\" style=\"width: 406px; height: 317px;\" data-original-width=\"406\" data-original-height=\"317\" > <div class=\"tiled-gallery-item tiled-gallery-item-large\" itemprop=\"associatedMedia\" itemscope itemtype=\"http:\/\/schema.org\/ImageObject\"> <a href=\"https:\/\/eltrabajo.cl\/portal\/padres-optaron-por-ofertas-y-promociones-a-dias-de-iniciarse-el-ano-escolar\/uniformes-2\/\" border=\"0\" itemprop=\"url\"> <meta itemprop=\"width\" content=\"402\"> <meta itemprop=\"height\" content=\"313\"> <img decoding=\"async\" class=\"\" data-attachment-id=\"43557\" data-orig-file=\"https:\/\/eltrabajo.cl\/portal\/wp-content\/uploads\/2014\/02\/uniformes-2.jpg\" data-orig-size=\"528,410\" data-comments-opened=\"1\" data-image-meta=\"{&quot;aperture&quot;:&quot;0&quot;,&quot;credit&quot;:&quot;&quot;,&quot;camera&quot;:&quot;LG-P708g&quot;,&quot;caption&quot;:&quot;&quot;,&quot;created_timestamp&quot;:&quot;1039348800&quot;,&quot;copyright&quot;:&quot;&quot;,&quot;focal_length&quot;:&quot;4.31&quot;,&quot;iso&quot;:&quot;291&quot;,&quot;shutter_speed&quot;:&quot;0.02&quot;,&quot;title&quot;:&quot;&quot;}\" data-image-title=\"uniformes 2\" data-image-description=\"&lt;p&gt;Resignados, padres y estudiantes tuvieron que hacer un alto en las vacaciones para buscar la mejor talla y calidad en sus uniformes. Aunque para los m\u00e1s chicos el look tambi\u00e9n importa.&lt;\/p&gt; \" data-medium-file=\"https:\/\/i0.wp.com\/eltrabajo.cl\/portal\/wp-content\/uploads\/2014\/02\/uniformes-2.jpg?fit=300%2C232&#038;ssl=1\" data-large-file=\"https:\/\/i0.wp.com\/eltrabajo.cl\/portal\/wp-content\/uploads\/2014\/02\/uniformes-2.jpg?fit=528%2C410&#038;ssl=1\" src=\"https:\/\/i0.wp.com\/eltrabajo.cl\/portal\/wp-content\/uploads\/2014\/02\/uniformes-2.jpg?w=402&#038;h=313&#038;ssl=1\" srcset=\"https:\/\/i0.wp.com\/eltrabajo.cl\/portal\/wp-content\/uploads\/2014\/02\/uniformes-2.jpg?w=528&amp;ssl=1 528w, https:\/\/i0.wp.com\/eltrabajo.cl\/portal\/wp-content\/uploads\/2014\/02\/uniformes-2.jpg?resize=193%2C150&amp;ssl=1 193w, https:\/\/i0.wp.com\/eltrabajo.cl\/portal\/wp-content\/uploads\/2014\/02\/uniformes-2.jpg?resize=150%2C116&amp;ssl=1 150w, https:\/\/i0.wp.com\/eltrabajo.cl\/portal\/wp-content\/uploads\/2014\/02\/uniformes-2.jpg?resize=400%2C310&amp;ssl=1 400w\" width=\"402\" height=\"313\" loading=\"lazy\" data-original-width=\"402\" data-original-height=\"313\" itemprop=\"http:\/\/schema.org\/image\" title=\"uniformes 2\" alt=\"Resignados, padres y estudiantes tuvieron que hacer un alto en las vacaciones para buscar la mejor talla y calidad en sus uniformes. Aunque para los m\u00e1s chicos el look tambi\u00e9n importa.\" style=\"width: 402px; height: 313px;\" \/> <\/a> <div class=\"tiled-gallery-caption\" itemprop=\"caption description\"> Resignados, padres y estudiantes tuvieron que hacer un alto en las vacaciones para buscar la mejor talla y calidad en sus uniformes. Aunque para los m\u00e1s chicos el look tambi\u00e9n importa. <\/div> <\/div> <\/div> <!-- close group --> <div class=\"gallery-group images-2\" style=\"width: 234px; height: 317px;\" data-original-width=\"234\" data-original-height=\"317\" > <div class=\"tiled-gallery-item tiled-gallery-item-small\" itemprop=\"associatedMedia\" itemscope itemtype=\"http:\/\/schema.org\/ImageObject\"> <a href=\"https:\/\/eltrabajo.cl\/portal\/padres-optaron-por-ofertas-y-promociones-a-dias-de-iniciarse-el-ano-escolar\/uniformes-4\/\" border=\"0\" itemprop=\"url\"> <meta itemprop=\"width\" content=\"230\"> <meta itemprop=\"height\" content=\"156\"> <img decoding=\"async\" class=\"\" data-attachment-id=\"43556\" data-orig-file=\"https:\/\/eltrabajo.cl\/portal\/wp-content\/uploads\/2014\/02\/uniformes-4.jpg\" data-orig-size=\"529,358\" data-comments-opened=\"1\" data-image-meta=\"{&quot;aperture&quot;:&quot;0&quot;,&quot;credit&quot;:&quot;&quot;,&quot;camera&quot;:&quot;&quot;,&quot;caption&quot;:&quot;&quot;,&quot;created_timestamp&quot;:&quot;0&quot;,&quot;copyright&quot;:&quot;&quot;,&quot;focal_length&quot;:&quot;0&quot;,&quot;iso&quot;:&quot;0&quot;,&quot;shutter_speed&quot;:&quot;0&quot;,&quot;title&quot;:&quot;&quot;}\" data-image-title=\"uniformes 4\" data-image-description=\"\" data-medium-file=\"https:\/\/i0.wp.com\/eltrabajo.cl\/portal\/wp-content\/uploads\/2014\/02\/uniformes-4.jpg?fit=300%2C203&#038;ssl=1\" data-large-file=\"https:\/\/i0.wp.com\/eltrabajo.cl\/portal\/wp-content\/uploads\/2014\/02\/uniformes-4.jpg?fit=529%2C358&#038;ssl=1\" src=\"https:\/\/i0.wp.com\/eltrabajo.cl\/portal\/wp-content\/uploads\/2014\/02\/uniformes-4.jpg?w=230&#038;h=156&#038;ssl=1\" srcset=\"https:\/\/i0.wp.com\/eltrabajo.cl\/portal\/wp-content\/uploads\/2014\/02\/uniformes-4.jpg?w=529&amp;ssl=1 529w, https:\/\/i0.wp.com\/eltrabajo.cl\/portal\/wp-content\/uploads\/2014\/02\/uniformes-4.jpg?resize=200%2C135&amp;ssl=1 200w, https:\/\/i0.wp.com\/eltrabajo.cl\/portal\/wp-content\/uploads\/2014\/02\/uniformes-4.jpg?resize=300%2C203&amp;ssl=1 300w, https:\/\/i0.wp.com\/eltrabajo.cl\/portal\/wp-content\/uploads\/2014\/02\/uniformes-4.jpg?resize=150%2C101&amp;ssl=1 150w, https:\/\/i0.wp.com\/eltrabajo.cl\/portal\/wp-content\/uploads\/2014\/02\/uniformes-4.jpg?resize=400%2C270&amp;ssl=1 400w\" width=\"230\" height=\"156\" loading=\"lazy\" data-original-width=\"230\" data-original-height=\"156\" itemprop=\"http:\/\/schema.org\/image\" title=\"uniformes 4\" alt=\"uniformes 4\" style=\"width: 230px; height: 156px;\" \/> <\/a> <\/div> <div class=\"tiled-gallery-item tiled-gallery-item-small\" itemprop=\"associatedMedia\" itemscope itemtype=\"http:\/\/schema.org\/ImageObject\"> <a href=\"https:\/\/eltrabajo.cl\/portal\/padres-optaron-por-ofertas-y-promociones-a-dias-de-iniciarse-el-ano-escolar\/venta-uniformes-escolares\/\" border=\"0\" itemprop=\"url\"> <meta itemprop=\"width\" content=\"230\"> <meta itemprop=\"height\" content=\"153\"> <img decoding=\"async\" class=\"\" data-attachment-id=\"43555\" data-orig-file=\"https:\/\/eltrabajo.cl\/portal\/wp-content\/uploads\/2014\/02\/uniformes-3.jpg\" data-orig-size=\"529,353\" data-comments-opened=\"1\" data-image-meta=\"{&quot;aperture&quot;:&quot;0&quot;,&quot;credit&quot;:&quot;ANDRES PEREZ&quot;,&quot;camera&quot;:&quot;&quot;,&quot;caption&quot;:&quot;15\\\/02\\\/2005\\nVenta de uniformes escolares en el centro de Santiago VENTA UNIFORMES10&quot;,&quot;created_timestamp&quot;:&quot;1108431952&quot;,&quot;copyright&quot;:&quot;COPESA\\\/LA TERCERA&quot;,&quot;focal_length&quot;:&quot;0&quot;,&quot;iso&quot;:&quot;0&quot;,&quot;shutter_speed&quot;:&quot;0&quot;,&quot;title&quot;:&quot;VENTA UNIFORMES ESCOLARES&quot;}\" data-image-title=\"VENTA UNIFORMES ESCOLARES\" data-image-description=\"&lt;p&gt;15\/02\/2005&lt;br \/&gt; Venta de uniformes escolares en el centro de Santiago VENTA UNIFORMES10&lt;\/p&gt; \" data-medium-file=\"https:\/\/i0.wp.com\/eltrabajo.cl\/portal\/wp-content\/uploads\/2014\/02\/uniformes-3.jpg?fit=300%2C200&#038;ssl=1\" data-large-file=\"https:\/\/i0.wp.com\/eltrabajo.cl\/portal\/wp-content\/uploads\/2014\/02\/uniformes-3.jpg?fit=529%2C353&#038;ssl=1\" src=\"https:\/\/i0.wp.com\/eltrabajo.cl\/portal\/wp-content\/uploads\/2014\/02\/uniformes-3.jpg?w=230&#038;h=153&#038;ssl=1\" srcset=\"https:\/\/i0.wp.com\/eltrabajo.cl\/portal\/wp-content\/uploads\/2014\/02\/uniformes-3.jpg?w=529&amp;ssl=1 529w, https:\/\/i0.wp.com\/eltrabajo.cl\/portal\/wp-content\/uploads\/2014\/02\/uniformes-3.jpg?resize=200%2C133&amp;ssl=1 200w, https:\/\/i0.wp.com\/eltrabajo.cl\/portal\/wp-content\/uploads\/2014\/02\/uniformes-3.jpg?resize=300%2C200&amp;ssl=1 300w, https:\/\/i0.wp.com\/eltrabajo.cl\/portal\/wp-content\/uploads\/2014\/02\/uniformes-3.jpg?resize=150%2C100&amp;ssl=1 150w, https:\/\/i0.wp.com\/eltrabajo.cl\/portal\/wp-content\/uploads\/2014\/02\/uniformes-3.jpg?resize=400%2C266&amp;ssl=1 400w\" width=\"230\" height=\"153\" loading=\"lazy\" data-original-width=\"230\" data-original-height=\"153\" itemprop=\"http:\/\/schema.org\/image\" title=\"VENTA UNIFORMES ESCOLARES\" alt=\"VENTA UNIFORMES ESCOLARES\" style=\"width: 230px; height: 153px;\" \/> <\/a> <\/div> <\/div> <!-- close group --> <\/div> <!-- close row --> <\/div>\n","protected":false},"excerpt":{"rendered":"<p>Superintendencia de Educaci\u00f3n advirti\u00f3 que exigir marcas est\u00e1 prohibido. Es cosa de caminar por las diferentes tiendas de ropa o calzado para encontrarse con la misma escena: cientos de padres luchando por&#8230;<\/p>\n","protected":false},"author":482,"featured_media":43554,"comment_status":"open","ping_status":"closed","sticky":false,"template":"","format":"standard","meta":{"advanced_seo_description":"","jetpack_seo_html_title":"","jetpack_seo_noindex":false,"_jetpack_memberships_contains_paid_content":false,"footnotes":""},"categories":[15],"tags":[],"class_list":["post-43553","post","type-post","status-publish","format-standard","has-post-thumbnail","hentry","category-comunidad"],"jetpack_featured_media_url":"https:\/\/i0.wp.com\/eltrabajo.cl\/portal\/wp-content\/uploads\/2014\/02\/uniformes-1.jpg?fit=529%2C401&ssl=1","jetpack_sharing_enabled":true,"jetpack_likes_enabled":true,"jetpack-related-posts":[],"_links":{"self":[{"href":"https:\/\/eltrabajo.cl\/portal\/wp-json\/wp\/v2\/posts\/43553","targetHints":{"allow":["GET"]}}],"collection":[{"href":"https:\/\/eltrabajo.cl\/portal\/wp-json\/wp\/v2\/posts"}],"about":[{"href":"https:\/\/eltrabajo.cl\/portal\/wp-json\/wp\/v2\/types\/post"}],"author":[{"embeddable":true,"href":"https:\/\/eltrabajo.cl\/portal\/wp-json\/wp\/v2\/users\/482"}],"replies":[{"embeddable":true,"href":"https:\/\/eltrabajo.cl\/portal\/wp-json\/wp\/v2\/comments?post=43553"}],"version-history":[{"count":0,"href":"https:\/\/eltrabajo.cl\/portal\/wp-json\/wp\/v2\/posts\/43553\/revisions"}],"wp:featuredmedia":[{"embeddable":true,"href":"https:\/\/eltrabajo.cl\/portal\/wp-json\/wp\/v2\/media\/43554"}],"wp:attachment":[{"href":"https:\/\/eltrabajo.cl\/portal\/wp-json\/wp\/v2\/media?parent=43553"}],"wp:term":[{"taxonomy":"category","embeddable":true,"href":"https:\/\/eltrabajo.cl\/portal\/wp-json\/wp\/v2\/categories?post=43553"},{"taxonomy":"post_tag","embeddable":true,"href":"https:\/\/eltrabajo.cl\/portal\/wp-json\/wp\/v2\/tags?post=43553"}],"curies":[{"name":"wp","href":"https:\/\/api.w.org\/{rel}","templated":true}]}}