{"id":43561,"date":"2014-02-25T10:41:53","date_gmt":"2014-02-25T13:41:53","guid":{"rendered":"http:\/\/www.eltrabajo.cl\/portal\/?p=43561"},"modified":"2014-02-25T10:41:53","modified_gmt":"2014-02-25T13:41:53","slug":"cientificos-conocieron-santuario-de-los-cipreses-y-sus-milenarias-especies","status":"publish","type":"post","link":"https:\/\/eltrabajo.cl\/portal\/cientificos-conocieron-santuario-de-los-cipreses-y-sus-milenarias-especies\/","title":{"rendered":"Cient\u00edficos conocieron Santuario de los Cipreses y sus milenarias especies"},"content":{"rendered":"<figure id=\"attachment_43562\" aria-describedby=\"caption-attachment-43562\" style=\"width: 528px\" class=\"wp-caption alignnone\"><a href=\"https:\/\/i0.wp.com\/www.eltrabajo.cl\/portal\/wp-content\/uploads\/2014\/02\/expedicion-2.jpg\"><img data-recalc-dims=\"1\" loading=\"lazy\" decoding=\"async\" class=\"size-full wp-image-43562\" title=\"El grupo de cient\u00edficos y profesionales visitaron el Santuario de Los Cipreses, destacando que se trata de una de las reliquias vivas m\u00e1s antiguas del pa\u00eds. \" alt=\"El grupo de cient\u00edficos y profesionales visitaron el Santuario de Los Cipreses, destacando que se trata de una de las reliquias vivas m\u00e1s antiguas del pa\u00eds. \" src=\"https:\/\/i0.wp.com\/www.eltrabajo.cl\/portal\/wp-content\/uploads\/2014\/02\/expedicion-2.jpg?resize=528%2C261\" width=\"528\" height=\"261\" srcset=\"https:\/\/i0.wp.com\/eltrabajo.cl\/portal\/wp-content\/uploads\/2014\/02\/expedicion-2.jpg?w=528&amp;ssl=1 528w, https:\/\/i0.wp.com\/eltrabajo.cl\/portal\/wp-content\/uploads\/2014\/02\/expedicion-2.jpg?resize=200%2C98&amp;ssl=1 200w, https:\/\/i0.wp.com\/eltrabajo.cl\/portal\/wp-content\/uploads\/2014\/02\/expedicion-2.jpg?resize=300%2C148&amp;ssl=1 300w, https:\/\/i0.wp.com\/eltrabajo.cl\/portal\/wp-content\/uploads\/2014\/02\/expedicion-2.jpg?resize=150%2C74&amp;ssl=1 150w, https:\/\/i0.wp.com\/eltrabajo.cl\/portal\/wp-content\/uploads\/2014\/02\/expedicion-2.jpg?resize=400%2C197&amp;ssl=1 400w\" sizes=\"auto, (max-width: 528px) 100vw, 528px\" \/><\/a><figcaption id=\"caption-attachment-43562\" class=\"wp-caption-text\">El grupo de cient\u00edficos y profesionales visitaron el Santuario de Los Cipreses, destacando que se trata de una de las reliquias vivas m\u00e1s antiguas del pa\u00eds.<\/figcaption><\/figure>\n<p>Una visita al Santuario de Los Cipreses realiz\u00f3 en horas de la ma\u00f1ana de este s\u00e1bado 22 de febrero, un grupo de cient\u00edficos y profesionales para conocer este sector del valle que re\u00fane una gran cantidad de estas especies.<\/p>\n<p>En la actividad participaron cient\u00edficos y profesionales de las m\u00e1s diversas \u00e1reas, entre ellos el Decano de la Facultad de Ciencias Veterinarias y Pecuarias de la Universidad de Chile, Santiago Urcelay, quienes compartieron el recorrido que comenz\u00f3 pasadas las ocho de la ma\u00f1ana y culmin\u00f3 cerca de las 18 horas, luego de una traves\u00eda agotadora pero muy interesante, seg\u00fan fue calificada por los participantes.<\/p>\n<figure id=\"attachment_43563\" aria-describedby=\"caption-attachment-43563\" style=\"width: 423px\" class=\"wp-caption alignright\"><a href=\"https:\/\/i0.wp.com\/www.eltrabajo.cl\/portal\/wp-content\/uploads\/2014\/02\/expedicion-1.jpg\"><img data-recalc-dims=\"1\" loading=\"lazy\" decoding=\"async\" class=\" wp-image-43563 \" alt=\"\u00c1rboles de dos mil a\u00f1os, la edad de Jesucristo, se pueden encontrar en la Serran\u00eda del Cipr\u00e9s.\" src=\"https:\/\/i0.wp.com\/www.eltrabajo.cl\/portal\/wp-content\/uploads\/2014\/02\/expedicion-1.jpg?resize=423%2C244\" width=\"423\" height=\"244\" srcset=\"https:\/\/i0.wp.com\/eltrabajo.cl\/portal\/wp-content\/uploads\/2014\/02\/expedicion-1.jpg?w=529&amp;ssl=1 529w, https:\/\/i0.wp.com\/eltrabajo.cl\/portal\/wp-content\/uploads\/2014\/02\/expedicion-1.jpg?resize=200%2C115&amp;ssl=1 200w, https:\/\/i0.wp.com\/eltrabajo.cl\/portal\/wp-content\/uploads\/2014\/02\/expedicion-1.jpg?resize=300%2C172&amp;ssl=1 300w, https:\/\/i0.wp.com\/eltrabajo.cl\/portal\/wp-content\/uploads\/2014\/02\/expedicion-1.jpg?resize=150%2C86&amp;ssl=1 150w, https:\/\/i0.wp.com\/eltrabajo.cl\/portal\/wp-content\/uploads\/2014\/02\/expedicion-1.jpg?resize=400%2C230&amp;ssl=1 400w\" sizes=\"auto, (max-width: 423px) 100vw, 423px\" \/><\/a><figcaption id=\"caption-attachment-43563\" class=\"wp-caption-text\">\u00c1rboles de dos mil a\u00f1os, la edad de Jesucristo, se pueden encontrar en la Serran\u00eda del Cipr\u00e9s.<\/figcaption><\/figure>\n<p>\u201cUnos amigos me invitaron a ver una cosa interesante y siempre estoy preocupado en lo interesante, de las cosas que pueden servir para hacer mejor la Universidad y el pa\u00eds y esto es de las cosas m\u00e1s interesantes que he visto los \u00faltimos a\u00f1os, una realidad natural que tiene 2 mil a\u00f1os y lo tenemos aqu\u00ed y es responsabilidad nuestra. Creo que hay que saber que nosotros tenemos un futuro para nuestros hijos, que podemos aportar al mundo porque esto es \u00fanico en el mundo, que gente de fuera del pa\u00eds puedan venir a ver esta belleza. Hace 2 mil a\u00f1os estaba naciendo un se\u00f1or que se llama Jesucristo y estos arbolitos ya estaban, acerquemos m\u00e1s a las comunidades y as\u00ed podamos hacer conservaci\u00f3n, turismo y un alcance mundial de esta riqueza que tienen ustedes aqu\u00ed\u201d, se\u00f1al\u00f3 Santiago Urcelay, Decano de la Facultad de Ciencias Veterinarias y Pecuarias de la Universidad de Chile.<\/p>\n<p>Algunos a caballo y otros caminando, los integrantes de la expedici\u00f3n subieron hasta la cima del santuario, ubicado a 2.300 metros de altura. Con 1800 a\u00f1os de existencia, en el lugar se ubican alrededor de 500 cipreses, especie arb\u00f3rea end\u00e9mica de los bosques subant\u00e1rticos, que subsiste en esta zona como una de las reliquias vivas m\u00e1s antiguas del pa\u00eds, los que a su alrededor tienen matorrales y delicadas flores silvestres.<\/p>\n<p>Declarado Santuario de la Naturaleza en el a\u00f1o 2006 por el Consejo de Monumentos Nacionales, el lugar es calificado como especial y de una belleza inigualable, por ello los integrantes de la Comunidad agr\u00edcola Serran\u00eda El Asiento se encuentran preocupados por la actividad minera que se realiza en el lugar, y que a su juicio podr\u00eda afectar el Santuario.<\/p>\n<p>\u201cEsta expedici\u00f3n ten\u00eda como objetivo conocer por parte de un grupo de cient\u00edficos y profesionales, nuestra comunidad y el valor patrimonial que tenemos en relaci\u00f3n al Austrocedrus chilensis, que est\u00e1 en la cumbre del cerro Tabaco y a partir de ello promover una defensa de nuestro patrimonio, particularmente ahora nos afecta la expansi\u00f3n de la minera Clarita y esto tiene directa relaci\u00f3n con la visita\u201d, dijo Jaime Vald\u00e9s, presidente de la Comunidad Agr\u00edcola.<\/p>\n<p>Actualmente distintas entidades se deben manifestar a prop\u00f3sito de la evaluaci\u00f3n de impacto ambiental que ha presentado la minera Clarita que propone ampliar sus tranques de relave, proceso en que tambi\u00e9n debe pronunciarse el municipio de San Felipe.<\/p>\n<p>\u201cNosotros como municipio hemos puesto principal \u00e9nfasis a la respuesta que hay que realizar como instituci\u00f3n respecto a la evaluaci\u00f3n ambiental que ha presentado la minera Clarita, que propone ampliar sus tranques de relave, eso al parecer significar\u00eda un impacto a la zona que est\u00e1 declarada por Monumentos Nacionales, que tiene que ver con los cipreses, unos 500 cipreses que est\u00e1n en esta zona y que est\u00e1n protegidos\u201d, se\u00f1al\u00f3 Patricio Gonz\u00e1lez, administrador municipal, quien se reuni\u00f3 con los integrantes de la expedici\u00f3n a la entrada del Santuario.<\/p>\n<p>Seg\u00fan se\u00f1al\u00f3 el administrador, para el municipio es importante responder de manera concreta esta evaluaci\u00f3n y que las pautas y exigencias que deben realizarse a la empresa que est\u00e1 realizando este proyecto, sean exhaustivas y concretas y que vayan en beneficio de preservar esta zona, que tiene un alto valor patrimonial.<\/p>\n<p>\u201cEl Alcalde Patricio Freire ha se\u00f1alado que se pueden liderar ciertos proyectos que permitan la conservaci\u00f3n y puesta en patrimonio de este sector, a trav\u00e9s de algunos fondos de Gobierno Regional y otros que se pueden buscar. Tambi\u00e9n es importante destacar que cuando la comunidad hace fuerza por mantener, mejorar y preservar un lugar como \u00e9ste, es un ejemplo para el resto de las comunas aleda\u00f1as, de la regi\u00f3n y del pa\u00eds y eso tiene que ver con reconocer los valores propios de la localidad y eso es un apoyo fundamental para poder destinar y generar cualquier proyecto que aqu\u00ed en este sector se realice\u201d, enfatiz\u00f3 Gonz\u00e1lez.<\/p>\n<p>&nbsp;<\/p>\n","protected":false},"excerpt":{"rendered":"<p>Una visita al Santuario de Los Cipreses realiz\u00f3 en horas de la ma\u00f1ana de este s\u00e1bado 22 de febrero, un grupo de cient\u00edficos y profesionales para conocer este sector del valle que&#8230;<\/p>\n","protected":false},"author":482,"featured_media":43562,"comment_status":"open","ping_status":"closed","sticky":false,"template":"","format":"standard","meta":{"advanced_seo_description":"","jetpack_seo_html_title":"","jetpack_seo_noindex":false,"_jetpack_memberships_contains_paid_content":false,"footnotes":""},"categories":[1],"tags":[],"class_list":["post-43561","post","type-post","status-publish","format-standard","has-post-thumbnail","hentry","category-cronica"],"jetpack_featured_media_url":"https:\/\/i0.wp.com\/eltrabajo.cl\/portal\/wp-content\/uploads\/2014\/02\/expedicion-2.jpg?fit=528%2C261&ssl=1","jetpack_sharing_enabled":true,"jetpack_likes_enabled":true,"jetpack-related-posts":[],"_links":{"self":[{"href":"https:\/\/eltrabajo.cl\/portal\/wp-json\/wp\/v2\/posts\/43561","targetHints":{"allow":["GET"]}}],"collection":[{"href":"https:\/\/eltrabajo.cl\/portal\/wp-json\/wp\/v2\/posts"}],"about":[{"href":"https:\/\/eltrabajo.cl\/portal\/wp-json\/wp\/v2\/types\/post"}],"author":[{"embeddable":true,"href":"https:\/\/eltrabajo.cl\/portal\/wp-json\/wp\/v2\/users\/482"}],"replies":[{"embeddable":true,"href":"https:\/\/eltrabajo.cl\/portal\/wp-json\/wp\/v2\/comments?post=43561"}],"version-history":[{"count":0,"href":"https:\/\/eltrabajo.cl\/portal\/wp-json\/wp\/v2\/posts\/43561\/revisions"}],"wp:featuredmedia":[{"embeddable":true,"href":"https:\/\/eltrabajo.cl\/portal\/wp-json\/wp\/v2\/media\/43562"}],"wp:attachment":[{"href":"https:\/\/eltrabajo.cl\/portal\/wp-json\/wp\/v2\/media?parent=43561"}],"wp:term":[{"taxonomy":"category","embeddable":true,"href":"https:\/\/eltrabajo.cl\/portal\/wp-json\/wp\/v2\/categories?post=43561"},{"taxonomy":"post_tag","embeddable":true,"href":"https:\/\/eltrabajo.cl\/portal\/wp-json\/wp\/v2\/tags?post=43561"}],"curies":[{"name":"wp","href":"https:\/\/api.w.org\/{rel}","templated":true}]}}