{"id":43567,"date":"2014-02-25T10:43:51","date_gmt":"2014-02-25T13:43:51","guid":{"rendered":"http:\/\/www.eltrabajo.cl\/portal\/?p=43567"},"modified":"2014-02-25T10:43:51","modified_gmt":"2014-02-25T13:43:51","slug":"alcalde-patricio-freire-inaugura-mejoramiento-de-plazoleta-de-el-tambo","status":"publish","type":"post","link":"https:\/\/eltrabajo.cl\/portal\/alcalde-patricio-freire-inaugura-mejoramiento-de-plazoleta-de-el-tambo\/","title":{"rendered":"Alcalde Patricio Freire inaugura mejoramiento de plazoleta de El Tambo"},"content":{"rendered":"<figure id=\"attachment_43568\" aria-describedby=\"caption-attachment-43568\" style=\"width: 528px\" class=\"wp-caption alignnone\"><a href=\"https:\/\/i0.wp.com\/www.eltrabajo.cl\/portal\/wp-content\/uploads\/2014\/02\/inauguracion.jpg\"><img data-recalc-dims=\"1\" loading=\"lazy\" decoding=\"async\" class=\"size-full wp-image-43568\" alt=\"El Alcalde Patricio Freire junto a los concejales Basilio Muena, Jeannette Sotomayor, Ricardo Covarrubias y Dante Rodr\u00edguez, en el tradicional corte de cinta que dio por inaugurada las obras en la plazoleta.\" src=\"https:\/\/i0.wp.com\/www.eltrabajo.cl\/portal\/wp-content\/uploads\/2014\/02\/inauguracion.jpg?resize=528%2C360\" width=\"528\" height=\"360\" srcset=\"https:\/\/i0.wp.com\/eltrabajo.cl\/portal\/wp-content\/uploads\/2014\/02\/inauguracion.jpg?w=528&amp;ssl=1 528w, https:\/\/i0.wp.com\/eltrabajo.cl\/portal\/wp-content\/uploads\/2014\/02\/inauguracion.jpg?resize=200%2C136&amp;ssl=1 200w, https:\/\/i0.wp.com\/eltrabajo.cl\/portal\/wp-content\/uploads\/2014\/02\/inauguracion.jpg?resize=300%2C204&amp;ssl=1 300w, https:\/\/i0.wp.com\/eltrabajo.cl\/portal\/wp-content\/uploads\/2014\/02\/inauguracion.jpg?resize=150%2C102&amp;ssl=1 150w, https:\/\/i0.wp.com\/eltrabajo.cl\/portal\/wp-content\/uploads\/2014\/02\/inauguracion.jpg?resize=400%2C272&amp;ssl=1 400w\" sizes=\"auto, (max-width: 528px) 100vw, 528px\" \/><\/a><figcaption id=\"caption-attachment-43568\" class=\"wp-caption-text\">El Alcalde Patricio Freire junto a los concejales Basilio Muena, Jeannette Sotomayor, Ricardo Covarrubias y Dante Rodr\u00edguez, en el tradicional corte de cinta que dio por inaugurada las obras en la plazoleta.<\/figcaption><\/figure>\n<p><span style=\"font-size: 13px;\">El jueves reci\u00e9n pasado el Alcalde Patricio Freire reinaugur\u00f3 la plazoleta del sector El Tambo de nuestra comuna, que contempl\u00f3 una serie de trabajos que ejecutaron los vecinos en conjunto con la Municipalidad de San Felipe.<\/span><\/p>\n<p>En el lugar se cambiaron las luminarias, se mejoraron los juegos infantiles y se instalaron bancas para que los vecinos puedan disfrutar del entorno.<\/p>\n<p>\u201cEsta es una labor de los vecinos en conjunto con el Municipio y estamos muy contentos porque los ni\u00f1os necesitaban un lugar de recreaci\u00f3n y los adultos mayores tambi\u00e9n\u201d, dijo el Alcalde Patricio Freire.<\/p>\n<p>El trabajo realizado ten\u00eda como objetivo rescatar un lugar p\u00fablico y que sea utilizado por los vecinos, para que sea una instancia de encuentro entre los residentes del sector.<\/p>\n<p>\u201cPara nosotros tiene un gran significado, esto ten\u00eda un gran deterioro y gracias al Alcalde Patricio Freire hemos logrado que la gente tenga su espacio, y la tercera edad y los ni\u00f1os tengan su espacio para entretenerse y en las tardes para venir a recrearse. Este era el lugar que nosotros quer\u00edamos, para que la gente se recree. Ha sido un espacio de reencuentro para la comunidad muy importante\u201d, dijo Jos\u00e9 Ledesma, presidente de la junta de vecinos, quien destac\u00f3 el trabajo en conjunto de los vecinos con el municipio.<\/p>\n<p>El proyecto demor\u00f3 alrededor de tres meses en ejecutarse, per\u00edodo durante el cual los vecinos destinaron parte de su tiempo para realizar los trabajos, por ello est\u00e1n comprometidos en cuidarlo y continuar mejor\u00e1ndolo.<\/p>\n<p>Y ese compromiso tambi\u00e9n viene de parte de los ni\u00f1os, que ahora cuentan con un lugar iluminado y seguro donde jugar.<\/p>\n<p>\u201cPara nosotros es algo muy lindo, porque antes los juegos no estaban pintados y ahora est\u00e1n pintados y hay juegos nuevos. Este sector hay que cuidarlo para el futuro, para que siga como est\u00e1 ahora o incuso m\u00e1s bonito\u201d, dijo Cody Chaparro.<\/p>\n<p>&nbsp;<\/p>\n","protected":false},"excerpt":{"rendered":"<p>El jueves reci\u00e9n pasado el Alcalde Patricio Freire reinaugur\u00f3 la plazoleta del sector El Tambo de nuestra comuna, que contempl\u00f3 una serie de trabajos que ejecutaron los vecinos en conjunto con la&#8230;<\/p>\n","protected":false},"author":482,"featured_media":43568,"comment_status":"open","ping_status":"closed","sticky":false,"template":"","format":"standard","meta":{"advanced_seo_description":"","jetpack_seo_html_title":"","jetpack_seo_noindex":false,"_jetpack_memberships_contains_paid_content":false,"footnotes":""},"categories":[1],"tags":[],"class_list":["post-43567","post","type-post","status-publish","format-standard","has-post-thumbnail","hentry","category-cronica"],"jetpack_featured_media_url":"https:\/\/i0.wp.com\/eltrabajo.cl\/portal\/wp-content\/uploads\/2014\/02\/inauguracion.jpg?fit=528%2C360&ssl=1","jetpack_sharing_enabled":true,"jetpack_likes_enabled":true,"jetpack-related-posts":[],"_links":{"self":[{"href":"https:\/\/eltrabajo.cl\/portal\/wp-json\/wp\/v2\/posts\/43567","targetHints":{"allow":["GET"]}}],"collection":[{"href":"https:\/\/eltrabajo.cl\/portal\/wp-json\/wp\/v2\/posts"}],"about":[{"href":"https:\/\/eltrabajo.cl\/portal\/wp-json\/wp\/v2\/types\/post"}],"author":[{"embeddable":true,"href":"https:\/\/eltrabajo.cl\/portal\/wp-json\/wp\/v2\/users\/482"}],"replies":[{"embeddable":true,"href":"https:\/\/eltrabajo.cl\/portal\/wp-json\/wp\/v2\/comments?post=43567"}],"version-history":[{"count":0,"href":"https:\/\/eltrabajo.cl\/portal\/wp-json\/wp\/v2\/posts\/43567\/revisions"}],"wp:featuredmedia":[{"embeddable":true,"href":"https:\/\/eltrabajo.cl\/portal\/wp-json\/wp\/v2\/media\/43568"}],"wp:attachment":[{"href":"https:\/\/eltrabajo.cl\/portal\/wp-json\/wp\/v2\/media?parent=43567"}],"wp:term":[{"taxonomy":"category","embeddable":true,"href":"https:\/\/eltrabajo.cl\/portal\/wp-json\/wp\/v2\/categories?post=43567"},{"taxonomy":"post_tag","embeddable":true,"href":"https:\/\/eltrabajo.cl\/portal\/wp-json\/wp\/v2\/tags?post=43567"}],"curies":[{"name":"wp","href":"https:\/\/api.w.org\/{rel}","templated":true}]}}